{"id":60314,"date":"2017-02-20T15:00:29","date_gmt":"2017-02-20T18:00:29","guid":{"rendered":"https:\/\/espacoecologico.com.br\/arquivo\/?p=60314"},"modified":"2017-02-20T11:24:49","modified_gmt":"2017-02-20T14:24:49","slug":"perda-de-paladar-e-olfato-pode-ser-sinal-de-doenca-fique-alerta","status":"publish","type":"post","link":"https:\/\/espacoecologico.com.br\/arquivo\/perda-de-paladar-e-olfato-pode-ser-sinal-de-doenca-fique-alerta\/","title":{"rendered":"Perda de paladar e olfato pode ser sinal de doen\u00e7a. Fique alerta!"},"content":{"rendered":"<p><span class=\"post-author author\"><span class=\"post-author-name\"> <a href=\"https:\/\/espacoecologico.com.br\/arquivo\/?attachment_id=60315\" rel=\"attachment wp-att-60315\"><img loading=\"lazy\" class=\"alignleft size-medium wp-image-60315\" src=\"https:\/\/espacoecologico.com.br\/arquivo\/wp-content\/uploads\/2017\/02\/paladar-300x192.jpg\" alt=\"\" width=\"300\" height=\"192\" srcset=\"https:\/\/espacoecologico.com.br\/arquivo\/wp-content\/uploads\/2017\/02\/paladar-300x192.jpg 300w, https:\/\/espacoecologico.com.br\/arquivo\/wp-content\/uploads\/2017\/02\/paladar.jpg 415w\" sizes=\"(max-width: 300px) 100vw, 300px\" \/><\/a>Lucas Moura*<\/span><\/span><\/p>\n<p>\u201cGostaria de saber se existe tratamento para a pessoa que est\u00e1 perdendo o paladar e o olfato?\u201d [Daniel Nascimento]<\/p>\n<p>Daniel, a perda do olfato, tamb\u00e9m \u00e9 chamada de <em>anosmia<\/em>. Ela pode ser tanto um problema independente ou um sintoma de outra complica\u00e7\u00e3o na sa\u00fade. Esse problema pode permanecer por pouco tempo, por exemplo, durante um resfriado, ou por tempo permanente. Sendo que ela pode ser parcial ou completa. A irrita\u00e7\u00e3o ou a destrui\u00e7\u00e3o das membranas mucosas que revestem o interior do nariz \u00e9 a causa da perda do olfato. E isso pode acontecer devido: sinusite aguda, resfriado comum, rinite al\u00e9rgica, gripe, rinite n\u00e3o al\u00e9rgica. Dentre as causas menos comuns est\u00e3o: deformidades \u00f3sseas dentro do nariz, p\u00f3lipos nasais, tumores.<\/p>\n<p>Danos no c\u00e9rebro ou nos nervos tamb\u00e9m podem ser a causa, j\u00e1 que o sistema olfativo cont\u00e9m receptores no revestimento da mucosa nasal que enviam informa\u00e7\u00f5es atrav\u00e9s dos nervos para o seu c\u00e9rebro. Ocorre a perda olfativa caso qualquer parte da via olfativa seja danificada ou destru\u00edda. As causas s\u00e3o: doen\u00e7a de Alzheimer, aneurisma cerebral, cirurgia cerebral, tumor cerebral, exposi\u00e7\u00f5es qu\u00edmicas a determinados inseticidas ou solventes, diabetes, desnutri\u00e7\u00e3o, doen\u00e7a de Parkinson, les\u00e3o na cabe\u00e7a, fumo, entre outras causas.<\/p>\n<p>A perda do olfato devido a resfriados, alergias e sinusites desaparecem por conta pr\u00f3pria. Caso isso n\u00e3o ocorra, \u00e9 importante procurar um especialista. O diagn\u00f3stico \u00e9 feito atrav\u00e9s de perguntas espec\u00edficas, raio-x do cr\u00e2nio, endoscopia nasal, resson\u00e2ncia magn\u00e9tica ou tomografia computadorizada no c\u00e9rebro, exame de sangue a fim de detectar alguma car\u00eancia vitam\u00ednica, teste para ver se a pessoa consegue sentir determinados odores.<\/p>\n<p>O tratamento vai depender da causa. Se a causa for, resfriado, gripe, alergia ou sinusite, ser\u00e1 passado: descongestionantes, anti-histam\u00ednicos, <em>sprays<\/em> nasais esteroides, antibi\u00f3ticos, conselho para reduzir a exposi\u00e7\u00e3o a subst\u00e2ncias que causam alergia e parar de fumar. Caso o problema esteja ocorrendo devido a uma obstru\u00e7\u00e3o da passagem nasal, o tratamento envolve cirurgia para retirar o que estiver levando a esta obstru\u00e7\u00e3o.<\/p>\n<p><a href=\"http:\/\/diariodebiologia.com\"><img loading=\"lazy\" class=\"aligncenter  wp-image-38465     lazyloaded\" src=\"https:\/\/i0.wp.com\/diariodebiologia.com\/wp-content\/uploads\/sites\/4\/2017\/02\/57437059.jpg?resize=700%2C350\" sizes=\"(max-width: 700px) 100vw, 700px\" srcset=\"https:\/\/i0.wp.com\/diariodebiologia.com\/wp-content\/uploads\/sites\/4\/2017\/02\/57437059.jpg?w=700 700w, https:\/\/i0.wp.com\/diariodebiologia.com\/wp-content\/uploads\/sites\/4\/2017\/02\/57437059.jpg?resize=300%2C150 300w\" alt=\"\" width=\"639\" height=\"320\" data-attachment-id=\"38465\" data-permalink=\"http:\/\/diariodebiologia.com\/2017\/02\/perda-de-paladar-e-olfato-pode-ser-sinal-de-doenca-fique-alerta\/attachment\/57437059\/\" data-orig-file=\"https:\/\/i0.wp.com\/diariodebiologia.com\/wp-content\/uploads\/sites\/4\/2017\/02\/57437059.jpg?fit=700%2C350\" data-orig-size=\"700,350\" data-comments-opened=\"1\" data-image-meta=\"{&quot;aperture&quot;:&quot;0&quot;,&quot;credit&quot;:&quot;&quot;,&quot;camera&quot;:&quot;&quot;,&quot;caption&quot;:&quot;&quot;,&quot;created_timestamp&quot;:&quot;0&quot;,&quot;copyright&quot;:&quot;(c) George Doyle&quot;,&quot;focal_length&quot;:&quot;0&quot;,&quot;iso&quot;:&quot;0&quot;,&quot;shutter_speed&quot;:&quot;0&quot;,&quot;title&quot;:&quot;&quot;,&quot;orientation&quot;:&quot;0&quot;}\" data-image-title=\"57437059\" data-image-description=\"\" data-medium-file=\"https:\/\/i0.wp.com\/diariodebiologia.com\/wp-content\/uploads\/sites\/4\/2017\/02\/57437059.jpg?fit=300%2C150\" data-large-file=\"https:\/\/i0.wp.com\/diariodebiologia.com\/wp-content\/uploads\/sites\/4\/2017\/02\/57437059.jpg?fit=700%2C350\" data-lazy-src=\"https:\/\/i0.wp.com\/diariodebiologia.com\/wp-content\/uploads\/sites\/4\/2017\/02\/57437059.jpg?resize=700%2C350\" data-lazy-srcset=\"https:\/\/i0.wp.com\/diariodebiologia.com\/wp-content\/uploads\/sites\/4\/2017\/02\/57437059.jpg?w=700 700w, https:\/\/i0.wp.com\/diariodebiologia.com\/wp-content\/uploads\/sites\/4\/2017\/02\/57437059.jpg?resize=300%2C150 300w\" data-lazy-sizes=\"(max-width: 700px) 100vw, 700px\" \/><\/a><\/p>\n<p>No caso do paladar, a sua perda, tamb\u00e9m \u00e9 chamada <em>disgeusia<\/em> e esse termo significa distor\u00e7\u00e3o ou diminui\u00e7\u00e3o do paladar. E isso pode implicar em pouca sensibilidade do paladar, at\u00e9 a perda completa. O mais comum \u00e9 a distor\u00e7\u00e3o do paladar, ou seja, paladar alterado ou sentir sempre gosto metalizado. \u00c9 mais rara a total perda do sentido do gosto.<\/p>\n<p>O paladar normalmente diminui depois dos 60 anos, sendo acometida primeiramente a altera\u00e7\u00e3o do salgado e doce. Outros fatores tamb\u00e9m podem influenciar na sensibilidade do paladar. S\u00e3o eles: infec\u00e7\u00f5es nas gl\u00e2ndulas salivares, resfriado, paralisia facial, infec\u00e7\u00e3o nasal, sinusite, faringite, fumo, defici\u00eancia de vitamina B12 ou zinco, uso de alguns medicamentos, como antitireodianos, captopril, griseofulvina, l\u00edtio, penicilina, procarbazina, rifampin.<\/p>\n<p>O diagn\u00f3stico \u00e9 feito atrav\u00e9s de perguntas espec\u00edficas ou exames mais complexos, como tomografia para avaliar poss\u00edveis altera\u00e7\u00f5es nos seios da face ou parte do c\u00e9rebro que controla o olfato. O tratamento n\u00e3o \u00e9 espec\u00edfico. Na verdade o que ser\u00e1 tratado \u00e9 a causa subjacente. Por isso a import\u00e2ncia de procurar um especialista o quanto antes.<\/p>\n<div class=\"section-heading extended clearfix \"><\/div>\n<p><a title=\"Browse Author Articles\" href=\"http:\/\/diariodebiologia.com\/author\/lucasmoura\/\"><span class=\"post-author-avatar\"><img loading=\"lazy\" class=\"avatar avatar-80 photo avatar-default     lazyloaded alignleft\" src=\"http:\/\/diariodebiologia.com\/wp-content\/uploads\/sites\/4\/2016\/05\/LucasMoura.jpg\" alt=\"\" width=\"80\" height=\"80\" data-lazy-src=\"http:\/\/diariodebiologia.com\/wp-content\/uploads\/sites\/4\/2016\/05\/LucasMoura.jpg\" \/><\/span><\/a><span class=\"h-title\">*Lucas Moura &#8211; <\/span>Bi\u00f3logo pela Universidade Severino Sombra. Escolheu Biologia, porque a vida merece ser estudada.<\/p>\n","protected":false},"excerpt":{"rendered":"<p>Lucas Moura* \u201cGostaria de saber se existe tratamento para a pessoa que est\u00e1 perdendo o<\/p>\n","protected":false},"author":6,"featured_media":60315,"comment_status":"open","ping_status":"open","sticky":false,"template":"","format":"standard","meta":[],"categories":[],"tags":[],"uagb_featured_image_src":{"full":["https:\/\/espacoecologico.com.br\/arquivo\/wp-content\/uploads\/2017\/02\/paladar.jpg",415,265,false],"thumbnail":["https:\/\/espacoecologico.com.br\/arquivo\/wp-content\/uploads\/2017\/02\/paladar-150x150.jpg",150,150,true],"medium":["https:\/\/espacoecologico.com.br\/arquivo\/wp-content\/uploads\/2017\/02\/paladar-300x192.jpg",300,192,true],"medium_large":["https:\/\/espacoecologico.com.br\/arquivo\/wp-content\/uploads\/2017\/02\/paladar.jpg",415,265,false],"large":["https:\/\/espacoecologico.com.br\/arquivo\/wp-content\/uploads\/2017\/02\/paladar.jpg",415,265,false],"1536x1536":["https:\/\/espacoecologico.com.br\/arquivo\/wp-content\/uploads\/2017\/02\/paladar.jpg",415,265,false],"2048x2048":["https:\/\/espacoecologico.com.br\/arquivo\/wp-content\/uploads\/2017\/02\/paladar.jpg",415,265,false],"cream-magazine-thumbnail-2":["https:\/\/espacoecologico.com.br\/arquivo\/wp-content\/uploads\/2017\/02\/paladar.jpg",415,265,false],"cream-magazine-thumbnail-3":["https:\/\/espacoecologico.com.br\/arquivo\/wp-content\/uploads\/2017\/02\/paladar.jpg",415,265,false],"cream-magazine-thumbnail-4":["https:\/\/espacoecologico.com.br\/arquivo\/wp-content\/uploads\/2017\/02\/paladar.jpg",415,265,false]},"uagb_author_info":{"display_name":"","author_link":"https:\/\/espacoecologico.com.br\/arquivo\/author\/"},"uagb_comment_info":0,"uagb_excerpt":"Lucas Moura* \u201cGostaria de saber se existe tratamento para a pessoa que est\u00e1 perdendo o","_links":{"self":[{"href":"https:\/\/espacoecologico.com.br\/arquivo\/wp-json\/wp\/v2\/posts\/60314"}],"collection":[{"href":"https:\/\/espacoecologico.com.br\/arquivo\/wp-json\/wp\/v2\/posts"}],"about":[{"href":"https:\/\/espacoecologico.com.br\/arquivo\/wp-json\/wp\/v2\/types\/post"}],"author":[{"embeddable":true,"href":"https:\/\/espacoecologico.com.br\/arquivo\/wp-json\/wp\/v2\/users\/6"}],"replies":[{"embeddable":true,"href":"https:\/\/espacoecologico.com.br\/arquivo\/wp-json\/wp\/v2\/comments?post=60314"}],"version-history":[{"count":0,"href":"https:\/\/espacoecologico.com.br\/arquivo\/wp-json\/wp\/v2\/posts\/60314\/revisions"}],"wp:featuredmedia":[{"embeddable":true,"href":"https:\/\/espacoecologico.com.br\/arquivo\/wp-json\/wp\/v2\/media\/60315"}],"wp:attachment":[{"href":"https:\/\/espacoecologico.com.br\/arquivo\/wp-json\/wp\/v2\/media?parent=60314"}],"wp:term":[{"taxonomy":"category","embeddable":true,"href":"https:\/\/espacoecologico.com.br\/arquivo\/wp-json\/wp\/v2\/categories?post=60314"},{"taxonomy":"post_tag","embeddable":true,"href":"https:\/\/espacoecologico.com.br\/arquivo\/wp-json\/wp\/v2\/tags?post=60314"}],"curies":[{"name":"wp","href":"https:\/\/api.w.org\/{rel}","templated":true}]}}