{"id":60309,"date":"2017-02-20T12:00:41","date_gmt":"2017-02-20T15:00:41","guid":{"rendered":"https:\/\/espacoecologico.com.br\/arquivo\/?p=60309"},"modified":"2017-02-20T11:16:06","modified_gmt":"2017-02-20T14:16:06","slug":"cientistas-garantem-que-estao-prestes-a-trazer-de-volta-o-tigre-persa-extinto-ha-40-anos","status":"publish","type":"post","link":"https:\/\/espacoecologico.com.br\/arquivo\/cientistas-garantem-que-estao-prestes-a-trazer-de-volta-o-tigre-persa-extinto-ha-40-anos\/","title":{"rendered":"Cientistas garantem que est\u00e3o prestes a trazer de volta o Tigre Persa, extinto h\u00e1 40 anos!"},"content":{"rendered":"<p><span class=\"post-author author\"><span class=\"post-author-name\"> <a href=\"https:\/\/espacoecologico.com.br\/arquivo\/?attachment_id=60310\" rel=\"attachment wp-att-60310\"><img loading=\"lazy\" class=\"alignleft size-medium wp-image-60310\" src=\"https:\/\/espacoecologico.com.br\/arquivo\/wp-content\/uploads\/2017\/02\/tigre_persa-300x192.jpg\" alt=\"\" width=\"300\" height=\"192\" srcset=\"https:\/\/espacoecologico.com.br\/arquivo\/wp-content\/uploads\/2017\/02\/tigre_persa-300x192.jpg 300w, https:\/\/espacoecologico.com.br\/arquivo\/wp-content\/uploads\/2017\/02\/tigre_persa.jpg 415w\" sizes=\"(max-width: 300px) 100vw, 300px\" \/><\/a><\/span><span class=\"post-author-name\">Karlla Patr\u00edcia*<\/span><a class=\"post-author-url\" href=\"http:\/\/diariodebiologia.com\/author\/karlla\/\"><span class=\"post-author-name\"><br \/>\n<\/span><\/a><\/span><\/p>\n<p>O tigre persa ou tigre-do-c\u00e1spio (<em>Panthera tigris virgata<\/em>), tamb\u00e9m chamado de tigre-persa, foi uma das 9 subesp\u00e9cies de tigre. Esta subesp\u00e9cie \u00e9 dada como extinta desde os anos 1960. De todas as 9 subesp\u00e9cies de tigre, essa era a terceira maior subesp\u00e9cie, perdendo apenas para o tigre-siberiano e o tigre-de-bengala. Al\u00e9m disso era o quarto maior felino existente, perdendo tamb\u00e9m para o le\u00e3o-do-atlas, com o qual convivia no coliseu romano.<\/p>\n<p>Infelizmente sua extin\u00e7\u00e3o iniciou\u00a0no momento em que a R\u00fassia colonizou o Turquest\u00e3o. Em um lapso de loucura, em meados do s\u00e9culo XIX, uma grande parte do habitat do tigre-do-c\u00e1spio foi anexado pelo Imp\u00e9rio Russo e este governo ordenou seu ex\u00e9rcito a acabar com todos os tigres encontrados. Depois de diversas mudan\u00e7as de ambiente, esta subesp\u00e9cie foi parar nas montanhas onde foi completamente extinto. Com o exterm\u00ednio dos animais, as florestas foram convertidas em terras de cultivo.<\/p>\n<p>Agora, os cientistas divulgaram que o antepassado comum das subesp\u00e9cies \u00a0Tigre Persa e o<strong>\u00a0<\/strong>Tigre Siberiano colonizou a \u00c1sia Central h\u00e1 cerca de 10 mil anos. Alguns tigres ficaram no Turquest\u00e3o e tornaram-se em Tigres do C\u00e1spio, enquanto que os restantes evolu\u00edram para o Tigre Siberiano. Com isso, um estudo realizado por estes especialistas e\u00a0<a href=\"http:\/\/www.sciencedirect.com\/science\/article\/pii\/S0006320716308151\" data-wpel-link=\"external\">publicado\u00a0<\/a>na revista\u00a0<em>Biological Conservation<\/em>, garante que o Tigre-do-C\u00e1spio poder\u00e1 renascer gra\u00e7as a esta outra subesp\u00e9cie de tigre encontrada na R\u00fassia.<\/p>\n<p><a href=\"http:\/\/diariodebiologia.com\/\"><img loading=\"lazy\" class=\"aligncenter  wp-image-38305     lazyloaded\" src=\"https:\/\/i2.wp.com\/diariodebiologia.com\/wp-content\/uploads\/sites\/4\/2017\/01\/174858.jpg?resize=700%2C350\" sizes=\"(max-width: 700px) 100vw, 700px\" srcset=\"https:\/\/i2.wp.com\/diariodebiologia.com\/wp-content\/uploads\/sites\/4\/2017\/01\/174858.jpg?w=700 700w, https:\/\/i2.wp.com\/diariodebiologia.com\/wp-content\/uploads\/sites\/4\/2017\/01\/174858.jpg?resize=300%2C150 300w\" alt=\"\" width=\"639\" height=\"320\" data-attachment-id=\"38305\" data-permalink=\"http:\/\/diariodebiologia.com\/2017\/01\/cientistas-garantem-que-estao-prestes-a-trazer-de-volta-o-tigre-persa-extinto-ha-40-anos\/attachment\/174858\/\" data-orig-file=\"https:\/\/i2.wp.com\/diariodebiologia.com\/wp-content\/uploads\/sites\/4\/2017\/01\/174858.jpg?fit=700%2C350\" data-orig-size=\"700,350\" data-comments-opened=\"1\" data-image-meta=\"{&quot;aperture&quot;:&quot;0&quot;,&quot;credit&quot;:&quot;&quot;,&quot;camera&quot;:&quot;&quot;,&quot;caption&quot;:&quot;&quot;,&quot;created_timestamp&quot;:&quot;0&quot;,&quot;copyright&quot;:&quot;&quot;,&quot;focal_length&quot;:&quot;0&quot;,&quot;iso&quot;:&quot;0&quot;,&quot;shutter_speed&quot;:&quot;0&quot;,&quot;title&quot;:&quot;&quot;,&quot;orientation&quot;:&quot;0&quot;}\" data-image-title=\"174858\" data-image-description=\"\" data-medium-file=\"https:\/\/i2.wp.com\/diariodebiologia.com\/wp-content\/uploads\/sites\/4\/2017\/01\/174858.jpg?fit=300%2C150\" data-large-file=\"https:\/\/i2.wp.com\/diariodebiologia.com\/wp-content\/uploads\/sites\/4\/2017\/01\/174858.jpg?fit=700%2C350\" data-lazy-src=\"https:\/\/i2.wp.com\/diariodebiologia.com\/wp-content\/uploads\/sites\/4\/2017\/01\/174858.jpg?resize=700%2C350\" data-lazy-srcset=\"https:\/\/i2.wp.com\/diariodebiologia.com\/wp-content\/uploads\/sites\/4\/2017\/01\/174858.jpg?w=700 700w, https:\/\/i2.wp.com\/diariodebiologia.com\/wp-content\/uploads\/sites\/4\/2017\/01\/174858.jpg?resize=300%2C150 300w\" data-lazy-sizes=\"(max-width: 700px) 100vw, 700px\" \/><\/a><\/p>\n<p>Um local ideal para isso j\u00e1 foi identificado no Kazaquist\u00e3o e pode abrigar at\u00e9 100 tigres nos pr\u00f3ximos 50 anos.\u00a0 No momento os especialistas est\u00e3o a tentar descobrir\u00a0como popular a regi\u00e3o com as presas naturais do Tigre-do-C\u00e1spio, como javalis e veados.<\/p>\n<p>O projeto ser\u00e1 financiado pelo World Wildlife Found \u2013 WWF, e j\u00e1 est\u00e1 em processo de desenvolvimento. J\u00e1 conta tamb\u00e9m com o apoio das ag\u00eancias ambientalistas e governamentais. Uma reserva no Kazaquist\u00e3o j\u00e1 foi selecionada e pode abrigar at\u00e9 100 tigres nos pr\u00f3ximos 50 anos.<\/p>\n<p>Se tudo correr conforme planejado nos pr\u00f3ximos anos o Tigre-do-C\u00e1spio estar\u00e1 de volta.<\/p>\n<p><a href=\"http:\/\/diariodebiologia.com\/\"><img loading=\"lazy\" class=\"aligncenter  wp-image-38306     lazyloaded\" src=\"https:\/\/i2.wp.com\/diariodebiologia.com\/wp-content\/uploads\/sites\/4\/2017\/01\/Panthera_tigris_virgata.jpg?resize=606%2C429\" sizes=\"(max-width: 606px) 100vw, 606px\" srcset=\"https:\/\/i2.wp.com\/diariodebiologia.com\/wp-content\/uploads\/sites\/4\/2017\/01\/Panthera_tigris_virgata.jpg?w=606 606w, https:\/\/i2.wp.com\/diariodebiologia.com\/wp-content\/uploads\/sites\/4\/2017\/01\/Panthera_tigris_virgata.jpg?resize=300%2C212 300w, https:\/\/i2.wp.com\/diariodebiologia.com\/wp-content\/uploads\/sites\/4\/2017\/01\/Panthera_tigris_virgata.jpg?resize=530%2C375 530w\" alt=\"\" width=\"640\" height=\"453\" data-attachment-id=\"38306\" data-permalink=\"http:\/\/diariodebiologia.com\/2017\/01\/cientistas-garantem-que-estao-prestes-a-trazer-de-volta-o-tigre-persa-extinto-ha-40-anos\/panthera_tigris_virgata\/\" data-orig-file=\"https:\/\/i2.wp.com\/diariodebiologia.com\/wp-content\/uploads\/sites\/4\/2017\/01\/Panthera_tigris_virgata.jpg?fit=606%2C429\" data-orig-size=\"606,429\" data-comments-opened=\"1\" data-image-meta=\"{&quot;aperture&quot;:&quot;0&quot;,&quot;credit&quot;:&quot;&quot;,&quot;camera&quot;:&quot;&quot;,&quot;caption&quot;:&quot;&quot;,&quot;created_timestamp&quot;:&quot;0&quot;,&quot;copyright&quot;:&quot;&quot;,&quot;focal_length&quot;:&quot;0&quot;,&quot;iso&quot;:&quot;0&quot;,&quot;shutter_speed&quot;:&quot;0&quot;,&quot;title&quot;:&quot;&quot;,&quot;orientation&quot;:&quot;0&quot;}\" data-image-title=\"Panthera_tigris_virgata\" data-image-description=\"\" data-medium-file=\"https:\/\/i2.wp.com\/diariodebiologia.com\/wp-content\/uploads\/sites\/4\/2017\/01\/Panthera_tigris_virgata.jpg?fit=300%2C212\" data-large-file=\"https:\/\/i2.wp.com\/diariodebiologia.com\/wp-content\/uploads\/sites\/4\/2017\/01\/Panthera_tigris_virgata.jpg?fit=606%2C429\" data-lazy-src=\"https:\/\/i2.wp.com\/diariodebiologia.com\/wp-content\/uploads\/sites\/4\/2017\/01\/Panthera_tigris_virgata.jpg?resize=606%2C429\" data-lazy-srcset=\"https:\/\/i2.wp.com\/diariodebiologia.com\/wp-content\/uploads\/sites\/4\/2017\/01\/Panthera_tigris_virgata.jpg?w=606 606w, https:\/\/i2.wp.com\/diariodebiologia.com\/wp-content\/uploads\/sites\/4\/2017\/01\/Panthera_tigris_virgata.jpg?resize=300%2C212 300w, https:\/\/i2.wp.com\/diariodebiologia.com\/wp-content\/uploads\/sites\/4\/2017\/01\/Panthera_tigris_virgata.jpg?resize=530%2C375 530w\" data-lazy-sizes=\"(max-width: 606px) 100vw, 606px\" \/><\/a><\/p>\n<div class=\"section-heading extended clearfix \"><\/div>\n<p><a title=\"Browse Author Articles\" href=\"http:\/\/diariodebiologia.com\/author\/karlla\/\"><span class=\"post-author-avatar\"><img loading=\"lazy\" class=\"avatar avatar-80 photo     lazyloaded alignleft\" src=\"http:\/\/1.gravatar.com\/avatar\/db045bfae89a851fd0f4c17fb17f3e9f?s=100&amp;d=mm&amp;r=g\" srcset=\"http:\/\/1.gravatar.com\/avatar\/db045bfae89a851fd0f4c17fb17f3e9f?s=160&amp;d=mm&amp;r=g 2x\" alt=\"\" width=\"80\" height=\"80\" data-lazy-src=\"http:\/\/1.gravatar.com\/avatar\/db045bfae89a851fd0f4c17fb17f3e9f?s=80&amp;d=mm&amp;r=g\" data-lazy-srcset=\"http:\/\/1.gravatar.com\/avatar\/db045bfae89a851fd0f4c17fb17f3e9f?s=160&amp;d=mm&amp;r=g 2x\" \/><\/span><\/a><span class=\"h-title\">*Karlla Patr\u00edcia &#8211; <\/span>Bi\u00f3loga, doutora em Zoologia pelo Museu Nacional &#8211; UFRJ, especialista em insetos, autora do livro &#8220;O Mundo Secreto dos Insetos&#8221; &#8211; Cortez Editora, colaboradora em revistas cient\u00edficas para crian\u00e7as. Idealizadora e administradora do Di\u00e1rio de Biologia.<\/p>\n","protected":false},"excerpt":{"rendered":"<p>Karlla Patr\u00edcia* O tigre persa ou tigre-do-c\u00e1spio (Panthera tigris virgata), tamb\u00e9m chamado de tigre-persa, foi<\/p>\n","protected":false},"author":6,"featured_media":60310,"comment_status":"open","ping_status":"open","sticky":false,"template":"","format":"standard","meta":[],"categories":[],"tags":[],"uagb_featured_image_src":{"full":["https:\/\/espacoecologico.com.br\/arquivo\/wp-content\/uploads\/2017\/02\/tigre_persa.jpg",415,265,false],"thumbnail":["https:\/\/espacoecologico.com.br\/arquivo\/wp-content\/uploads\/2017\/02\/tigre_persa-150x150.jpg",150,150,true],"medium":["https:\/\/espacoecologico.com.br\/arquivo\/wp-content\/uploads\/2017\/02\/tigre_persa-300x192.jpg",300,192,true],"medium_large":["https:\/\/espacoecologico.com.br\/arquivo\/wp-content\/uploads\/2017\/02\/tigre_persa.jpg",415,265,false],"large":["https:\/\/espacoecologico.com.br\/arquivo\/wp-content\/uploads\/2017\/02\/tigre_persa.jpg",415,265,false],"1536x1536":["https:\/\/espacoecologico.com.br\/arquivo\/wp-content\/uploads\/2017\/02\/tigre_persa.jpg",415,265,false],"2048x2048":["https:\/\/espacoecologico.com.br\/arquivo\/wp-content\/uploads\/2017\/02\/tigre_persa.jpg",415,265,false],"cream-magazine-thumbnail-2":["https:\/\/espacoecologico.com.br\/arquivo\/wp-content\/uploads\/2017\/02\/tigre_persa.jpg",415,265,false],"cream-magazine-thumbnail-3":["https:\/\/espacoecologico.com.br\/arquivo\/wp-content\/uploads\/2017\/02\/tigre_persa.jpg",415,265,false],"cream-magazine-thumbnail-4":["https:\/\/espacoecologico.com.br\/arquivo\/wp-content\/uploads\/2017\/02\/tigre_persa.jpg",415,265,false]},"uagb_author_info":{"display_name":"","author_link":"https:\/\/espacoecologico.com.br\/arquivo\/author\/"},"uagb_comment_info":0,"uagb_excerpt":"Karlla Patr\u00edcia* O tigre persa ou tigre-do-c\u00e1spio (Panthera tigris virgata), tamb\u00e9m chamado de tigre-persa, foi","_links":{"self":[{"href":"https:\/\/espacoecologico.com.br\/arquivo\/wp-json\/wp\/v2\/posts\/60309"}],"collection":[{"href":"https:\/\/espacoecologico.com.br\/arquivo\/wp-json\/wp\/v2\/posts"}],"about":[{"href":"https:\/\/espacoecologico.com.br\/arquivo\/wp-json\/wp\/v2\/types\/post"}],"author":[{"embeddable":true,"href":"https:\/\/espacoecologico.com.br\/arquivo\/wp-json\/wp\/v2\/users\/6"}],"replies":[{"embeddable":true,"href":"https:\/\/espacoecologico.com.br\/arquivo\/wp-json\/wp\/v2\/comments?post=60309"}],"version-history":[{"count":0,"href":"https:\/\/espacoecologico.com.br\/arquivo\/wp-json\/wp\/v2\/posts\/60309\/revisions"}],"wp:featuredmedia":[{"embeddable":true,"href":"https:\/\/espacoecologico.com.br\/arquivo\/wp-json\/wp\/v2\/media\/60310"}],"wp:attachment":[{"href":"https:\/\/espacoecologico.com.br\/arquivo\/wp-json\/wp\/v2\/media?parent=60309"}],"wp:term":[{"taxonomy":"category","embeddable":true,"href":"https:\/\/espacoecologico.com.br\/arquivo\/wp-json\/wp\/v2\/categories?post=60309"},{"taxonomy":"post_tag","embeddable":true,"href":"https:\/\/espacoecologico.com.br\/arquivo\/wp-json\/wp\/v2\/tags?post=60309"}],"curies":[{"name":"wp","href":"https:\/\/api.w.org\/{rel}","templated":true}]}}