{"id":60303,"date":"2017-02-20T11:07:20","date_gmt":"2017-02-20T14:07:20","guid":{"rendered":"https:\/\/espacoecologico.com.br\/arquivo\/?p=60303"},"modified":"2017-02-20T11:07:22","modified_gmt":"2017-02-20T14:07:22","slug":"governo-lanca-projeto-de-revitalizacao-da-cultura-do-caju-e-acredita-nas-chuvas-para-seu-exito","status":"publish","type":"post","link":"https:\/\/espacoecologico.com.br\/arquivo\/governo-lanca-projeto-de-revitalizacao-da-cultura-do-caju-e-acredita-nas-chuvas-para-seu-exito\/","title":{"rendered":"Governo lan\u00e7a projeto de revitaliza\u00e7\u00e3o da cultura do caju e acredita nas chuvas para seu \u00eaxito"},"content":{"rendered":"<p><a href=\"https:\/\/espacoecologico.com.br\/arquivo\/governo-lanca-projeto-de-revitalizacao-da-cultura-do-caju-e-acredita-nas-chuvas-para-seu-exito\/entrega-mudas-caju\/\" rel=\"attachment wp-att-60305\"><img loading=\"lazy\" class=\"alignleft size-medium wp-image-60305\" src=\"https:\/\/espacoecologico.com.br\/arquivo\/wp-content\/uploads\/2017\/02\/entrega-mudas-caju-300x192.jpg\" alt=\"\" width=\"300\" height=\"192\" srcset=\"https:\/\/espacoecologico.com.br\/arquivo\/wp-content\/uploads\/2017\/02\/entrega-mudas-caju-300x192.jpg 300w, https:\/\/espacoecologico.com.br\/arquivo\/wp-content\/uploads\/2017\/02\/entrega-mudas-caju.jpg 415w\" sizes=\"(max-width: 300px) 100vw, 300px\" \/><\/a>As chuvas que t\u00eam ocorrido no Sert\u00e3o v\u00e3o contribuir para o \u00eaxito do Programa de Revitaliza\u00e7\u00e3o da Cultura do Caju, que foi lan\u00e7ado pelo Governo do Estado nessa sexta-feira (17), no munic\u00edpio de Bernardino Batista, com a distribui\u00e7\u00e3o de 10.500 mudas para 50 fam\u00edlias agricultoras de 13 comunidades rurais, devendo beneficiar 200 pessoas, numa a\u00e7\u00e3o executada entre a Gest\u00e3o Unificada, por meio das Empresas de Pesquisa Agropecu\u00e1ria da Para\u00edba (Emepa) e de Assist\u00eancia e Extens\u00e3o Rural (Emater), e a Prefeitura municipal.<\/p>\n<p>Come\u00e7ando por Bernardino Batista, que firmou parceria para a produ\u00e7\u00e3o de mudas e assist\u00eancia t\u00e9cnica oferecida pela Emepa e Emater, outros munic\u00edpios poder\u00e3o participar da revitaliza\u00e7\u00e3o desta atividade que garante desenvolvimento sustent\u00e1vel e gera\u00e7\u00e3o de renda familiar.<\/p>\n<p>Na ocasi\u00e3o, o presidente da Gest\u00e3o Unificada, Nivaldo Moreno Magalh\u00e3es, destacou a import\u00e2ncia deste projeto, que conta com o apoio do Governo do Estado, e lembrou que tanto a Emater como a Emepa prestar\u00e3o a assist\u00eancia t\u00e9cnica aos agricultores a partir do preparo do solo \u00e0 comercializa\u00e7\u00e3o, num trabalho cuidadoso que j\u00e1 vem sendo executado desde a produ\u00e7\u00e3o das mudas e desenvolvimento da cultura.<\/p>\n<p>O prefeito de Bernardino Batista, Gerv\u00e1zio Gomes dos Santos, recordou que o munic\u00edpio tem um grande potencial para a cultura do caju e a proposta \u00e9 fazer a revitaliza\u00e7\u00e3o com acompanhamento t\u00e9cnico visando proporcionar postos de trabalho e renda para as fam\u00edlias benefici\u00e1rias.<\/p>\n<p>Segundo o diretor t\u00e9cnico da Emepa, Manuel Dur\u00e9, o conv\u00eanio para a produ\u00e7\u00e3o e assist\u00eancia t\u00e9cnica foi assinado em outubro do ano passado, ficando acordado que a Emepa produziria 10.500 mudas de caju CC-76, al\u00e9m de fornecer pesquisadores e t\u00e9cnicos agr\u00edcolas para ministrar palestras e treinamentos aos agricultores familiares beneficiados acerca de tecnologias de cultivo da cultura do caju, como tamb\u00e9m participar de todas as atividades do projeto.<\/p>\n<p>As comunidades rurais beneficiadas s\u00e3o do Alto de Boa Vista, Baixio dos Galdinos, Barbosa, Bor\u00e9, Bulandera, Cabe\u00e7a, Cacimbas, Cafund\u00f3, Cosmo de Brito, Egidio, Mariano, Ponta da Serra e Serra do Padre, todas com experi\u00eancias no cultivo de caju.<\/p>\n<p>Com a introdu\u00e7\u00e3o de alta padr\u00e3o gen\u00e9tico da cultivar CCP-76, os agricultores podem chegar entre 1.000 a 1.500 quilos por hectare, devendo essa variedade\u00a0 e o uso de t\u00e9cnicas de manejo contribu\u00edrem para o aumento de produ\u00e7\u00e3o e manter as fam\u00edlias comercializando seus produtos no mercado cada vez mais competitivo.<\/p>\n<p>Estavam presentes ao ato de repasse das mudas, al\u00e9m do prefeito Gerv\u00e1zio Gomes, os prefeitos de Po\u00e7o Dantas, Ded\u00e9 C\u00e2ndido; de Uira\u00fana, Dr. Bosco; de Triunfo, Dam\u00edsio Mangueira; de Lastro, Ata\u00edde Diniz; de Joca Claudino, Jordanha Lopes, e representantes de institui\u00e7\u00f5es p\u00fablicas e associa\u00e7\u00f5es comunit\u00e1rias rurais e extensionistas rurais da regi\u00e3o.<\/p>\n<p>&nbsp;<\/p>\n","protected":false},"excerpt":{"rendered":"<p>As chuvas que t\u00eam ocorrido no Sert\u00e3o v\u00e3o contribuir para o \u00eaxito do Programa de<\/p>\n","protected":false},"author":6,"featured_media":60305,"comment_status":"open","ping_status":"open","sticky":false,"template":"","format":"standard","meta":[],"categories":[],"tags":[],"uagb_featured_image_src":{"full":["https:\/\/espacoecologico.com.br\/arquivo\/wp-content\/uploads\/2017\/02\/entrega-mudas-caju.jpg",415,265,false],"thumbnail":["https:\/\/espacoecologico.com.br\/arquivo\/wp-content\/uploads\/2017\/02\/entrega-mudas-caju-150x150.jpg",150,150,true],"medium":["https:\/\/espacoecologico.com.br\/arquivo\/wp-content\/uploads\/2017\/02\/entrega-mudas-caju-300x192.jpg",300,192,true],"medium_large":["https:\/\/espacoecologico.com.br\/arquivo\/wp-content\/uploads\/2017\/02\/entrega-mudas-caju.jpg",415,265,false],"large":["https:\/\/espacoecologico.com.br\/arquivo\/wp-content\/uploads\/2017\/02\/entrega-mudas-caju.jpg",415,265,false],"1536x1536":["https:\/\/espacoecologico.com.br\/arquivo\/wp-content\/uploads\/2017\/02\/entrega-mudas-caju.jpg",415,265,false],"2048x2048":["https:\/\/espacoecologico.com.br\/arquivo\/wp-content\/uploads\/2017\/02\/entrega-mudas-caju.jpg",415,265,false],"cream-magazine-thumbnail-2":["https:\/\/espacoecologico.com.br\/arquivo\/wp-content\/uploads\/2017\/02\/entrega-mudas-caju.jpg",415,265,false],"cream-magazine-thumbnail-3":["https:\/\/espacoecologico.com.br\/arquivo\/wp-content\/uploads\/2017\/02\/entrega-mudas-caju.jpg",415,265,false],"cream-magazine-thumbnail-4":["https:\/\/espacoecologico.com.br\/arquivo\/wp-content\/uploads\/2017\/02\/entrega-mudas-caju.jpg",415,265,false]},"uagb_author_info":{"display_name":"","author_link":"https:\/\/espacoecologico.com.br\/arquivo\/author\/"},"uagb_comment_info":0,"uagb_excerpt":"As chuvas que t\u00eam ocorrido no Sert\u00e3o v\u00e3o contribuir para o \u00eaxito do Programa de","_links":{"self":[{"href":"https:\/\/espacoecologico.com.br\/arquivo\/wp-json\/wp\/v2\/posts\/60303"}],"collection":[{"href":"https:\/\/espacoecologico.com.br\/arquivo\/wp-json\/wp\/v2\/posts"}],"about":[{"href":"https:\/\/espacoecologico.com.br\/arquivo\/wp-json\/wp\/v2\/types\/post"}],"author":[{"embeddable":true,"href":"https:\/\/espacoecologico.com.br\/arquivo\/wp-json\/wp\/v2\/users\/6"}],"replies":[{"embeddable":true,"href":"https:\/\/espacoecologico.com.br\/arquivo\/wp-json\/wp\/v2\/comments?post=60303"}],"version-history":[{"count":0,"href":"https:\/\/espacoecologico.com.br\/arquivo\/wp-json\/wp\/v2\/posts\/60303\/revisions"}],"wp:featuredmedia":[{"embeddable":true,"href":"https:\/\/espacoecologico.com.br\/arquivo\/wp-json\/wp\/v2\/media\/60305"}],"wp:attachment":[{"href":"https:\/\/espacoecologico.com.br\/arquivo\/wp-json\/wp\/v2\/media?parent=60303"}],"wp:term":[{"taxonomy":"category","embeddable":true,"href":"https:\/\/espacoecologico.com.br\/arquivo\/wp-json\/wp\/v2\/categories?post=60303"},{"taxonomy":"post_tag","embeddable":true,"href":"https:\/\/espacoecologico.com.br\/arquivo\/wp-json\/wp\/v2\/tags?post=60303"}],"curies":[{"name":"wp","href":"https:\/\/api.w.org\/{rel}","templated":true}]}}