{"id":60290,"date":"2017-02-20T08:33:27","date_gmt":"2017-02-20T11:33:27","guid":{"rendered":"https:\/\/espacoecologico.com.br\/arquivo\/?p=60290"},"modified":"2017-02-20T08:33:28","modified_gmt":"2017-02-20T11:33:28","slug":"por-que-algumas-pessoas-tem-caries-mesmo-cuidando-bem-dos-dentes","status":"publish","type":"post","link":"https:\/\/espacoecologico.com.br\/arquivo\/por-que-algumas-pessoas-tem-caries-mesmo-cuidando-bem-dos-dentes\/","title":{"rendered":"Por que algumas pessoas t\u00eam c\u00e1ries mesmo cuidando bem dos dentes?"},"content":{"rendered":"<p><a href=\"https:\/\/espacoecologico.com.br\/arquivo\/por-que-algumas-pessoas-tem-caries-mesmo-cuidando-bem-dos-dentes\/carie\/\" rel=\"attachment wp-att-60291\"><img loading=\"lazy\" class=\"alignleft size-medium wp-image-60291\" src=\"https:\/\/espacoecologico.com.br\/arquivo\/wp-content\/uploads\/2017\/02\/carie-300x192.jpg\" alt=\"\" width=\"300\" height=\"192\" srcset=\"https:\/\/espacoecologico.com.br\/arquivo\/wp-content\/uploads\/2017\/02\/carie-300x192.jpg 300w, https:\/\/espacoecologico.com.br\/arquivo\/wp-content\/uploads\/2017\/02\/carie.jpg 415w\" sizes=\"(max-width: 300px) 100vw, 300px\" \/><\/a>Algumas pessoas desenvolvem c\u00e1ries mesmo escovando e cuidando bem dos dentes enquanto outras, menos rigorosas com a higiene bucal, n\u00e3o t\u00eam esse problema. Agora, os cientistas sabem o motivo.<\/p>\n<p>As c\u00e1ries n\u00e3o acontecem apenas por conta das bact\u00e9rias existentes na superf\u00edcie dos dentes, mas tamb\u00e9m dependem da resist\u00eancia do esmalte, que \u00e9 formado por meio da mineraliza\u00e7\u00e3o de prote\u00ednas espec\u00edficas.<\/p>\n<p>Pesquisadores da Universidade de Zurique identificaram pela primeira vez um complexo gen\u00e9tico respons\u00e1vel pela forma\u00e7\u00e3o do esmalte dent\u00e1rio.<\/p>\n<p>Duas equipes do Centro de Medicina Dent\u00e1ria e do Instituto de Ci\u00eancias da Vida Molecular usaram camundongos com muta\u00e7\u00f5es variadas das prote\u00ednas do esmalte envolvidas na via de controle celular alterada, conhecida como WNT, uma das formas de comunica\u00e7\u00e3o das c\u00e9lulas para ativar genes espec\u00edficos.<\/p>\n<p>Essa via de sinaliza\u00e7\u00e3o \u00e9 essencial para o desenvolvimento embrion\u00e1rio e tamb\u00e9m desempenha um papel fundamental no desenvolvimento de c\u00e2ncer ou malforma\u00e7\u00f5es f\u00edsicas.<\/p>\n<p>De acordo com a pesquisa, todos <strong>os ratos com muta\u00e7\u00f5es nessas prote\u00ednas apresentavam dentes com defeitos no esmalte<\/strong>. Assim os cientistas estabeleceram uma liga\u00e7\u00e3o com o desenvolvimento do esmalte dent\u00e1rio.<\/p>\n<p>Usando m\u00e9todos gen\u00e9ticos, moleculares e bioqu\u00edmicos, os pesquisadores descobriram que tr\u00eas prote\u00ednas estavam envolvidas na via de sinaliza\u00e7\u00e3o de Wnt influenciavam a estrutura dos dentes.<\/p>\n<p>A pesquisa concluiu que a forma\u00e7\u00e3o das c\u00e1ries n\u00e3o est\u00e1 ligada apenas \u00e0s bact\u00e9rias, mas \u00e0 resist\u00eancia dos dentes. Esses agentes podem penetrar mais facilmente em dentes com esmalte menos est\u00e1vel, que tenham algum defeito gen\u00e9tico, mesmo que a higiene bucal seja excelente.<\/p>\n<p>Para os cientistas, entender como essas muta\u00e7\u00f5es gen\u00e9ticas funcionam pode ajudar a criar novas formas de prote\u00e7\u00e3o contra c\u00e1ries.<\/p>\n","protected":false},"excerpt":{"rendered":"<p>Algumas pessoas desenvolvem c\u00e1ries mesmo escovando e cuidando bem dos dentes enquanto outras, menos rigorosas<\/p>\n","protected":false},"author":6,"featured_media":60291,"comment_status":"open","ping_status":"open","sticky":false,"template":"","format":"standard","meta":[],"categories":[],"tags":[],"uagb_featured_image_src":{"full":["https:\/\/espacoecologico.com.br\/arquivo\/wp-content\/uploads\/2017\/02\/carie.jpg",415,265,false],"thumbnail":["https:\/\/espacoecologico.com.br\/arquivo\/wp-content\/uploads\/2017\/02\/carie-150x150.jpg",150,150,true],"medium":["https:\/\/espacoecologico.com.br\/arquivo\/wp-content\/uploads\/2017\/02\/carie-300x192.jpg",300,192,true],"medium_large":["https:\/\/espacoecologico.com.br\/arquivo\/wp-content\/uploads\/2017\/02\/carie.jpg",415,265,false],"large":["https:\/\/espacoecologico.com.br\/arquivo\/wp-content\/uploads\/2017\/02\/carie.jpg",415,265,false],"1536x1536":["https:\/\/espacoecologico.com.br\/arquivo\/wp-content\/uploads\/2017\/02\/carie.jpg",415,265,false],"2048x2048":["https:\/\/espacoecologico.com.br\/arquivo\/wp-content\/uploads\/2017\/02\/carie.jpg",415,265,false],"cream-magazine-thumbnail-2":["https:\/\/espacoecologico.com.br\/arquivo\/wp-content\/uploads\/2017\/02\/carie.jpg",415,265,false],"cream-magazine-thumbnail-3":["https:\/\/espacoecologico.com.br\/arquivo\/wp-content\/uploads\/2017\/02\/carie.jpg",415,265,false],"cream-magazine-thumbnail-4":["https:\/\/espacoecologico.com.br\/arquivo\/wp-content\/uploads\/2017\/02\/carie.jpg",415,265,false]},"uagb_author_info":{"display_name":"","author_link":"https:\/\/espacoecologico.com.br\/arquivo\/author\/"},"uagb_comment_info":0,"uagb_excerpt":"Algumas pessoas desenvolvem c\u00e1ries mesmo escovando e cuidando bem dos dentes enquanto outras, menos rigorosas","_links":{"self":[{"href":"https:\/\/espacoecologico.com.br\/arquivo\/wp-json\/wp\/v2\/posts\/60290"}],"collection":[{"href":"https:\/\/espacoecologico.com.br\/arquivo\/wp-json\/wp\/v2\/posts"}],"about":[{"href":"https:\/\/espacoecologico.com.br\/arquivo\/wp-json\/wp\/v2\/types\/post"}],"author":[{"embeddable":true,"href":"https:\/\/espacoecologico.com.br\/arquivo\/wp-json\/wp\/v2\/users\/6"}],"replies":[{"embeddable":true,"href":"https:\/\/espacoecologico.com.br\/arquivo\/wp-json\/wp\/v2\/comments?post=60290"}],"version-history":[{"count":0,"href":"https:\/\/espacoecologico.com.br\/arquivo\/wp-json\/wp\/v2\/posts\/60290\/revisions"}],"wp:featuredmedia":[{"embeddable":true,"href":"https:\/\/espacoecologico.com.br\/arquivo\/wp-json\/wp\/v2\/media\/60291"}],"wp:attachment":[{"href":"https:\/\/espacoecologico.com.br\/arquivo\/wp-json\/wp\/v2\/media?parent=60290"}],"wp:term":[{"taxonomy":"category","embeddable":true,"href":"https:\/\/espacoecologico.com.br\/arquivo\/wp-json\/wp\/v2\/categories?post=60290"},{"taxonomy":"post_tag","embeddable":true,"href":"https:\/\/espacoecologico.com.br\/arquivo\/wp-json\/wp\/v2\/tags?post=60290"}],"curies":[{"name":"wp","href":"https:\/\/api.w.org\/{rel}","templated":true}]}}