{"id":60286,"date":"2017-02-20T07:57:17","date_gmt":"2017-02-20T10:57:17","guid":{"rendered":"https:\/\/espacoecologico.com.br\/arquivo\/?p=60286"},"modified":"2017-02-20T07:57:18","modified_gmt":"2017-02-20T10:57:18","slug":"sequencia-de-terremotos-que-atingiu-o-centro-da-italia-nao-e-fenomeno-inedito","status":"publish","type":"post","link":"https:\/\/espacoecologico.com.br\/arquivo\/sequencia-de-terremotos-que-atingiu-o-centro-da-italia-nao-e-fenomeno-inedito\/","title":{"rendered":"Sequ\u00eancia de terremotos que atingiu o centro da It\u00e1lia n\u00e3o \u00e9 fen\u00f4meno in\u00e9dito"},"content":{"rendered":"<p><a href=\"https:\/\/espacoecologico.com.br\/arquivo\/sequencia-de-terremotos-que-atingiu-o-centro-da-italia-nao-e-fenomeno-inedito\/italia-3\/\" rel=\"attachment wp-att-60287\"><img loading=\"lazy\" class=\"alignleft size-medium wp-image-60287\" src=\"https:\/\/espacoecologico.com.br\/arquivo\/wp-content\/uploads\/2017\/02\/italia-300x192.jpg\" alt=\"\" width=\"300\" height=\"192\" srcset=\"https:\/\/espacoecologico.com.br\/arquivo\/wp-content\/uploads\/2017\/02\/italia-300x192.jpg 300w, https:\/\/espacoecologico.com.br\/arquivo\/wp-content\/uploads\/2017\/02\/italia.jpg 415w\" sizes=\"(max-width: 300px) 100vw, 300px\" \/><\/a>O terremoto de 6,6 graus com epicentro pr\u00f3ximo \u00e0 cidade de Norcia, na It\u00e1lia, em 30 de outubro, foi o maior no pa\u00eds desde 1980, quando um abalo de magnitude 6,9 graus atingiu Irpinia, no sul da pen\u00ednsula. Seguido por mais de 200 tremores secund\u00e1rios, ele causou basicamente danos materiais; houve registros de ferimentos em 20 pessoas e pelo menos 15 mil pessoas desabrigadas.<\/p>\n<p>O sismo de Norcia \u00e9 o terceiro de grande porte na It\u00e1lia Central no espa\u00e7o de tr\u00eas meses \u2013 o primeiro, em 24 de agosto, com epicentro pr\u00f3ximo a Amatrice, atingiu magnitude 6,2 (com quase 300 v\u00edtimas fatais), e o segundo, em 26 de outubro, a oeste de Visso, chegou a 6,1.<\/p>\n<p>Embora n\u00e3o muito frequente, a sequ\u00eancia de terremotos j\u00e1 teve precedentes na regi\u00e3o e \u00e9 explicada pelos cientistas com base na gradual separa\u00e7\u00e3o que os Montes Apeninos, que cortam a It\u00e1lia, est\u00e3o sofrendo pela a\u00e7\u00e3o de for\u00e7as tect\u00f4nicas.<\/p>\n<p>Os dois lados da cordilheira (composta por duas cadeias paralelas) est\u00e3o se separando cerca de tr\u00eas mil\u00edmetros por ano, um d\u00e9cimo da velocidade m\u00e9dia de crescimento das unhas. Mas esse processo fica muito mais perigoso em fun\u00e7\u00e3o das diversas falhas que cortam as montanhas. Rupturas nessas falhas precipitam novos abalos. Segundo os cientistas, processos semelhantes ocorreram em 1997 e 1703 na regi\u00e3o.<\/p>\n","protected":false},"excerpt":{"rendered":"<p>O terremoto de 6,6 graus com epicentro pr\u00f3ximo \u00e0 cidade de Norcia, na It\u00e1lia, em<\/p>\n","protected":false},"author":6,"featured_media":60287,"comment_status":"open","ping_status":"open","sticky":false,"template":"","format":"standard","meta":[],"categories":[],"tags":[],"uagb_featured_image_src":{"full":["https:\/\/espacoecologico.com.br\/arquivo\/wp-content\/uploads\/2017\/02\/italia.jpg",415,265,false],"thumbnail":["https:\/\/espacoecologico.com.br\/arquivo\/wp-content\/uploads\/2017\/02\/italia-150x150.jpg",150,150,true],"medium":["https:\/\/espacoecologico.com.br\/arquivo\/wp-content\/uploads\/2017\/02\/italia-300x192.jpg",300,192,true],"medium_large":["https:\/\/espacoecologico.com.br\/arquivo\/wp-content\/uploads\/2017\/02\/italia.jpg",415,265,false],"large":["https:\/\/espacoecologico.com.br\/arquivo\/wp-content\/uploads\/2017\/02\/italia.jpg",415,265,false],"1536x1536":["https:\/\/espacoecologico.com.br\/arquivo\/wp-content\/uploads\/2017\/02\/italia.jpg",415,265,false],"2048x2048":["https:\/\/espacoecologico.com.br\/arquivo\/wp-content\/uploads\/2017\/02\/italia.jpg",415,265,false],"cream-magazine-thumbnail-2":["https:\/\/espacoecologico.com.br\/arquivo\/wp-content\/uploads\/2017\/02\/italia.jpg",415,265,false],"cream-magazine-thumbnail-3":["https:\/\/espacoecologico.com.br\/arquivo\/wp-content\/uploads\/2017\/02\/italia.jpg",415,265,false],"cream-magazine-thumbnail-4":["https:\/\/espacoecologico.com.br\/arquivo\/wp-content\/uploads\/2017\/02\/italia.jpg",415,265,false]},"uagb_author_info":{"display_name":"","author_link":"https:\/\/espacoecologico.com.br\/arquivo\/author\/"},"uagb_comment_info":0,"uagb_excerpt":"O terremoto de 6,6 graus com epicentro pr\u00f3ximo \u00e0 cidade de Norcia, na It\u00e1lia, em","_links":{"self":[{"href":"https:\/\/espacoecologico.com.br\/arquivo\/wp-json\/wp\/v2\/posts\/60286"}],"collection":[{"href":"https:\/\/espacoecologico.com.br\/arquivo\/wp-json\/wp\/v2\/posts"}],"about":[{"href":"https:\/\/espacoecologico.com.br\/arquivo\/wp-json\/wp\/v2\/types\/post"}],"author":[{"embeddable":true,"href":"https:\/\/espacoecologico.com.br\/arquivo\/wp-json\/wp\/v2\/users\/6"}],"replies":[{"embeddable":true,"href":"https:\/\/espacoecologico.com.br\/arquivo\/wp-json\/wp\/v2\/comments?post=60286"}],"version-history":[{"count":0,"href":"https:\/\/espacoecologico.com.br\/arquivo\/wp-json\/wp\/v2\/posts\/60286\/revisions"}],"wp:featuredmedia":[{"embeddable":true,"href":"https:\/\/espacoecologico.com.br\/arquivo\/wp-json\/wp\/v2\/media\/60287"}],"wp:attachment":[{"href":"https:\/\/espacoecologico.com.br\/arquivo\/wp-json\/wp\/v2\/media?parent=60286"}],"wp:term":[{"taxonomy":"category","embeddable":true,"href":"https:\/\/espacoecologico.com.br\/arquivo\/wp-json\/wp\/v2\/categories?post=60286"},{"taxonomy":"post_tag","embeddable":true,"href":"https:\/\/espacoecologico.com.br\/arquivo\/wp-json\/wp\/v2\/tags?post=60286"}],"curies":[{"name":"wp","href":"https:\/\/api.w.org\/{rel}","templated":true}]}}