{"id":60269,"date":"2017-02-19T12:23:27","date_gmt":"2017-02-19T15:23:27","guid":{"rendered":"https:\/\/espacoecologico.com.br\/arquivo\/?p=60269"},"modified":"2017-02-19T12:23:27","modified_gmt":"2017-02-19T15:23:27","slug":"revis-da-lagoa-da-turfeira-e-do-medio-paraiba-observam-mais-de-90-especies-de-aves","status":"publish","type":"post","link":"https:\/\/espacoecologico.com.br\/arquivo\/revis-da-lagoa-da-turfeira-e-do-medio-paraiba-observam-mais-de-90-especies-de-aves\/","title":{"rendered":"Revis da Lagoa da Turfeira e do M\u00e9dio Para\u00edba observam mais de 90 esp\u00e9cies de aves"},"content":{"rendered":"<div class=\"heading\">\n<p><a href=\"https:\/\/espacoecologico.com.br\/arquivo\/revis-da-lagoa-da-turfeira-e-do-medio-paraiba-observam-mais-de-90-especies-de-aves\/observadores_passaros\/\" rel=\"attachment wp-att-60270\"><img loading=\"lazy\" class=\"alignleft size-medium wp-image-60270\" src=\"https:\/\/espacoecologico.com.br\/arquivo\/wp-content\/uploads\/2017\/02\/observadores_passaros-300x192.jpg\" alt=\"\" width=\"300\" height=\"192\" srcset=\"https:\/\/espacoecologico.com.br\/arquivo\/wp-content\/uploads\/2017\/02\/observadores_passaros-300x192.jpg 300w, https:\/\/espacoecologico.com.br\/arquivo\/wp-content\/uploads\/2017\/02\/observadores_passaros.jpg 415w\" sizes=\"(max-width: 300px) 100vw, 300px\" \/><\/a>Nos \u00faltimos dias 11 e 12\/02, mais de 90 esp\u00e9cies de p\u00e1ssaros foram \u201ccapturados\u201d por observadores que compareceram ao programa <em>Vem Passarinhar<\/em> realizado nos Ref\u00fagios de Vida Silvestre Estaduais <a href=\"http:\/\/www.wikiparques.org\/wiki\/Ref%C3%BAgio_de_Vida_Silvestre_Estadual_Lagoa_da_Turfeira\" target=\"_blank\">da Lagoa da Turfeira (RJ)<\/a> e <a href=\"http:\/\/www.wikiparques.org\/wiki\/Ref%C3%BAgio_de_Vida_Silvestre_Estadual_do_M%C3%A9dio_Para%C3%ADba\" target=\"_blank\">do M\u00e9dio Para\u00edba (RJ)<\/a>, localizado no Sul Fluminense. O objetivo da a\u00e7\u00e3o \u00e9 estimular a pr\u00e1tica de observa\u00e7\u00e3o de aves como uma ferramenta de conserva\u00e7\u00e3o atrav\u00e9s da visita\u00e7\u00e3o nas unidades de conserva\u00e7\u00e3o do Estado do Rio de Janeiro.<\/p>\n<\/div>\n<p>Aproximadamente 20 pessoas, das cidades do Rio, Resende, Niter\u00f3i e at\u00e9 de S\u00e3o Paulo, participaram das atividades, que tiveram in\u00edcio logo pela manh\u00e3. Ao longo do dia, os observadores trilharam \u00e1reas brejosas e de Mata Atl\u00e2ntica em busca de aves, na Fazenda Santa M\u00f4nica, localizada na Zona de Amortecimento dos ref\u00fagios. Dentre os p\u00e1ssaros mais observados, destacam-se a sana vermelha, o curi\u00f3 e o caboclinho, este amea\u00e7ado de extin\u00e7\u00e3o.<\/p>\n<p>Conhecida como <em>birdwatching<\/em>, a observa\u00e7\u00e3o de aves vem se despontando como importante atividade de contempla\u00e7\u00e3o da natureza agregando cada vez mais adeptos e atraindo seguidores de todas as idades. A iniciativa\u00a0encontrou na observa\u00e7\u00e3o de aves uma excelente oportunidade para a sensibiliza\u00e7\u00e3o da sociedade em prol da preserva\u00e7\u00e3o nas diversas regi\u00f5es do Estado.<\/p>\n<p>O <em>Vem Passarinhar<\/em> teve in\u00edcio em 2015. Apesar do curto per\u00edodo de cria\u00e7\u00e3o, j\u00e1 apresenta resultados expressivos em favor da conserva\u00e7\u00e3o e do papel educador que a atividade de observa\u00e7\u00e3o de aves pode oferecer.<\/p>\n<div id=\"attachment_7490\" class=\"wp-caption aligncenter\" style=\"width: 649px;\"><img loading=\"lazy\" class=\" wp-image-7490\" src=\"http:\/\/www.wikiparques.org\/wp-content\/uploads\/2017\/02\/15022017-inea.jpg\" sizes=\"(max-width: 750px) 100vw, 750px\" srcset=\"http:\/\/www.wikiparques.org\/wp-content\/uploads\/2017\/02\/15022017-inea-300x200.jpg 300w, http:\/\/www.wikiparques.org\/wp-content\/uploads\/2017\/02\/15022017-inea.jpg 750w\" alt=\"Sana vermelha. Foto: Divulga\u00e7\u00e3o\/Felipe Queiroz\" width=\"639\" height=\"426\" \/><\/p>\n<p class=\"wp-caption-text\">Sana vermelha. Foto: Divulga\u00e7\u00e3o\/Felipe Queiroz<\/p>\n<\/div>\n<div id=\"attachment_7492\" class=\"wp-caption aligncenter\" style=\"width: 649px;\"><img loading=\"lazy\" class=\" wp-image-7492\" src=\"http:\/\/www.wikiparques.org\/wp-content\/uploads\/2017\/02\/15022017-inea-3.jpg\" sizes=\"(max-width: 750px) 100vw, 750px\" srcset=\"http:\/\/www.wikiparques.org\/wp-content\/uploads\/2017\/02\/15022017-inea-3-300x200.jpg 300w, http:\/\/www.wikiparques.org\/wp-content\/uploads\/2017\/02\/15022017-inea-3.jpg 750w\" alt=\"Caboclinho (Sporophila bouvreuil). Foto: Divulga\u00e7\u00e3o\/Felipe Queiroz\" width=\"639\" height=\"426\" \/><\/p>\n<p class=\"wp-caption-text\">Caboclinho (<i>Sporophila bouvreuil<\/i>). Foto: Divulga\u00e7\u00e3o\/Felipe Queiroz<\/p>\n<\/div>\n<div id=\"attachment_7491\" class=\"wp-caption aligncenter\" style=\"width: 649px;\"><img loading=\"lazy\" class=\" wp-image-7491\" src=\"http:\/\/www.wikiparques.org\/wp-content\/uploads\/2017\/02\/15022017-inea-2.jpg\" sizes=\"(max-width: 750px) 100vw, 750px\" srcset=\"http:\/\/www.wikiparques.org\/wp-content\/uploads\/2017\/02\/15022017-inea-2-300x200.jpg 300w, http:\/\/www.wikiparques.org\/wp-content\/uploads\/2017\/02\/15022017-inea-2.jpg 750w\" alt=\"Sa\u00ed canario (Thlypopsis sordida). Foto: Divulga\u00e7\u00e3o\/Felipe Queiroz\" width=\"639\" height=\"426\" \/><\/p>\n<p class=\"wp-caption-text\">Sa\u00ed canario (<i>Thlypopsis sordida<\/i>). Foto: Divulga\u00e7\u00e3o\/Felipe Queiroz<\/p>\n<\/div>\n","protected":false},"excerpt":{"rendered":"<p>Nos \u00faltimos dias 11 e 12\/02, mais de 90 esp\u00e9cies de p\u00e1ssaros foram \u201ccapturados\u201d por<\/p>\n","protected":false},"author":6,"featured_media":60270,"comment_status":"open","ping_status":"open","sticky":false,"template":"","format":"standard","meta":[],"categories":[],"tags":[],"uagb_featured_image_src":{"full":["https:\/\/espacoecologico.com.br\/arquivo\/wp-content\/uploads\/2017\/02\/observadores_passaros.jpg",415,265,false],"thumbnail":["https:\/\/espacoecologico.com.br\/arquivo\/wp-content\/uploads\/2017\/02\/observadores_passaros-150x150.jpg",150,150,true],"medium":["https:\/\/espacoecologico.com.br\/arquivo\/wp-content\/uploads\/2017\/02\/observadores_passaros-300x192.jpg",300,192,true],"medium_large":["https:\/\/espacoecologico.com.br\/arquivo\/wp-content\/uploads\/2017\/02\/observadores_passaros.jpg",415,265,false],"large":["https:\/\/espacoecologico.com.br\/arquivo\/wp-content\/uploads\/2017\/02\/observadores_passaros.jpg",415,265,false],"1536x1536":["https:\/\/espacoecologico.com.br\/arquivo\/wp-content\/uploads\/2017\/02\/observadores_passaros.jpg",415,265,false],"2048x2048":["https:\/\/espacoecologico.com.br\/arquivo\/wp-content\/uploads\/2017\/02\/observadores_passaros.jpg",415,265,false],"cream-magazine-thumbnail-2":["https:\/\/espacoecologico.com.br\/arquivo\/wp-content\/uploads\/2017\/02\/observadores_passaros.jpg",415,265,false],"cream-magazine-thumbnail-3":["https:\/\/espacoecologico.com.br\/arquivo\/wp-content\/uploads\/2017\/02\/observadores_passaros.jpg",415,265,false],"cream-magazine-thumbnail-4":["https:\/\/espacoecologico.com.br\/arquivo\/wp-content\/uploads\/2017\/02\/observadores_passaros.jpg",415,265,false]},"uagb_author_info":{"display_name":"","author_link":"https:\/\/espacoecologico.com.br\/arquivo\/author\/"},"uagb_comment_info":0,"uagb_excerpt":"Nos \u00faltimos dias 11 e 12\/02, mais de 90 esp\u00e9cies de p\u00e1ssaros foram \u201ccapturados\u201d por","_links":{"self":[{"href":"https:\/\/espacoecologico.com.br\/arquivo\/wp-json\/wp\/v2\/posts\/60269"}],"collection":[{"href":"https:\/\/espacoecologico.com.br\/arquivo\/wp-json\/wp\/v2\/posts"}],"about":[{"href":"https:\/\/espacoecologico.com.br\/arquivo\/wp-json\/wp\/v2\/types\/post"}],"author":[{"embeddable":true,"href":"https:\/\/espacoecologico.com.br\/arquivo\/wp-json\/wp\/v2\/users\/6"}],"replies":[{"embeddable":true,"href":"https:\/\/espacoecologico.com.br\/arquivo\/wp-json\/wp\/v2\/comments?post=60269"}],"version-history":[{"count":0,"href":"https:\/\/espacoecologico.com.br\/arquivo\/wp-json\/wp\/v2\/posts\/60269\/revisions"}],"wp:featuredmedia":[{"embeddable":true,"href":"https:\/\/espacoecologico.com.br\/arquivo\/wp-json\/wp\/v2\/media\/60270"}],"wp:attachment":[{"href":"https:\/\/espacoecologico.com.br\/arquivo\/wp-json\/wp\/v2\/media?parent=60269"}],"wp:term":[{"taxonomy":"category","embeddable":true,"href":"https:\/\/espacoecologico.com.br\/arquivo\/wp-json\/wp\/v2\/categories?post=60269"},{"taxonomy":"post_tag","embeddable":true,"href":"https:\/\/espacoecologico.com.br\/arquivo\/wp-json\/wp\/v2\/tags?post=60269"}],"curies":[{"name":"wp","href":"https:\/\/api.w.org\/{rel}","templated":true}]}}