{"id":60265,"date":"2017-02-19T12:17:07","date_gmt":"2017-02-19T15:17:07","guid":{"rendered":"https:\/\/espacoecologico.com.br\/arquivo\/?p=60265"},"modified":"2017-02-19T12:17:08","modified_gmt":"2017-02-19T15:17:08","slug":"expedicao-pelos-corais-termina-com-o-avistamento-de-tres-novas-especies-2","status":"publish","type":"post","link":"https:\/\/espacoecologico.com.br\/arquivo\/expedicao-pelos-corais-termina-com-o-avistamento-de-tres-novas-especies-2\/","title":{"rendered":"Expedi\u00e7\u00e3o pelos corais termina com o avistamento de tr\u00eas novas esp\u00e9cies"},"content":{"rendered":"<p><a href=\"https:\/\/espacoecologico.com.br\/arquivo\/expedicao-pelos-corais-termina-com-o-avistamento-de-tres-novas-especies-2\/santuario_corais\/\" rel=\"attachment wp-att-60266\"><img loading=\"lazy\" class=\"alignleft size-medium wp-image-60266\" src=\"https:\/\/espacoecologico.com.br\/arquivo\/wp-content\/uploads\/2017\/02\/santuario_corais-300x192.jpg\" alt=\"\" width=\"300\" height=\"192\" srcset=\"https:\/\/espacoecologico.com.br\/arquivo\/wp-content\/uploads\/2017\/02\/santuario_corais-300x192.jpg 300w, https:\/\/espacoecologico.com.br\/arquivo\/wp-content\/uploads\/2017\/02\/santuario_corais.jpg 415w\" sizes=\"(max-width: 300px) 100vw, 300px\" \/><\/a>A expedi\u00e7\u00e3o de divulga\u00e7\u00e3o do recife de coral da Foz do rio Amazonas chegou ao fim ap\u00f3s 20 dias de navega\u00e7\u00e3o pelos 9,5 km\u00b2 de extens\u00e3o do ecossistema, que se estende da foz do rio Amazonas a Guiana Francesa. A descoberta do santu\u00e1rio foi publicada em abril de 2016, pela revista cient\u00edfica Science.<\/p>\n<p>No come\u00e7o de janeiro, uma equipe de pesquisadores exploraram o recife a pedido do Greenpeace. Nesta quinta-feira (16), as \u00faltimas fotos do local foram postadas e os cientistas comemoraram o avistamento de tr\u00eas poss\u00edveis novas esp\u00e9cies de peixes &#8211; dois de peixe-borboleta e um de budi\u00e3o-sab\u00e3o &#8211; e tamb\u00e9m de um pared\u00e3o de cerca de 70 metros de altura e 10 quil\u00f4metros, que n\u00e3o estava indicado nos mapas do fundo do mar da \u00e1rea.<\/p>\n<p>Ap\u00f3s percorrerem todo o percurso, os pesquisadores desconfiam que a \u00e1rea seja duas ou tr\u00eas vezes maior do que o publicado originalmente, quando o recife foi descoberto.<\/p>\n<p><strong>O petr\u00f3leo \u00e9 inimigo <\/strong><\/p>\n<p>O greenpeace j\u00e1 havia iniciado uma campanha contra a explora\u00e7\u00e3o de petr\u00f3leo na regi\u00e3o e o pedido agora se intensificou. Pelo menos tr\u00eas empresas j\u00e1 solicitaram ao governo licen\u00e7a para perfurar po\u00e7os na bacia da foz do Amazonas.<\/p>\n<p>\u201cEssa expedi\u00e7\u00e3o mostrou que sabemos muito pouco sobre nossos oceanos e a necessidade de proteg\u00ea-los. N\u00f3s temos que evitar que o petr\u00f3leo ameace esse \u00fanico, novo e intocado bioma\u201d, afirma Thiago Almeida, da campanha de Energia do Greenpeace.<\/p>\n<div id=\"attachment_51737\" class=\"wp-caption aligncenter\" style=\"width: 649px;\"><img loading=\"lazy\" class=\" wp-image-51737\" src=\"http:\/\/www.oeco.org.br\/wp-content\/uploads\/2017\/02\/3.jpg\" sizes=\"(max-width: 1152px) 100vw, 1152px\" srcset=\"http:\/\/www.oeco.org.br\/wp-content\/uploads\/2017\/02\/3.jpg 1152w, http:\/\/www.oeco.org.br\/wp-content\/uploads\/2017\/02\/3-300x200.jpg 300w, http:\/\/www.oeco.org.br\/wp-content\/uploads\/2017\/02\/3-1024x683.jpg 1024w, http:\/\/www.oeco.org.br\/wp-content\/uploads\/2017\/02\/3-600x400.jpg 600w, http:\/\/www.oeco.org.br\/wp-content\/uploads\/2017\/02\/3-278x185.jpg 278w\" alt=\"\u00a9Greenpeace \" width=\"639\" height=\"426\" \/><\/p>\n<p class=\"wp-caption-text\">\u00a9Greenpeace<\/p>\n<\/div>\n<div id=\"attachment_51739\" class=\"wp-caption aligncenter\" style=\"width: 649px;\"><img loading=\"lazy\" class=\" wp-image-51739\" src=\"http:\/\/www.oeco.org.br\/wp-content\/uploads\/2017\/02\/5.jpg\" sizes=\"(max-width: 1152px) 100vw, 1152px\" srcset=\"http:\/\/www.oeco.org.br\/wp-content\/uploads\/2017\/02\/5.jpg 1152w, http:\/\/www.oeco.org.br\/wp-content\/uploads\/2017\/02\/5-300x200.jpg 300w, http:\/\/www.oeco.org.br\/wp-content\/uploads\/2017\/02\/5-1024x683.jpg 1024w, http:\/\/www.oeco.org.br\/wp-content\/uploads\/2017\/02\/5-600x400.jpg 600w, http:\/\/www.oeco.org.br\/wp-content\/uploads\/2017\/02\/5-278x185.jpg 278w\" alt=\"\u00a9Greenpeace \" width=\"639\" height=\"426\" \/><\/p>\n<p class=\"wp-caption-text\">\u00a9Greenpeace<\/p>\n<\/div>\n","protected":false},"excerpt":{"rendered":"<p>A expedi\u00e7\u00e3o de divulga\u00e7\u00e3o do recife de coral da Foz do rio Amazonas chegou ao<\/p>\n","protected":false},"author":6,"featured_media":60266,"comment_status":"open","ping_status":"open","sticky":false,"template":"","format":"standard","meta":[],"categories":[],"tags":[],"uagb_featured_image_src":{"full":["https:\/\/espacoecologico.com.br\/arquivo\/wp-content\/uploads\/2017\/02\/santuario_corais.jpg",415,265,false],"thumbnail":["https:\/\/espacoecologico.com.br\/arquivo\/wp-content\/uploads\/2017\/02\/santuario_corais-150x150.jpg",150,150,true],"medium":["https:\/\/espacoecologico.com.br\/arquivo\/wp-content\/uploads\/2017\/02\/santuario_corais-300x192.jpg",300,192,true],"medium_large":["https:\/\/espacoecologico.com.br\/arquivo\/wp-content\/uploads\/2017\/02\/santuario_corais.jpg",415,265,false],"large":["https:\/\/espacoecologico.com.br\/arquivo\/wp-content\/uploads\/2017\/02\/santuario_corais.jpg",415,265,false],"1536x1536":["https:\/\/espacoecologico.com.br\/arquivo\/wp-content\/uploads\/2017\/02\/santuario_corais.jpg",415,265,false],"2048x2048":["https:\/\/espacoecologico.com.br\/arquivo\/wp-content\/uploads\/2017\/02\/santuario_corais.jpg",415,265,false],"cream-magazine-thumbnail-2":["https:\/\/espacoecologico.com.br\/arquivo\/wp-content\/uploads\/2017\/02\/santuario_corais.jpg",415,265,false],"cream-magazine-thumbnail-3":["https:\/\/espacoecologico.com.br\/arquivo\/wp-content\/uploads\/2017\/02\/santuario_corais.jpg",415,265,false],"cream-magazine-thumbnail-4":["https:\/\/espacoecologico.com.br\/arquivo\/wp-content\/uploads\/2017\/02\/santuario_corais.jpg",415,265,false]},"uagb_author_info":{"display_name":"","author_link":"https:\/\/espacoecologico.com.br\/arquivo\/author\/"},"uagb_comment_info":0,"uagb_excerpt":"A expedi\u00e7\u00e3o de divulga\u00e7\u00e3o do recife de coral da Foz do rio Amazonas chegou ao","_links":{"self":[{"href":"https:\/\/espacoecologico.com.br\/arquivo\/wp-json\/wp\/v2\/posts\/60265"}],"collection":[{"href":"https:\/\/espacoecologico.com.br\/arquivo\/wp-json\/wp\/v2\/posts"}],"about":[{"href":"https:\/\/espacoecologico.com.br\/arquivo\/wp-json\/wp\/v2\/types\/post"}],"author":[{"embeddable":true,"href":"https:\/\/espacoecologico.com.br\/arquivo\/wp-json\/wp\/v2\/users\/6"}],"replies":[{"embeddable":true,"href":"https:\/\/espacoecologico.com.br\/arquivo\/wp-json\/wp\/v2\/comments?post=60265"}],"version-history":[{"count":0,"href":"https:\/\/espacoecologico.com.br\/arquivo\/wp-json\/wp\/v2\/posts\/60265\/revisions"}],"wp:featuredmedia":[{"embeddable":true,"href":"https:\/\/espacoecologico.com.br\/arquivo\/wp-json\/wp\/v2\/media\/60266"}],"wp:attachment":[{"href":"https:\/\/espacoecologico.com.br\/arquivo\/wp-json\/wp\/v2\/media?parent=60265"}],"wp:term":[{"taxonomy":"category","embeddable":true,"href":"https:\/\/espacoecologico.com.br\/arquivo\/wp-json\/wp\/v2\/categories?post=60265"},{"taxonomy":"post_tag","embeddable":true,"href":"https:\/\/espacoecologico.com.br\/arquivo\/wp-json\/wp\/v2\/tags?post=60265"}],"curies":[{"name":"wp","href":"https:\/\/api.w.org\/{rel}","templated":true}]}}