{"id":60244,"date":"2017-02-19T11:28:01","date_gmt":"2017-02-19T14:28:01","guid":{"rendered":"https:\/\/espacoecologico.com.br\/arquivo\/?p=60244"},"modified":"2017-02-19T11:32:17","modified_gmt":"2017-02-19T14:32:17","slug":"meteoros-criam-sons-estranhos-que-podem-ser-ouvidos-da-terra","status":"publish","type":"post","link":"https:\/\/espacoecologico.com.br\/arquivo\/meteoros-criam-sons-estranhos-que-podem-ser-ouvidos-da-terra\/","title":{"rendered":"Meteoros criam sons estranhos que podem ser ouvidos da Terra"},"content":{"rendered":"<p><a href=\"https:\/\/espacoecologico.com.br\/arquivo\/meteoros-criam-sons-estranhos-que-podem-ser-ouvidos-da-terra\/meteoro-7\/\" rel=\"attachment wp-att-60245\"><img loading=\"lazy\" class=\"alignleft size-medium wp-image-60245\" src=\"https:\/\/espacoecologico.com.br\/arquivo\/wp-content\/uploads\/2017\/02\/meteoro-300x192.jpg\" alt=\"\" width=\"300\" height=\"192\" srcset=\"https:\/\/espacoecologico.com.br\/arquivo\/wp-content\/uploads\/2017\/02\/meteoro-300x192.jpg 300w, https:\/\/espacoecologico.com.br\/arquivo\/wp-content\/uploads\/2017\/02\/meteoro.jpg 415w\" sizes=\"(max-width: 300px) 100vw, 300px\" \/><\/a>Pessoas que usam telesc\u00f3pio relataram ouvir estalos estranhos, sibilos e sussurros quase que instantaneamente quando um meteoro passa.<\/p>\n<p>Embora possa parecer normal que uma bola de fogo voadora geraria ru\u00eddo, esses objetos est\u00e3o a cerca de 60 milhas de dist\u00e2ncia, e o som deveria demorar alguns minutos at\u00e9 chegar em nosso solo.\u00a0Agora, os pesquisadores descobriram que os pulsos luminosos de luz podem criar sons aud\u00edveis longe da fonte por aquecimento de materiais \u201cdiel\u00e9tricos\u201d \u2013 incluindo roupas, folhas e at\u00e9 cabelos crespos.<\/p>\n<p>H\u00e1 tempos os cientistas est\u00e3o perplexos com os ru\u00eddos misteriosos que foram ouvidos \u201c<em>simultaneamente com a chegada da luz de meteoros<\/em>\u201c. Segundo eles, \u201c<em>esses sons n\u00e3o podem ser atribu\u00eddos \u00e0 propaga\u00e7\u00e3o ac\u00fastica direta da atmosfera superior pela qual o tempo de viagem seria de v\u00e1rios minutos<\/em>\u201c.\u00a0Os sons devem ser o resultado da energia eletromagn\u00e9tica do meteoro que viajou por quil\u00f4metros de dist\u00e2ncia convertida em ondas ac\u00fasticas, explicam os autores. Esses objetos s\u00e3o conhecidos por liberar pulsos de luz extremamente fortes.<\/p>\n<p><img loading=\"lazy\" class=\"alignnone wp-image-23588\" src=\"http:\/\/www.jornalciencia.com\/wp-content\/uploads\/2017\/02\/sons-de-meteoro.jpg\" sizes=\"(max-width: 709px) 100vw, 709px\" srcset=\"http:\/\/www.jornalciencia.com\/wp-content\/uploads\/2017\/02\/sons-de-meteoro-300x217.jpg 300w, http:\/\/www.jornalciencia.com\/wp-content\/uploads\/2017\/02\/sons-de-meteoro.jpg 634w\" alt=\"sons-de-meteoro\" width=\"639\" height=\"462\" \/>Um meteoro registrado pela Rede Checa de Bola de Fogo em 2014, por exemplo, era aproximadamente 10 vezes mais brilhante do que a Lua Cheia e quase t\u00e3o quente quanto o Sol.\u00a0No estudo, os investigadores dizem que as mudan\u00e7as de temperatura associadas com um evento do meteoro poderiam ser respons\u00e1veis pelo fen\u00f4meno.\u00a0\u201c<em>Sugerimos que cada pulso de luz pode aquecer a superf\u00edcie de transdutores diel\u00e9tricos naturais<\/em>\u201c, escreveram os autores. \u201c<em>As superf\u00edcies rapidamente aquecem e conduzem o calor para o ar pr\u00f3ximo, gerando ondas de press\u00e3o. Quando essas ondas s\u00e3o produzidas por pulsos de luz, podem se manifestar como som a um observador pr\u00f3ximo<\/em>\u201c.<\/p>\n<p>Os transdutores diel\u00e9tricos est\u00e3o ao nosso redor e, segundo os pesquisadores, os materiais de cor escura teriam propriedades \u00f3timas que facilitam o fen\u00f4meno. A equipe testou uma s\u00e9rie de candidatos, incluindo tinta escura, cabelos finos, folhas, grama e roupas escuras.\u00a0Em sua configura\u00e7\u00e3o, os pesquisadores colocaram uma matriz de LED de luz branca, a amostra e um microfone de laborat\u00f3rio dentro de uma c\u00fapula de pl\u00e1stico em uma c\u00e2mara anecoica.\u00a0Na parte externa da c\u00fapula, eles usaram um gerador de sinal e amplificador linear para conduzir os LEDs, e um analisador de espectro para gravar os sinais do microfone.<\/p>\n<p>&nbsp;<\/p>\n<p>Os experimentos revelaram que esses materiais podem, de fato, produzir som fotoac\u00fastico.\u00a0Os pesquisadores dizem que suas descobertas s\u00e3o consistentes com relatos de testemunhos de sons associados a meteoros e sugerem que sob as condi\u00e7\u00f5es certas, uma pessoa em um ambiente calmo pode ouvir o ru\u00eddo.\u00a0As pessoas com cabelos crespos podem estar em vantagem: \u201c<em>Parece significativo que as pessoas com cabelos crespos s\u00e3o mais propensas a ouvir o som dos meteoros<\/em>\u201c, escreveram os pesquisadores.<\/p>\n<p>\u201c<em>Intuitivamente, cabelos crespos devem ser bons transdutores por duas raz\u00f5es.\u00a0O cabelo perto das orelhas criar\u00e1 a press\u00e3o de som localizada, assim, \u00e9 prov\u00e1vel que seja ouvido. Al\u00e9m disso, o cabelo tem uma grande rela\u00e7\u00e3o superf\u00edcie\/volume que maximiza a cria\u00e7\u00e3o de som<\/em>\u201c, explicam os especialistas.<\/p>\n<p><iframe loading=\"lazy\" id=\"molvideoplayer\" title=\"MailOnline Embed Player\" src=\"http:\/\/www.dailymail.co.uk\/embed\/video\/1407261.html\" width=\"640\" height=\"540\" frameborder=\"0\" scrolling=\"no\" allowfullscreen=\"allowfullscreen\"><\/iframe><\/p>\n<p>&nbsp;<\/p>\n","protected":false},"excerpt":{"rendered":"<p>Pessoas que usam telesc\u00f3pio relataram ouvir estalos estranhos, sibilos e sussurros quase que instantaneamente quando<\/p>\n","protected":false},"author":6,"featured_media":60245,"comment_status":"open","ping_status":"open","sticky":false,"template":"","format":"standard","meta":[],"categories":[],"tags":[],"uagb_featured_image_src":{"full":["https:\/\/espacoecologico.com.br\/arquivo\/wp-content\/uploads\/2017\/02\/meteoro.jpg",415,265,false],"thumbnail":["https:\/\/espacoecologico.com.br\/arquivo\/wp-content\/uploads\/2017\/02\/meteoro-150x150.jpg",150,150,true],"medium":["https:\/\/espacoecologico.com.br\/arquivo\/wp-content\/uploads\/2017\/02\/meteoro-300x192.jpg",300,192,true],"medium_large":["https:\/\/espacoecologico.com.br\/arquivo\/wp-content\/uploads\/2017\/02\/meteoro.jpg",415,265,false],"large":["https:\/\/espacoecologico.com.br\/arquivo\/wp-content\/uploads\/2017\/02\/meteoro.jpg",415,265,false],"1536x1536":["https:\/\/espacoecologico.com.br\/arquivo\/wp-content\/uploads\/2017\/02\/meteoro.jpg",415,265,false],"2048x2048":["https:\/\/espacoecologico.com.br\/arquivo\/wp-content\/uploads\/2017\/02\/meteoro.jpg",415,265,false],"cream-magazine-thumbnail-2":["https:\/\/espacoecologico.com.br\/arquivo\/wp-content\/uploads\/2017\/02\/meteoro.jpg",415,265,false],"cream-magazine-thumbnail-3":["https:\/\/espacoecologico.com.br\/arquivo\/wp-content\/uploads\/2017\/02\/meteoro.jpg",415,265,false],"cream-magazine-thumbnail-4":["https:\/\/espacoecologico.com.br\/arquivo\/wp-content\/uploads\/2017\/02\/meteoro.jpg",415,265,false]},"uagb_author_info":{"display_name":"","author_link":"https:\/\/espacoecologico.com.br\/arquivo\/author\/"},"uagb_comment_info":0,"uagb_excerpt":"Pessoas que usam telesc\u00f3pio relataram ouvir estalos estranhos, sibilos e sussurros quase que instantaneamente quando","_links":{"self":[{"href":"https:\/\/espacoecologico.com.br\/arquivo\/wp-json\/wp\/v2\/posts\/60244"}],"collection":[{"href":"https:\/\/espacoecologico.com.br\/arquivo\/wp-json\/wp\/v2\/posts"}],"about":[{"href":"https:\/\/espacoecologico.com.br\/arquivo\/wp-json\/wp\/v2\/types\/post"}],"author":[{"embeddable":true,"href":"https:\/\/espacoecologico.com.br\/arquivo\/wp-json\/wp\/v2\/users\/6"}],"replies":[{"embeddable":true,"href":"https:\/\/espacoecologico.com.br\/arquivo\/wp-json\/wp\/v2\/comments?post=60244"}],"version-history":[{"count":0,"href":"https:\/\/espacoecologico.com.br\/arquivo\/wp-json\/wp\/v2\/posts\/60244\/revisions"}],"wp:featuredmedia":[{"embeddable":true,"href":"https:\/\/espacoecologico.com.br\/arquivo\/wp-json\/wp\/v2\/media\/60245"}],"wp:attachment":[{"href":"https:\/\/espacoecologico.com.br\/arquivo\/wp-json\/wp\/v2\/media?parent=60244"}],"wp:term":[{"taxonomy":"category","embeddable":true,"href":"https:\/\/espacoecologico.com.br\/arquivo\/wp-json\/wp\/v2\/categories?post=60244"},{"taxonomy":"post_tag","embeddable":true,"href":"https:\/\/espacoecologico.com.br\/arquivo\/wp-json\/wp\/v2\/tags?post=60244"}],"curies":[{"name":"wp","href":"https:\/\/api.w.org\/{rel}","templated":true}]}}