{"id":60238,"date":"2017-02-19T15:30:01","date_gmt":"2017-02-19T18:30:01","guid":{"rendered":"https:\/\/espacoecologico.com.br\/arquivo\/?p=60238"},"modified":"2017-02-19T11:21:39","modified_gmt":"2017-02-19T14:21:39","slug":"ingredientes-que-voce-tem-em-casa-que-podem-salvar-seu-cabelo","status":"publish","type":"post","link":"https:\/\/espacoecologico.com.br\/arquivo\/ingredientes-que-voce-tem-em-casa-que-podem-salvar-seu-cabelo\/","title":{"rendered":"Ingredientes que voc\u00ea tem em casa que podem salvar seu cabelo"},"content":{"rendered":"<p><a href=\"https:\/\/espacoecologico.com.br\/arquivo\/?attachment_id=60240\" rel=\"attachment wp-att-60240\"><img loading=\"lazy\" class=\"alignleft size-medium wp-image-60240\" src=\"https:\/\/espacoecologico.com.br\/arquivo\/wp-content\/uploads\/2017\/02\/cabelos-300x192.jpg\" alt=\"\" width=\"300\" height=\"192\" srcset=\"https:\/\/espacoecologico.com.br\/arquivo\/wp-content\/uploads\/2017\/02\/cabelos-300x192.jpg 300w, https:\/\/espacoecologico.com.br\/arquivo\/wp-content\/uploads\/2017\/02\/cabelos.jpg 415w\" sizes=\"(max-width: 300px) 100vw, 300px\" \/><\/a>Tinturas, alisamentos e escovas, quando feitos rotineiramente, danificam as madeixas. Como resultado, os fios perdem brilho, maciez e passam a apresentar um aspecto poroso. Esses h\u00e1bitos fazem os fios perderem parte de sua prote\u00e7\u00e3o. Com as fibras de prote\u00ednas expostas, qualquer agressor externo faz estragos maiores e o intensifica a desidrata\u00e7\u00e3o.<\/p>\n<p>A maioria das mulheres gastam muito dinheiro com tratamentos caros dos sal\u00f5es de beleza e n\u00e3o sabem que dentro do seu arm\u00e1rio tem ingredientes que podem salvar seu cabelo detonado por qu\u00edmicas frequentes. Selecionamos ent\u00e3o os 4 fant\u00e1sticos.<\/p>\n<h3>Vinagre de ma\u00e7\u00e3<\/h3>\n<p><a href=\"http:\/\/diariodebiologia.com\"><img loading=\"lazy\" class=\"aligncenter  wp-image-38497     lazyloaded\" src=\"https:\/\/i2.wp.com\/diariodebiologia.com\/wp-content\/uploads\/sites\/4\/2017\/02\/vinagre-de-maca-cabelo.jpg?resize=700%2C350\" sizes=\"(max-width: 700px) 100vw, 700px\" srcset=\"https:\/\/i2.wp.com\/diariodebiologia.com\/wp-content\/uploads\/sites\/4\/2017\/02\/vinagre-de-maca-cabelo.jpg?w=700 700w, https:\/\/i2.wp.com\/diariodebiologia.com\/wp-content\/uploads\/sites\/4\/2017\/02\/vinagre-de-maca-cabelo.jpg?resize=300%2C150 300w\" alt=\"\" width=\"639\" height=\"320\" data-attachment-id=\"38497\" data-permalink=\"http:\/\/diariodebiologia.com\/2017\/02\/os-4-fantasticos-ingredientes-que-voce-tem-em-casa-que-podem-salvar-seu-cabelo-destruido-pela-quimica-piscina-ou-agua-do-mar\/vinagre-de-maca-cabelo\/\" data-orig-file=\"https:\/\/i2.wp.com\/diariodebiologia.com\/wp-content\/uploads\/sites\/4\/2017\/02\/vinagre-de-maca-cabelo.jpg?fit=700%2C350\" data-orig-size=\"700,350\" data-comments-opened=\"1\" data-image-meta=\"{&quot;aperture&quot;:&quot;0&quot;,&quot;credit&quot;:&quot;&quot;,&quot;camera&quot;:&quot;&quot;,&quot;caption&quot;:&quot;&quot;,&quot;created_timestamp&quot;:&quot;0&quot;,&quot;copyright&quot;:&quot;Ihar Ulashchyk&quot;,&quot;focal_length&quot;:&quot;0&quot;,&quot;iso&quot;:&quot;0&quot;,&quot;shutter_speed&quot;:&quot;0&quot;,&quot;title&quot;:&quot;&quot;,&quot;orientation&quot;:&quot;0&quot;}\" data-image-title=\"vinagre-de-maca-cabelo\" data-image-description=\"\" data-medium-file=\"https:\/\/i2.wp.com\/diariodebiologia.com\/wp-content\/uploads\/sites\/4\/2017\/02\/vinagre-de-maca-cabelo.jpg?fit=300%2C150\" data-large-file=\"https:\/\/i2.wp.com\/diariodebiologia.com\/wp-content\/uploads\/sites\/4\/2017\/02\/vinagre-de-maca-cabelo.jpg?fit=700%2C350\" data-lazy-src=\"https:\/\/i2.wp.com\/diariodebiologia.com\/wp-content\/uploads\/sites\/4\/2017\/02\/vinagre-de-maca-cabelo.jpg?resize=700%2C350\" data-lazy-srcset=\"https:\/\/i2.wp.com\/diariodebiologia.com\/wp-content\/uploads\/sites\/4\/2017\/02\/vinagre-de-maca-cabelo.jpg?w=700 700w, https:\/\/i2.wp.com\/diariodebiologia.com\/wp-content\/uploads\/sites\/4\/2017\/02\/vinagre-de-maca-cabelo.jpg?resize=300%2C150 300w\" data-lazy-sizes=\"(max-width: 700px) 100vw, 700px\" \/><\/a><\/p>\n<p>Sim, d\u00e1 medo. O vinagre \u00e9 a dilui\u00e7\u00e3o de um \u00e1cido conhecido no meio qu\u00edmico como \u00c1cido ac\u00e9tico (CH3COOH). Tem aquele cheiro caracter\u00edstico e pH baixo. Mas \u00e9 um santo rem\u00e9dio para selagem dos fios de cabelo, fechando as cut\u00edculas e dando um brilho impec\u00e1vel at\u00e9 naqueles fios sofridos. Segundo especialistas, o vinagre de ma\u00e7\u00e3 possui propriedades que equilibram os fios, tratando e melhorando sua apar\u00eancia. O uso deste ingrediente melhora a capacidade de absor\u00e7\u00e3o de umidade, revertendo a porosidade dos fios.<\/p>\n<p>Toda qu\u00edmica usada nos cabelos abre as cut\u00edculas deixando os fios opacos, quebradi\u00e7os e sem vida. O vinagre tem um incr\u00edvel poder selante, provocando o fechamento dessas cut\u00edculas e trazendo de volta o brilho e o aspecto saud\u00e1vel.<\/p>\n<p><strong><em>Como usar:<\/em><\/strong> Lave os cabelos normalmente com seu shampoo de prefer\u00eancia (se quiser potencializar, use um shampoo anti-res\u00edduos), adicione a uma vasilha duas colheres de vinagre de ma\u00e7\u00e3 + duas colheres de m\u00e1scara de hidrata\u00e7\u00e3o que voc\u00ea tem no seu banheiro. Massageie os cabelos com essa mistura, evitando a raiz. Coloque uma touca pl\u00e1stica e aguarde de 25-30 minutos. Enxague bem para tirar qualquer res\u00edduo da mistura. Seque como de costume!<\/p>\n<h3>Azeite extra virgem<\/h3>\n<p><a href=\"http:\/\/diariodebiologia.com\"><img loading=\"lazy\" class=\"aligncenter  wp-image-38496     lazyloaded\" src=\"https:\/\/i2.wp.com\/diariodebiologia.com\/wp-content\/uploads\/sites\/4\/2017\/02\/azeite-no-cabelo.jpg?resize=700%2C350\" sizes=\"(max-width: 700px) 100vw, 700px\" srcset=\"https:\/\/i2.wp.com\/diariodebiologia.com\/wp-content\/uploads\/sites\/4\/2017\/02\/azeite-no-cabelo.jpg?w=700 700w, https:\/\/i2.wp.com\/diariodebiologia.com\/wp-content\/uploads\/sites\/4\/2017\/02\/azeite-no-cabelo.jpg?resize=300%2C150 300w\" alt=\"\" width=\"639\" height=\"320\" data-attachment-id=\"38496\" data-permalink=\"http:\/\/diariodebiologia.com\/2017\/02\/os-4-fantasticos-ingredientes-que-voce-tem-em-casa-que-podem-salvar-seu-cabelo-destruido-pela-quimica-piscina-ou-agua-do-mar\/azeite-no-cabelo\/\" data-orig-file=\"https:\/\/i2.wp.com\/diariodebiologia.com\/wp-content\/uploads\/sites\/4\/2017\/02\/azeite-no-cabelo.jpg?fit=700%2C350\" data-orig-size=\"700,350\" data-comments-opened=\"1\" data-image-meta=\"{&quot;aperture&quot;:&quot;0&quot;,&quot;credit&quot;:&quot;&quot;,&quot;camera&quot;:&quot;&quot;,&quot;caption&quot;:&quot;&quot;,&quot;created_timestamp&quot;:&quot;0&quot;,&quot;copyright&quot;:&quot;&quot;,&quot;focal_length&quot;:&quot;0&quot;,&quot;iso&quot;:&quot;0&quot;,&quot;shutter_speed&quot;:&quot;0&quot;,&quot;title&quot;:&quot;&quot;,&quot;orientation&quot;:&quot;0&quot;}\" data-image-title=\"azeite-no-cabelo\" data-image-description=\"\" data-medium-file=\"https:\/\/i2.wp.com\/diariodebiologia.com\/wp-content\/uploads\/sites\/4\/2017\/02\/azeite-no-cabelo.jpg?fit=300%2C150\" data-large-file=\"https:\/\/i2.wp.com\/diariodebiologia.com\/wp-content\/uploads\/sites\/4\/2017\/02\/azeite-no-cabelo.jpg?fit=700%2C350\" data-lazy-src=\"https:\/\/i2.wp.com\/diariodebiologia.com\/wp-content\/uploads\/sites\/4\/2017\/02\/azeite-no-cabelo.jpg?resize=700%2C350\" data-lazy-srcset=\"https:\/\/i2.wp.com\/diariodebiologia.com\/wp-content\/uploads\/sites\/4\/2017\/02\/azeite-no-cabelo.jpg?w=700 700w, https:\/\/i2.wp.com\/diariodebiologia.com\/wp-content\/uploads\/sites\/4\/2017\/02\/azeite-no-cabelo.jpg?resize=300%2C150 300w\" data-lazy-sizes=\"(max-width: 700px) 100vw, 700px\" \/><\/a><\/p>\n<p>Marcas renomadas de cosm\u00e9ticos incluem cada vez mais azeite de oliva como um elemento essencial em muitos de seus produtos.\u00a0Desde a antiguidade, o azeite tem sido utilizado no tratamento de cabelo como um condicionador e hidratante para os fios. O azeite tamb\u00e9m evita caspa e alivia coceira no couro cabeludo, e pode atrasar ou mesmo impedir a perda de cabelo, bloqueando os horm\u00f4nios respons\u00e1veis pela contra\u00e7\u00e3o do fol\u00edculo piloso, o horm\u00f4nio DHT.<\/p>\n<p>A hidrata\u00e7\u00e3o com azeite de oliva extra virgem possui todos os componentes ben\u00e9ficos para seu cabelo, incluindo \u00e1cidos graxos monoinsaturados e vitamina E, um antioxidante importante para o crescimento do cabelo. Muito conhecido por suas propriedades hidratantes e tonificantes. Uma hidrata\u00e7\u00e3o com azeite de oliva \u00e9\u00a0 excelente para ajudar a restaurar a sua umidade natural dos fios.<\/p>\n<p>Mas, segundo especialistas no assunto, para tratar os cabelos com azeite, n\u00e3o serve qualquer um. \u00c9 necess\u00e1rio que seja um azeite extra\u00eddo a frio, pode ser de qualquer marca, sem mistura de outros \u00f3leos e com acidez entre 0,1 e 0,5%, mais que isso n\u00e3o \u00e9 recomendado.<\/p>\n<p><strong><em>Como usar:<\/em><\/strong> Basta juntar 2 colheres de azeite de oliva + 2 colheres da sua m\u00e1scara de hidrata\u00e7\u00e3o preferida e proceder a hidrata\u00e7\u00e3o conforme de costume, fazendo isso pelo menos duas vezes por m\u00eas deixar\u00e1 seus fios hidratados e brilhantes.<\/p>\n<h3>Mel de abelhas natural<\/h3>\n<p><a href=\"http:\/\/diariodebiologia.com\"><img loading=\"lazy\" class=\"aligncenter  wp-image-38498     lazyloaded\" src=\"https:\/\/i0.wp.com\/diariodebiologia.com\/wp-content\/uploads\/sites\/4\/2017\/02\/mel-no-cabelo.jpg?resize=700%2C340\" sizes=\"(max-width: 700px) 100vw, 700px\" srcset=\"https:\/\/i0.wp.com\/diariodebiologia.com\/wp-content\/uploads\/sites\/4\/2017\/02\/mel-no-cabelo.jpg?w=700 700w, https:\/\/i0.wp.com\/diariodebiologia.com\/wp-content\/uploads\/sites\/4\/2017\/02\/mel-no-cabelo.jpg?resize=300%2C146 300w\" alt=\"\" width=\"640\" height=\"311\" data-attachment-id=\"38498\" data-permalink=\"http:\/\/diariodebiologia.com\/2017\/02\/os-4-fantasticos-ingredientes-que-voce-tem-em-casa-que-podem-salvar-seu-cabelo-destruido-pela-quimica-piscina-ou-agua-do-mar\/mel-no-cabelo\/\" data-orig-file=\"https:\/\/i0.wp.com\/diariodebiologia.com\/wp-content\/uploads\/sites\/4\/2017\/02\/mel-no-cabelo.jpg?fit=700%2C340\" data-orig-size=\"700,340\" data-comments-opened=\"1\" data-image-meta=\"{&quot;aperture&quot;:&quot;0&quot;,&quot;credit&quot;:&quot;&quot;,&quot;camera&quot;:&quot;&quot;,&quot;caption&quot;:&quot;&quot;,&quot;created_timestamp&quot;:&quot;0&quot;,&quot;copyright&quot;:&quot;&quot;,&quot;focal_length&quot;:&quot;0&quot;,&quot;iso&quot;:&quot;0&quot;,&quot;shutter_speed&quot;:&quot;0&quot;,&quot;title&quot;:&quot;&quot;,&quot;orientation&quot;:&quot;0&quot;}\" data-image-title=\"mel-no-cabelo\" data-image-description=\"\" data-medium-file=\"https:\/\/i0.wp.com\/diariodebiologia.com\/wp-content\/uploads\/sites\/4\/2017\/02\/mel-no-cabelo.jpg?fit=300%2C146\" data-large-file=\"https:\/\/i0.wp.com\/diariodebiologia.com\/wp-content\/uploads\/sites\/4\/2017\/02\/mel-no-cabelo.jpg?fit=700%2C340\" data-lazy-src=\"https:\/\/i0.wp.com\/diariodebiologia.com\/wp-content\/uploads\/sites\/4\/2017\/02\/mel-no-cabelo.jpg?resize=700%2C340\" data-lazy-srcset=\"https:\/\/i0.wp.com\/diariodebiologia.com\/wp-content\/uploads\/sites\/4\/2017\/02\/mel-no-cabelo.jpg?w=700 700w, https:\/\/i0.wp.com\/diariodebiologia.com\/wp-content\/uploads\/sites\/4\/2017\/02\/mel-no-cabelo.jpg?resize=300%2C146 300w\" data-lazy-sizes=\"(max-width: 700px) 100vw, 700px\" \/><\/a><\/p>\n<p>O mel \u00e9 um alimento, geralmente encontrado em estado l\u00edquido viscoso e a\u00e7ucarado, que \u00e9 produzido pelas abelhas a partir do n\u00e9ctar recolhido de flores e processado pelas enzimas digestivas desses insetos. Receitas da antiguidade, \u00a0j\u00e1 apontavam o mel como op\u00e7\u00e3o de tratamento de beleza e cuidados capilares.<\/p>\n<p>Isso porque, o mel \u00e9 um emoliente natural, o que significa que pode condicionar e suavizar os fios. \u00c9 um conhecido antioxidante natural e juntamente com sua a\u00e7\u00e3o emoliente melhora a sa\u00fade dos fol\u00edculos capilares, que s\u00e3o respons\u00e1veis pelo crescimento de cabelo. Os pesquisadores dizem que o uso adequado de mel no tratamento de cabelo pode despertar os fol\u00edculos pilosos e impulsionar o crescimento do cabelo. Por ser um ingrediente riqu\u00edssimo em a\u00e7ucares, tem um poder umectante incr\u00edvel impedindo a queda do cabelo e fortalecendo os fol\u00edculos pilosos.<\/p>\n<p><strong><em>Como usar:<\/em><\/strong> Em uma tigela coloque 2 colheres de mel e 2 colheres de azeite de oliva extra-virgem (olha o azeite a\u00ed de novo!). Leve a mistura ao micro-ondas por 20 segundos. Com os cabelos \u00famidos lavados somente com shampoo, aplique a mistura massageando os cabelos. Coloque a touca pl\u00e1stica de deixa agir por 30 a 40 minutos. Passado o tempo, lave novamente com shampoo e finalize com seu condicionador preferido. Seque como de costume.<\/p>\n<h3>\u00d3leo de coco natural<\/h3>\n<p><a href=\"http:\/\/diariodebiologia.com\"><img loading=\"lazy\" class=\"aligncenter  wp-image-38495     lazyloaded\" src=\"https:\/\/i1.wp.com\/diariodebiologia.com\/wp-content\/uploads\/sites\/4\/2017\/02\/oleo-de-coco-cabelo-3.jpg?resize=700%2C350\" sizes=\"(max-width: 700px) 100vw, 700px\" srcset=\"https:\/\/i1.wp.com\/diariodebiologia.com\/wp-content\/uploads\/sites\/4\/2017\/02\/oleo-de-coco-cabelo-3.jpg?w=700 700w, https:\/\/i1.wp.com\/diariodebiologia.com\/wp-content\/uploads\/sites\/4\/2017\/02\/oleo-de-coco-cabelo-3.jpg?resize=300%2C150 300w\" alt=\"\" width=\"639\" height=\"320\" data-attachment-id=\"38495\" data-permalink=\"http:\/\/diariodebiologia.com\/2017\/02\/os-4-fantasticos-ingredientes-que-voce-tem-em-casa-que-podem-salvar-seu-cabelo-destruido-pela-quimica-piscina-ou-agua-do-mar\/oleo-de-coco-cabelo-3\/\" data-orig-file=\"https:\/\/i1.wp.com\/diariodebiologia.com\/wp-content\/uploads\/sites\/4\/2017\/02\/oleo-de-coco-cabelo-3.jpg?fit=700%2C350\" data-orig-size=\"700,350\" data-comments-opened=\"1\" data-image-meta=\"{&quot;aperture&quot;:&quot;0&quot;,&quot;credit&quot;:&quot;&quot;,&quot;camera&quot;:&quot;&quot;,&quot;caption&quot;:&quot;&quot;,&quot;created_timestamp&quot;:&quot;0&quot;,&quot;copyright&quot;:&quot;&quot;,&quot;focal_length&quot;:&quot;0&quot;,&quot;iso&quot;:&quot;0&quot;,&quot;shutter_speed&quot;:&quot;0&quot;,&quot;title&quot;:&quot;&quot;,&quot;orientation&quot;:&quot;0&quot;}\" data-image-title=\"oleo-de-coco-cabelo-3\" data-image-description=\"\" data-medium-file=\"https:\/\/i1.wp.com\/diariodebiologia.com\/wp-content\/uploads\/sites\/4\/2017\/02\/oleo-de-coco-cabelo-3.jpg?fit=300%2C150\" data-large-file=\"https:\/\/i1.wp.com\/diariodebiologia.com\/wp-content\/uploads\/sites\/4\/2017\/02\/oleo-de-coco-cabelo-3.jpg?fit=700%2C350\" data-lazy-src=\"https:\/\/i1.wp.com\/diariodebiologia.com\/wp-content\/uploads\/sites\/4\/2017\/02\/oleo-de-coco-cabelo-3.jpg?resize=700%2C350\" data-lazy-srcset=\"https:\/\/i1.wp.com\/diariodebiologia.com\/wp-content\/uploads\/sites\/4\/2017\/02\/oleo-de-coco-cabelo-3.jpg?w=700 700w, https:\/\/i1.wp.com\/diariodebiologia.com\/wp-content\/uploads\/sites\/4\/2017\/02\/oleo-de-coco-cabelo-3.jpg?resize=300%2C150 300w\" data-lazy-sizes=\"(max-width: 700px) 100vw, 700px\" \/><\/a><\/p>\n<p>Muito f\u00e1cil de achar em qualquer loja de produtos naturais ou supermercados, o \u00f3leo de coco \u00e9 um aliado para v\u00e1rios problemas, n\u00e3o s\u00f3 nos cabelos, como tamb\u00e9m na pele. O \u00f3leo de coco \u00e9 rico em vitamina E, K, \u00e1cidos graxos e outros nutrientes ben\u00e9ficos para a sa\u00fade dos fios. O uso desse produto j\u00e1 entrou na rotina e \u00e9 geralmente \u00e9 usado para fazer umecta\u00e7\u00e3o dos cabelos. Mas voc\u00ea tamb\u00e9m pode inclu\u00ed-lo em outros tratamentos capilares, como a hidrata\u00e7\u00e3o. A combina\u00e7\u00e3o do \u00f3leo vegetal com a m\u00e1scara ser\u00e1 uma excelente f\u00f3rmula para combater o ressecado, reduzir o frizz e controlar o volume dos fios.<\/p>\n<p><strong><em>Como usar:<\/em> <\/strong>Adicione 1 colher de \u00f3leo para cada 2 de creme, divida o cabelo, e aplique enluvando mecha a mecha, deixar agir por alguns minutos (seu tempo de pausa de costume, ou tempo descrito na embalagem da m\u00e1scara), depois basta enxaguar e pronto!<\/p>\n","protected":false},"excerpt":{"rendered":"<p>Tinturas, alisamentos e escovas, quando feitos rotineiramente, danificam as madeixas. Como resultado, os fios perdem<\/p>\n","protected":false},"author":6,"featured_media":60240,"comment_status":"open","ping_status":"open","sticky":false,"template":"","format":"standard","meta":[],"categories":[],"tags":[],"uagb_featured_image_src":{"full":["https:\/\/espacoecologico.com.br\/arquivo\/wp-content\/uploads\/2017\/02\/cabelos.jpg",415,265,false],"thumbnail":["https:\/\/espacoecologico.com.br\/arquivo\/wp-content\/uploads\/2017\/02\/cabelos-150x150.jpg",150,150,true],"medium":["https:\/\/espacoecologico.com.br\/arquivo\/wp-content\/uploads\/2017\/02\/cabelos-300x192.jpg",300,192,true],"medium_large":["https:\/\/espacoecologico.com.br\/arquivo\/wp-content\/uploads\/2017\/02\/cabelos.jpg",415,265,false],"large":["https:\/\/espacoecologico.com.br\/arquivo\/wp-content\/uploads\/2017\/02\/cabelos.jpg",415,265,false],"1536x1536":["https:\/\/espacoecologico.com.br\/arquivo\/wp-content\/uploads\/2017\/02\/cabelos.jpg",415,265,false],"2048x2048":["https:\/\/espacoecologico.com.br\/arquivo\/wp-content\/uploads\/2017\/02\/cabelos.jpg",415,265,false],"cream-magazine-thumbnail-2":["https:\/\/espacoecologico.com.br\/arquivo\/wp-content\/uploads\/2017\/02\/cabelos.jpg",415,265,false],"cream-magazine-thumbnail-3":["https:\/\/espacoecologico.com.br\/arquivo\/wp-content\/uploads\/2017\/02\/cabelos.jpg",415,265,false],"cream-magazine-thumbnail-4":["https:\/\/espacoecologico.com.br\/arquivo\/wp-content\/uploads\/2017\/02\/cabelos.jpg",415,265,false]},"uagb_author_info":{"display_name":"","author_link":"https:\/\/espacoecologico.com.br\/arquivo\/author\/"},"uagb_comment_info":0,"uagb_excerpt":"Tinturas, alisamentos e escovas, quando feitos rotineiramente, danificam as madeixas. Como resultado, os fios perdem","_links":{"self":[{"href":"https:\/\/espacoecologico.com.br\/arquivo\/wp-json\/wp\/v2\/posts\/60238"}],"collection":[{"href":"https:\/\/espacoecologico.com.br\/arquivo\/wp-json\/wp\/v2\/posts"}],"about":[{"href":"https:\/\/espacoecologico.com.br\/arquivo\/wp-json\/wp\/v2\/types\/post"}],"author":[{"embeddable":true,"href":"https:\/\/espacoecologico.com.br\/arquivo\/wp-json\/wp\/v2\/users\/6"}],"replies":[{"embeddable":true,"href":"https:\/\/espacoecologico.com.br\/arquivo\/wp-json\/wp\/v2\/comments?post=60238"}],"version-history":[{"count":0,"href":"https:\/\/espacoecologico.com.br\/arquivo\/wp-json\/wp\/v2\/posts\/60238\/revisions"}],"wp:featuredmedia":[{"embeddable":true,"href":"https:\/\/espacoecologico.com.br\/arquivo\/wp-json\/wp\/v2\/media\/60240"}],"wp:attachment":[{"href":"https:\/\/espacoecologico.com.br\/arquivo\/wp-json\/wp\/v2\/media?parent=60238"}],"wp:term":[{"taxonomy":"category","embeddable":true,"href":"https:\/\/espacoecologico.com.br\/arquivo\/wp-json\/wp\/v2\/categories?post=60238"},{"taxonomy":"post_tag","embeddable":true,"href":"https:\/\/espacoecologico.com.br\/arquivo\/wp-json\/wp\/v2\/tags?post=60238"}],"curies":[{"name":"wp","href":"https:\/\/api.w.org\/{rel}","templated":true}]}}