{"id":60233,"date":"2017-02-19T11:14:28","date_gmt":"2017-02-19T14:14:28","guid":{"rendered":"https:\/\/espacoecologico.com.br\/arquivo\/?p=60233"},"modified":"2017-02-19T11:14:28","modified_gmt":"2017-02-19T14:14:28","slug":"as-pessoas-deveriam-fazer-raspagem-da-lingua-todas-as-manhas-mas-a-maioria-nao-faz-isso","status":"publish","type":"post","link":"https:\/\/espacoecologico.com.br\/arquivo\/as-pessoas-deveriam-fazer-raspagem-da-lingua-todas-as-manhas-mas-a-maioria-nao-faz-isso\/","title":{"rendered":"As pessoas deveriam fazer raspagem da l\u00edngua todas as manh\u00e3s, mas a maioria n\u00e3o faz isso"},"content":{"rendered":"<p><a href=\"https:\/\/espacoecologico.com.br\/arquivo\/as-pessoas-deveriam-fazer-raspagem-da-lingua-todas-as-manhas-mas-a-maioria-nao-faz-isso\/lingua-2\/\" rel=\"attachment wp-att-60235\"><img loading=\"lazy\" class=\"alignleft size-medium wp-image-60235\" src=\"https:\/\/espacoecologico.com.br\/arquivo\/wp-content\/uploads\/2017\/02\/lingua-300x192.jpg\" alt=\"\" width=\"300\" height=\"192\" srcset=\"https:\/\/espacoecologico.com.br\/arquivo\/wp-content\/uploads\/2017\/02\/lingua-300x192.jpg 300w, https:\/\/espacoecologico.com.br\/arquivo\/wp-content\/uploads\/2017\/02\/lingua.jpg 415w\" sizes=\"(max-width: 300px) 100vw, 300px\" \/><\/a>Ao longo de v\u00e1rias culturas no mundo existem pr\u00e1ticas di\u00e1rias que s\u00e3o consideradas indispens\u00e1veis para a sa\u00fade e higiene. Na cultura ocidental, escovar os dentes ao levantar de manh\u00e3 \u00e9 considerado absolutamente indispens\u00e1vel. Mas no oriente, a raspagem da l\u00edngua \u00e9 uma pr\u00e1tica considerada t\u00e3o importante quanto escovar os dentes. As raz\u00f5es n\u00e3o s\u00e3o apenas quest\u00f5es de higiene.<\/p>\n<p>Por causa da sua noite de sono, quando a saliva\u00e7\u00e3o cai 90%, \u00e9 muito importante que nossa l\u00edngua seja raspada toda manh\u00e3, impreterivelmente. Segundo especialistas a raspagem da l\u00edngua remove o ac\u00famulo de toxinas noturnas que inevitavelmente revestem nossa l\u00edngua pela manh\u00e3. Quando nossa l\u00edngua amanhece revestida por uma pel\u00edcula branca \u00e9 um sinal do ac\u00famulo de toxinas nos intestinos e est\u00f4mago.<\/p>\n<p>O raspador, que pode ser comprado nas farm\u00e1cias e deve ser usado antes da escova\u00e7\u00e3o, traz toda sujeira da base para fora da l\u00edngua removendo a pel\u00edcula esbranqui\u00e7ada acumulada na l\u00edngua durante a noite. Depois promove um enx\u00e1gue com \u00e1gua e termina com a escova\u00e7\u00e3o de praxe.<\/p>\n<p><a href=\"http:\/\/diariodebiologia.com\/\" rel=\"attachment wp-att-33661\"><img loading=\"lazy\" class=\"aligncenter  wp-image-33661     lazyloaded\" src=\"https:\/\/i0.wp.com\/diariodebiologia.com\/wp-content\/uploads\/sites\/4\/2015\/12\/como-limpar-a-lingua.jpg?resize=500%2C272\" sizes=\"(max-width: 500px) 100vw, 500px\" srcset=\"https:\/\/i0.wp.com\/diariodebiologia.com\/wp-content\/uploads\/sites\/4\/2015\/12\/como-limpar-a-lingua.jpg?w=500 500w, https:\/\/i0.wp.com\/diariodebiologia.com\/wp-content\/uploads\/sites\/4\/2015\/12\/como-limpar-a-lingua.jpg?resize=360%2C195 360w\" alt=\"como-limpar-a-lingua\" width=\"640\" height=\"348\" data-attachment-id=\"33661\" data-permalink=\"http:\/\/diariodebiologia.com\/2015\/12\/as-pessoas-deveriam-fazer-raspagem-da-lingua-todas-as-manhas-mas-a-maioria-nao-faz-isso-descubra-porque-voce-deve-comecar-hoje\/como-limpar-a-lingua\/\" data-orig-file=\"https:\/\/i0.wp.com\/diariodebiologia.com\/wp-content\/uploads\/sites\/4\/2015\/12\/como-limpar-a-lingua.jpg?fit=500%2C272\" data-orig-size=\"500,272\" data-comments-opened=\"1\" data-image-meta=\"{&quot;aperture&quot;:&quot;0&quot;,&quot;credit&quot;:&quot;&quot;,&quot;camera&quot;:&quot;&quot;,&quot;caption&quot;:&quot;&quot;,&quot;created_timestamp&quot;:&quot;0&quot;,&quot;copyright&quot;:&quot;&quot;,&quot;focal_length&quot;:&quot;0&quot;,&quot;iso&quot;:&quot;0&quot;,&quot;shutter_speed&quot;:&quot;0&quot;,&quot;title&quot;:&quot;&quot;,&quot;orientation&quot;:&quot;0&quot;}\" data-image-title=\"como-limpar-a-lingua\" data-image-description=\"\" data-medium-file=\"https:\/\/i0.wp.com\/diariodebiologia.com\/wp-content\/uploads\/sites\/4\/2015\/12\/como-limpar-a-lingua.jpg?fit=300%2C163\" data-large-file=\"https:\/\/i0.wp.com\/diariodebiologia.com\/wp-content\/uploads\/sites\/4\/2015\/12\/como-limpar-a-lingua.jpg?fit=500%2C272\" data-lazy-src=\"https:\/\/i0.wp.com\/diariodebiologia.com\/wp-content\/uploads\/sites\/4\/2015\/12\/como-limpar-a-lingua.jpg?resize=500%2C272\" data-lazy-srcset=\"https:\/\/i0.wp.com\/diariodebiologia.com\/wp-content\/uploads\/sites\/4\/2015\/12\/como-limpar-a-lingua.jpg?w=500 500w, https:\/\/i0.wp.com\/diariodebiologia.com\/wp-content\/uploads\/sites\/4\/2015\/12\/como-limpar-a-lingua.jpg?resize=360%2C195 360w\" data-lazy-sizes=\"(max-width: 500px) 100vw, 500px\" \/><\/a><\/p>\n<h3>Melhora respira\u00e7\u00e3o<\/h3>\n<p>A remo\u00e7\u00e3o das bact\u00e9rias, restos de comida, fungos e c\u00e9lulas mortas da l\u00edngua reduz significativamente o mau cheiro na boca.\u00a0Os dentistas alertam que ao escovar a l\u00edngua, voc\u00ea estar\u00e1 empurrando a sujeira para a base da l\u00edngua e n\u00e3o resolver\u00e1 o problema.\u00a0Voc\u00ea vai se surpreender quando fizer a raspagem e ver o \u2018lama\u00e7al\u2019 que sai da l\u00edngua.<\/p>\n<h3>Apura a capacidade de saborear<\/h3>\n<p>A raspagem vai expor melhor seu paladar, o que levar\u00e1 a uma melhor aprecia\u00e7\u00e3o dos sabores da sua comida. Quando temos nosso paladar e receptores da l\u00edngua interfere a capacidade do nosso corpo de ser comunicar com o nosso c\u00e9rebro sobre os tipos de alimentos que precisamos ingerir para manter nossa sa\u00fade, levando a \u2018falsos desejos\u2019.<\/p>\n<h3>Evita as toxinas sejam reabsorvidas em seu corpo<\/h3>\n<p>Como j\u00e1 dito, enquanto dormimos, nosso corpo aproveita para se desintoxicar. Boa parte do filme na sua l\u00edngua \u00e9 composto de toxinas excretadas pelo corpo. Voc\u00ea n\u00e3o quer voltar a engolir isso de novo, n\u00e3o \u00e9? CLARO QUE N\u00c3O! A raspagem sua l\u00edngua vai melhorar sua sa\u00fade e ainda aprimorar seu sistema imunol\u00f3gico.<\/p>\n<h3>Melhora a sa\u00fade dental<\/h3>\n<p>Ao remover bact\u00e9rias e toxinas, estamos contribuindo para uma melhor sa\u00fade dental, bem como, levando a dentes e gengivas saud\u00e1veis. As bact\u00e9rias removidas da sua l\u00edngua s\u00e3o respons\u00e1veis ??por problemas periodontais, o ac\u00famulo de placa, a c\u00e1rie dent\u00e1ria, infec\u00e7\u00f5es na gengiva, recess\u00e3o gengival e at\u00e9 perda de dentes<\/p>\n","protected":false},"excerpt":{"rendered":"<p>Ao longo de v\u00e1rias culturas no mundo existem pr\u00e1ticas di\u00e1rias que s\u00e3o consideradas indispens\u00e1veis para<\/p>\n","protected":false},"author":6,"featured_media":60235,"comment_status":"open","ping_status":"open","sticky":false,"template":"","format":"standard","meta":[],"categories":[],"tags":[],"uagb_featured_image_src":{"full":["https:\/\/espacoecologico.com.br\/arquivo\/wp-content\/uploads\/2017\/02\/lingua.jpg",415,265,false],"thumbnail":["https:\/\/espacoecologico.com.br\/arquivo\/wp-content\/uploads\/2017\/02\/lingua-150x150.jpg",150,150,true],"medium":["https:\/\/espacoecologico.com.br\/arquivo\/wp-content\/uploads\/2017\/02\/lingua-300x192.jpg",300,192,true],"medium_large":["https:\/\/espacoecologico.com.br\/arquivo\/wp-content\/uploads\/2017\/02\/lingua.jpg",415,265,false],"large":["https:\/\/espacoecologico.com.br\/arquivo\/wp-content\/uploads\/2017\/02\/lingua.jpg",415,265,false],"1536x1536":["https:\/\/espacoecologico.com.br\/arquivo\/wp-content\/uploads\/2017\/02\/lingua.jpg",415,265,false],"2048x2048":["https:\/\/espacoecologico.com.br\/arquivo\/wp-content\/uploads\/2017\/02\/lingua.jpg",415,265,false],"cream-magazine-thumbnail-2":["https:\/\/espacoecologico.com.br\/arquivo\/wp-content\/uploads\/2017\/02\/lingua.jpg",415,265,false],"cream-magazine-thumbnail-3":["https:\/\/espacoecologico.com.br\/arquivo\/wp-content\/uploads\/2017\/02\/lingua.jpg",415,265,false],"cream-magazine-thumbnail-4":["https:\/\/espacoecologico.com.br\/arquivo\/wp-content\/uploads\/2017\/02\/lingua.jpg",415,265,false]},"uagb_author_info":{"display_name":"","author_link":"https:\/\/espacoecologico.com.br\/arquivo\/author\/"},"uagb_comment_info":0,"uagb_excerpt":"Ao longo de v\u00e1rias culturas no mundo existem pr\u00e1ticas di\u00e1rias que s\u00e3o consideradas indispens\u00e1veis para","_links":{"self":[{"href":"https:\/\/espacoecologico.com.br\/arquivo\/wp-json\/wp\/v2\/posts\/60233"}],"collection":[{"href":"https:\/\/espacoecologico.com.br\/arquivo\/wp-json\/wp\/v2\/posts"}],"about":[{"href":"https:\/\/espacoecologico.com.br\/arquivo\/wp-json\/wp\/v2\/types\/post"}],"author":[{"embeddable":true,"href":"https:\/\/espacoecologico.com.br\/arquivo\/wp-json\/wp\/v2\/users\/6"}],"replies":[{"embeddable":true,"href":"https:\/\/espacoecologico.com.br\/arquivo\/wp-json\/wp\/v2\/comments?post=60233"}],"version-history":[{"count":0,"href":"https:\/\/espacoecologico.com.br\/arquivo\/wp-json\/wp\/v2\/posts\/60233\/revisions"}],"wp:featuredmedia":[{"embeddable":true,"href":"https:\/\/espacoecologico.com.br\/arquivo\/wp-json\/wp\/v2\/media\/60235"}],"wp:attachment":[{"href":"https:\/\/espacoecologico.com.br\/arquivo\/wp-json\/wp\/v2\/media?parent=60233"}],"wp:term":[{"taxonomy":"category","embeddable":true,"href":"https:\/\/espacoecologico.com.br\/arquivo\/wp-json\/wp\/v2\/categories?post=60233"},{"taxonomy":"post_tag","embeddable":true,"href":"https:\/\/espacoecologico.com.br\/arquivo\/wp-json\/wp\/v2\/tags?post=60233"}],"curies":[{"name":"wp","href":"https:\/\/api.w.org\/{rel}","templated":true}]}}