{"id":60228,"date":"2017-02-19T14:30:51","date_gmt":"2017-02-19T17:30:51","guid":{"rendered":"https:\/\/espacoecologico.com.br\/arquivo\/?p=60228"},"modified":"2017-02-19T11:07:27","modified_gmt":"2017-02-19T14:07:27","slug":"queimadas-consomem-hectares-no-am-e-geram-prejuizo-para-agricultores","status":"publish","type":"post","link":"https:\/\/espacoecologico.com.br\/arquivo\/queimadas-consomem-hectares-no-am-e-geram-prejuizo-para-agricultores\/","title":{"rendered":"Queimadas consomem hectares no AM e geram preju\u00edzo para agricultores"},"content":{"rendered":"<p><a href=\"https:\/\/espacoecologico.com.br\/arquivo\/?attachment_id=60229\" rel=\"attachment wp-att-60229\"><img loading=\"lazy\" class=\"alignleft size-medium wp-image-60229\" src=\"https:\/\/espacoecologico.com.br\/arquivo\/wp-content\/uploads\/2017\/02\/queimadas-300x192.jpg\" alt=\"\" width=\"300\" height=\"192\" srcset=\"https:\/\/espacoecologico.com.br\/arquivo\/wp-content\/uploads\/2017\/02\/queimadas-300x192.jpg 300w, https:\/\/espacoecologico.com.br\/arquivo\/wp-content\/uploads\/2017\/02\/queimadas.jpg 415w\" sizes=\"(max-width: 300px) 100vw, 300px\" \/><\/a>Todo ano, as queimadas consomem milhares de hectares de florestas e campos da Amaz\u00f4nia. O fogo se espalha por s\u00edtios e fazendas, trazendo preju\u00edzo para agricultores e meio ambiente. O cen\u00e1rio de morte tornou-se mais comum na Amaz\u00f4nia, no ano passado.<\/p>\n<p>A fazenda Francisco de Assis, no munic\u00edpio de Porto Velho, tem mil hectares e 500 cabe\u00e7as de gado de corte. Diante do inc\u00eandio que avan\u00e7ava rapidamente pelo pasto, Joelma de Oliveira, funcion\u00e1ria de uma fazenda da regi\u00e3o, parece estar em desespero. O filho Carlos Eduardo, de nove anos, tamb\u00e9m ajuda.<\/p>\n<p>Depois de duas horas, os funcion\u00e1rios da fazenda conseguiram controlar o fogo com ajuda de um trator e uma mangueira d\u2019\u00e1gua. Mas, boa parte do pasto j\u00e1 estava toda destru\u00edda. Um cen\u00e1rio de morte que est\u00e1 cada vez mais comum na Amaz\u00f4nia.<\/p>\n<p>O pecuarista Emanuel Marques, dono da propriedade, disse que o fogo veio uma \u00e1rea vizinha. Segundo ele, as queimadas na regi\u00e3o sempre causam preocupa\u00e7\u00e3o e preju\u00edzos. \u201cIsso d\u00e1 uma tristeza muito grande. Eu n\u00e3o queria estar aqui vendo isso\u201d, lamenta.<\/p>\n<p>O produtor explicou que o capim queimado rebrota naturalmente, mas o piquete inteiro ter\u00e1 que ficar isolado, sem gado, por tr\u00eas ou quatro meses. \u201cSe eu botar o gado, eles v\u00e3o comer o broto que vai estar renascendo e acaba com o capim. E n\u00e3o come o capim seco l\u00e1\u201d, explica.<\/p>\n<p>O Ibama conta com algumas equipes de brigadistas. S\u00e3o funcion\u00e1rios tempor\u00e1rios que combatem queimadas durante a chamada \u2018temporada do fogo\u2019, que ocorre de julho a dezembro em Rond\u00f4nia. O servi\u00e7o do dia ocorre embaixo de uma linha de transmiss\u00e3o de energia. A equipe enfrenta as chamas com \u00e1gua, carregada em pulverizadores costais, e um abafador. Desde o in\u00edcio do ano, a Amaz\u00f4nia registrou mais de 80 mil focos de queimadas.<\/p>\n<p>As informa\u00e7\u00f5es s\u00e3o do Instituto Nacional de Pesquisas Espaciais \u2013 Inpe, que fica em S\u00e3o Jos\u00e9 dos Campos, S\u00e3o Paulo. O engenheiro Alberto Setzer coordena o Projeto de Monitoramento de Queimadas, baseado em imagens de sat\u00e9lite. \u201cCom certeza por tr\u00e1s do fogo tem a\u00e7\u00e3o humana\u201d, diz.<\/p>\n","protected":false},"excerpt":{"rendered":"<p>Todo ano, as queimadas consomem milhares de hectares de florestas e campos da Amaz\u00f4nia. O<\/p>\n","protected":false},"author":6,"featured_media":60229,"comment_status":"open","ping_status":"open","sticky":false,"template":"","format":"standard","meta":[],"categories":[],"tags":[],"uagb_featured_image_src":{"full":["https:\/\/espacoecologico.com.br\/arquivo\/wp-content\/uploads\/2017\/02\/queimadas.jpg",415,265,false],"thumbnail":["https:\/\/espacoecologico.com.br\/arquivo\/wp-content\/uploads\/2017\/02\/queimadas-150x150.jpg",150,150,true],"medium":["https:\/\/espacoecologico.com.br\/arquivo\/wp-content\/uploads\/2017\/02\/queimadas-300x192.jpg",300,192,true],"medium_large":["https:\/\/espacoecologico.com.br\/arquivo\/wp-content\/uploads\/2017\/02\/queimadas.jpg",415,265,false],"large":["https:\/\/espacoecologico.com.br\/arquivo\/wp-content\/uploads\/2017\/02\/queimadas.jpg",415,265,false],"1536x1536":["https:\/\/espacoecologico.com.br\/arquivo\/wp-content\/uploads\/2017\/02\/queimadas.jpg",415,265,false],"2048x2048":["https:\/\/espacoecologico.com.br\/arquivo\/wp-content\/uploads\/2017\/02\/queimadas.jpg",415,265,false],"cream-magazine-thumbnail-2":["https:\/\/espacoecologico.com.br\/arquivo\/wp-content\/uploads\/2017\/02\/queimadas.jpg",415,265,false],"cream-magazine-thumbnail-3":["https:\/\/espacoecologico.com.br\/arquivo\/wp-content\/uploads\/2017\/02\/queimadas.jpg",415,265,false],"cream-magazine-thumbnail-4":["https:\/\/espacoecologico.com.br\/arquivo\/wp-content\/uploads\/2017\/02\/queimadas.jpg",415,265,false]},"uagb_author_info":{"display_name":"","author_link":"https:\/\/espacoecologico.com.br\/arquivo\/author\/"},"uagb_comment_info":0,"uagb_excerpt":"Todo ano, as queimadas consomem milhares de hectares de florestas e campos da Amaz\u00f4nia. O","_links":{"self":[{"href":"https:\/\/espacoecologico.com.br\/arquivo\/wp-json\/wp\/v2\/posts\/60228"}],"collection":[{"href":"https:\/\/espacoecologico.com.br\/arquivo\/wp-json\/wp\/v2\/posts"}],"about":[{"href":"https:\/\/espacoecologico.com.br\/arquivo\/wp-json\/wp\/v2\/types\/post"}],"author":[{"embeddable":true,"href":"https:\/\/espacoecologico.com.br\/arquivo\/wp-json\/wp\/v2\/users\/6"}],"replies":[{"embeddable":true,"href":"https:\/\/espacoecologico.com.br\/arquivo\/wp-json\/wp\/v2\/comments?post=60228"}],"version-history":[{"count":0,"href":"https:\/\/espacoecologico.com.br\/arquivo\/wp-json\/wp\/v2\/posts\/60228\/revisions"}],"wp:featuredmedia":[{"embeddable":true,"href":"https:\/\/espacoecologico.com.br\/arquivo\/wp-json\/wp\/v2\/media\/60229"}],"wp:attachment":[{"href":"https:\/\/espacoecologico.com.br\/arquivo\/wp-json\/wp\/v2\/media?parent=60228"}],"wp:term":[{"taxonomy":"category","embeddable":true,"href":"https:\/\/espacoecologico.com.br\/arquivo\/wp-json\/wp\/v2\/categories?post=60228"},{"taxonomy":"post_tag","embeddable":true,"href":"https:\/\/espacoecologico.com.br\/arquivo\/wp-json\/wp\/v2\/tags?post=60228"}],"curies":[{"name":"wp","href":"https:\/\/api.w.org\/{rel}","templated":true}]}}