{"id":60223,"date":"2017-02-19T10:57:20","date_gmt":"2017-02-19T13:57:20","guid":{"rendered":"https:\/\/espacoecologico.com.br\/arquivo\/?p=60223"},"modified":"2017-02-19T10:57:22","modified_gmt":"2017-02-19T13:57:22","slug":"projeto-no-rn-reaproveita-agua-de-esgoto-para-producao-agricola","status":"publish","type":"post","link":"https:\/\/espacoecologico.com.br\/arquivo\/projeto-no-rn-reaproveita-agua-de-esgoto-para-producao-agricola\/","title":{"rendered":"Projeto no RN reaproveita \u00e1gua de esgoto para produ\u00e7\u00e3o agr\u00edcola"},"content":{"rendered":"<p><a href=\"https:\/\/espacoecologico.com.br\/arquivo\/projeto-no-rn-reaproveita-agua-de-esgoto-para-producao-agricola\/reuso_agua-5\/\" rel=\"attachment wp-att-60224\"><img loading=\"lazy\" class=\"alignleft size-medium wp-image-60224\" src=\"https:\/\/espacoecologico.com.br\/arquivo\/wp-content\/uploads\/2017\/02\/reuso_agua-300x192.jpg\" alt=\"\" width=\"300\" height=\"192\" srcset=\"https:\/\/espacoecologico.com.br\/arquivo\/wp-content\/uploads\/2017\/02\/reuso_agua-300x192.jpg 300w, https:\/\/espacoecologico.com.br\/arquivo\/wp-content\/uploads\/2017\/02\/reuso_agua.jpg 415w\" sizes=\"(max-width: 300px) 100vw, 300px\" \/><\/a>O Globo Rural deste domingo (19) fala sobre o reaproveitamento de esgoto para produ\u00e7\u00e3o agr\u00edcola, o chamado reuso da \u00e1gua. Um projeto no Rio Grande do Norte est\u00e1 dando bons resultados.<\/p>\n<p>O agr\u00f4nomo Lirani Dantas comprou uma propriedade com uma esta\u00e7\u00e3o de tratamento de esgoto, ao lado da cidade de <a class=\"premium-tip\" href=\"http:\/\/g1.globo.com\/rn\/rio-grande-do-norte\/cidade\/florania.html\">Flor\u00e2nia<\/a>, que fica quase no cora\u00e7\u00e3o do semi\u00e1rido do Rio Grande do Norte, a 230 km de Natal.<\/p>\n<p>O esgoto de Flor\u00e2nia desce todo para o local e antes o que era um desconforto, hoje \u00e9 um benef\u00edcio. Lirani criou pastagens que n\u00e3o deixam a desejar das encontradas nas fazendas do Centro-Sul do pa\u00eds.<\/p>\n<p>O que Lirani fez foi captar \u00e1gua do terceiro tanque, onde j\u00e1 se considera que o esgoto esteja tratado, e pulverizar os pastos. O capim reagiu com toda for\u00e7a e o gado respondeu com muito vigor. \u201cEssa \u00e1gua \u00e9 uma solu\u00e7\u00e3o nutritiva. \u00c9 uma \u00e1gua com nutrientes. N\u00e3o uso adubo\u201d, conta Lirani.<\/p>\n<p>No est\u00e1bulo, a produ\u00e7\u00e3o de leite praticamente triplicou. Segundo o veterin\u00e1rio Ja\u00edlson Santana, o re\u00faso n\u00e3o implica em manejo diferente. Bem nutrido, o rebanho tem mais imunidade. Mas h\u00e1 um cuidado fundamental com as vacas em lacta\u00e7\u00e3o. Por isso essas vacas n\u00e3o passam perto do tanque que recebe o esgoto in natura.<\/p>\n<p>O especialista em saneamento e engenharia ambiental, C\u00edcero de Andrade, diz que tem pa\u00edses que reaproveitam at\u00e9 70% do esgoto dom\u00e9stico. Alguns pa\u00edses j\u00e1 t\u00eam tubula\u00e7\u00e3o de grande porte para transportar o esgoto urbano at\u00e9 o campo. \u00c9 o caso de Israel, Austr\u00e1lia e M\u00e9xico. Uma maneira inteligente e sustent\u00e1vel de transformar polui\u00e7\u00e3o em produ\u00e7\u00e3o.<\/p>\n<p><strong>Outra experi\u00eancia positiva<\/strong><\/p>\n<p>Na grave crise de falta d\u00b4\u00e1gua do Nordeste, uma experi\u00eancia que abre novos caminhos acontece no Rio Grande do Norte. Para o Nordeste seco, sempre se fala em perfura\u00e7\u00e3o de po\u00e7os, constru\u00e7\u00e3o de barragens, transposi\u00e7\u00e3o, mas uma alternativa se abre com o reuso de \u00e1gua, reuso do esgoto de cidade, que tratado, pode ser muito bem-vindo na agricultura.<\/p>\n<p><a href=\"https:\/\/espacoecologico.com.br\/arquivo\/projeto-no-rn-reaproveita-agua-de-esgoto-para-producao-agricola\/reuso_agua1\/\" rel=\"attachment wp-att-60225\"><img loading=\"lazy\" class=\"alignnone wp-image-60225 size-full\" src=\"https:\/\/espacoecologico.com.br\/arquivo\/wp-content\/uploads\/2017\/02\/reuso_agua1.jpg\" width=\"640\" height=\"336\" srcset=\"https:\/\/espacoecologico.com.br\/arquivo\/wp-content\/uploads\/2017\/02\/reuso_agua1.jpg 640w, https:\/\/espacoecologico.com.br\/arquivo\/wp-content\/uploads\/2017\/02\/reuso_agua1-300x158.jpg 300w\" sizes=\"(max-width: 640px) 100vw, 640px\" \/><\/a>Em <a class=\"premium-tip\" href=\"http:\/\/g1.globo.com\/rn\/rio-grande-do-norte\/cidade\/santana-do-serido.html\">Santana do Serid\u00f3<\/a>, agricultores e zootecnistas aprenderam a reverenciar a \u00e1gua. Localizado bem na divisa do Rio Grande do Norte com a Para\u00edba, o munic\u00edpio \u00e9 cortado por afluentes do Rio Serid\u00f3, cursos d\u2019\u00e1gua tempor\u00e1rios, que correm por apenas dois ou tr\u00eas meses do ano, quando \u00e9 ano de chuva.<\/p>\n<p>S\u00f3 que em vez de ficar se lamentando pelo leito seco, algu\u00e9m prop\u00f4s que se olhasse para uma outra fonte de \u00e1gua para a qual a maioria das pessoas torce o nariz e tem at\u00e9 nojo, mas que pode funcionar como um rio perene: \u00e9 o esgoto da cidade.<\/p>\n<p>Quem prop\u00f4s que o esgoto servisse como um rio perene, um fluxo continuo, foi o zootecnista e professor federal Ivan de Oliveira Junior, baseado no seguinte: os munic\u00edpios do Serid\u00f3 recebem \u00e1gua de longe, via adutora, \u00e0s vezes dia sim, dia n\u00e3o ou s\u00f3 por algumas horas, mas a todo momento tem gente lavando roupa, usando o banheiro e tomando banho.<\/p>\n<p>O projeto de reciclagem da \u00e1gua j\u00e1 recebeu trof\u00e9us da ONU, da Caixa e levou o Pr\u00eamio Mandacaru, em dinheiro que foi revertido no pr\u00f3prio projeto.<\/p>\n<p>Assista ao v\u00eddeo com a reportagem completa e veja como a obra de baixo custo irriga com \u00e1gua de reuso um campo de palma que tem capacidade para produzir 400 toneladas de mat\u00e9ria verde por ano.<\/p>\n","protected":false},"excerpt":{"rendered":"<p>O Globo Rural deste domingo (19) fala sobre o reaproveitamento de esgoto para produ\u00e7\u00e3o agr\u00edcola,<\/p>\n","protected":false},"author":6,"featured_media":60224,"comment_status":"open","ping_status":"open","sticky":false,"template":"","format":"standard","meta":[],"categories":[],"tags":[],"uagb_featured_image_src":{"full":["https:\/\/espacoecologico.com.br\/arquivo\/wp-content\/uploads\/2017\/02\/reuso_agua.jpg",415,265,false],"thumbnail":["https:\/\/espacoecologico.com.br\/arquivo\/wp-content\/uploads\/2017\/02\/reuso_agua-150x150.jpg",150,150,true],"medium":["https:\/\/espacoecologico.com.br\/arquivo\/wp-content\/uploads\/2017\/02\/reuso_agua-300x192.jpg",300,192,true],"medium_large":["https:\/\/espacoecologico.com.br\/arquivo\/wp-content\/uploads\/2017\/02\/reuso_agua.jpg",415,265,false],"large":["https:\/\/espacoecologico.com.br\/arquivo\/wp-content\/uploads\/2017\/02\/reuso_agua.jpg",415,265,false],"1536x1536":["https:\/\/espacoecologico.com.br\/arquivo\/wp-content\/uploads\/2017\/02\/reuso_agua.jpg",415,265,false],"2048x2048":["https:\/\/espacoecologico.com.br\/arquivo\/wp-content\/uploads\/2017\/02\/reuso_agua.jpg",415,265,false],"cream-magazine-thumbnail-2":["https:\/\/espacoecologico.com.br\/arquivo\/wp-content\/uploads\/2017\/02\/reuso_agua.jpg",415,265,false],"cream-magazine-thumbnail-3":["https:\/\/espacoecologico.com.br\/arquivo\/wp-content\/uploads\/2017\/02\/reuso_agua.jpg",415,265,false],"cream-magazine-thumbnail-4":["https:\/\/espacoecologico.com.br\/arquivo\/wp-content\/uploads\/2017\/02\/reuso_agua.jpg",415,265,false]},"uagb_author_info":{"display_name":"","author_link":"https:\/\/espacoecologico.com.br\/arquivo\/author\/"},"uagb_comment_info":0,"uagb_excerpt":"O Globo Rural deste domingo (19) fala sobre o reaproveitamento de esgoto para produ\u00e7\u00e3o agr\u00edcola,","_links":{"self":[{"href":"https:\/\/espacoecologico.com.br\/arquivo\/wp-json\/wp\/v2\/posts\/60223"}],"collection":[{"href":"https:\/\/espacoecologico.com.br\/arquivo\/wp-json\/wp\/v2\/posts"}],"about":[{"href":"https:\/\/espacoecologico.com.br\/arquivo\/wp-json\/wp\/v2\/types\/post"}],"author":[{"embeddable":true,"href":"https:\/\/espacoecologico.com.br\/arquivo\/wp-json\/wp\/v2\/users\/6"}],"replies":[{"embeddable":true,"href":"https:\/\/espacoecologico.com.br\/arquivo\/wp-json\/wp\/v2\/comments?post=60223"}],"version-history":[{"count":0,"href":"https:\/\/espacoecologico.com.br\/arquivo\/wp-json\/wp\/v2\/posts\/60223\/revisions"}],"wp:featuredmedia":[{"embeddable":true,"href":"https:\/\/espacoecologico.com.br\/arquivo\/wp-json\/wp\/v2\/media\/60224"}],"wp:attachment":[{"href":"https:\/\/espacoecologico.com.br\/arquivo\/wp-json\/wp\/v2\/media?parent=60223"}],"wp:term":[{"taxonomy":"category","embeddable":true,"href":"https:\/\/espacoecologico.com.br\/arquivo\/wp-json\/wp\/v2\/categories?post=60223"},{"taxonomy":"post_tag","embeddable":true,"href":"https:\/\/espacoecologico.com.br\/arquivo\/wp-json\/wp\/v2\/tags?post=60223"}],"curies":[{"name":"wp","href":"https:\/\/api.w.org\/{rel}","templated":true}]}}