{"id":60210,"date":"2017-02-19T09:46:22","date_gmt":"2017-02-19T12:46:22","guid":{"rendered":"https:\/\/espacoecologico.com.br\/arquivo\/?p=60210"},"modified":"2017-02-19T09:46:23","modified_gmt":"2017-02-19T12:46:23","slug":"cientistas-encontram-vida-adormecida-ha-mais-de-10-mil-anos-em-caverna-de-cristal","status":"publish","type":"post","link":"https:\/\/espacoecologico.com.br\/arquivo\/cientistas-encontram-vida-adormecida-ha-mais-de-10-mil-anos-em-caverna-de-cristal\/","title":{"rendered":"Cientistas encontram vida &#8216;adormecida&#8217; h\u00e1 mais de 10 mil anos em caverna de cristal"},"content":{"rendered":"<div class=\"mc-column content-text active-extra-styles active-capital-letter\" data-block-type=\"unstyled\" data-block-weight=\"10\">\n<p class=\"content-text__container theme-color-primary-first-letter\" data-track-category=\"Link no Texto\" data-track-links=\"\"><a href=\"https:\/\/espacoecologico.com.br\/arquivo\/cientistas-encontram-vida-adormecida-ha-mais-de-10-mil-anos-em-caverna-de-cristal\/caverna_cristal\/\" rel=\"attachment wp-att-60211\"><img loading=\"lazy\" class=\"alignleft size-medium wp-image-60211\" src=\"https:\/\/espacoecologico.com.br\/arquivo\/wp-content\/uploads\/2017\/02\/caverna_cristal-300x192.jpg\" alt=\"\" width=\"300\" height=\"192\" srcset=\"https:\/\/espacoecologico.com.br\/arquivo\/wp-content\/uploads\/2017\/02\/caverna_cristal-300x192.jpg 300w, https:\/\/espacoecologico.com.br\/arquivo\/wp-content\/uploads\/2017\/02\/caverna_cristal.jpg 415w\" sizes=\"(max-width: 300px) 100vw, 300px\" \/><\/a>Trata-se de uma descoberta extraordin\u00e1ria ocorrida em um lugar incr\u00edvel.<\/p>\n<\/div>\n<div class=\"mc-column content-text active-extra-styles \" data-block-type=\"unstyled\" data-block-weight=\"25\">\n<p class=\"content-text__container \" data-track-category=\"Link no Texto\" data-track-links=\"\">Cientistas extra\u00edram e reviveram micr\u00f3bios que estavam &#8220;adormecidos&#8221; havia milhares de anos dentro dos famosos cristais gigantes das cavernas da montanha de Naica, no M\u00e9xico.<\/p>\n<\/div>\n<div class=\"mc-column content-text active-extra-styles \" data-block-type=\"unstyled\" data-block-weight=\"27\">\n<p class=\"content-text__container \" data-track-category=\"Link no Texto\" data-track-links=\"\">Acredita-se que esses organismos ficaram encapsulados nas impressionantes forma\u00e7\u00f5es de gipsita (pedra de gesso) por um per\u00edodo que pode variar entre 10 mil e 50 mil anos.<\/p>\n<\/div>\n<div class=\"mc-column content-text active-extra-styles \" data-block-type=\"unstyled\" data-block-weight=\"22\">\n<p class=\"content-text__container \" data-track-category=\"Link no Texto\" data-track-links=\"\">Para os pesquisadores, essa \u00e9 mais uma demonstra\u00e7\u00e3o do poder da vida em se adaptar e sobreviver mesmo nos ambientes mais hostis.<\/p>\n<\/div>\n<div class=\"mc-column content-text active-extra-styles \" data-block-type=\"unstyled\" data-block-weight=\"45\">\n<p class=\"content-text__container \" data-track-category=\"Link no Texto\" data-track-links=\"\">&#8220;Outras pessoas j\u00e1 haviam afirmado ter encontrado organismos muito antigos ainda vivos, mas neste caso todas essas criaturas s\u00e3o excepcionais &#8211; elas n\u00e3o s\u00e3o parentes pr\u00f3ximas de nada que esteja nos bancos de dados gen\u00e9ticos conhecidos&#8221;, afirmou Penelope Boston, uma das cientistas respons\u00e1veis pelo achado.<\/p>\n<\/div>\n<div class=\"mc-column content-text active-extra-styles \" data-block-type=\"unstyled\" data-block-weight=\"37\">\n<p class=\"content-text__container \" data-track-category=\"Link no Texto\" data-track-links=\"\">Nova diretora do Instituto de Astrobiologia da Nasa, a ag\u00eancia espacial americana, em Moffett Field, na Calif\u00f3rnia, ela descreveu a descoberta no encontro anual da Associa\u00e7\u00e3o Americana para o Avan\u00e7o da Ci\u00eancia (AAAS, na sigla em ingl\u00eas).<\/p>\n<\/div>\n<div class=\"mc-column content-text active-extra-styles\" data-block-type=\"raw\" data-block-weight=\"3\">\n<div class=\"content-intertitle\">\n<h2>Gra\u00e7as \u00e0 imperfei\u00e7\u00e3o<\/h2>\n<\/div>\n<\/div>\n<div class=\"mc-column content-text active-extra-styles \" data-block-type=\"unstyled\" data-block-weight=\"42\">\n<p class=\"content-text__container \" data-track-category=\"Link no Texto\" data-track-links=\"\">Encontradas um s\u00e9culo atr\u00e1s por mineiros que procuravam por prata e outros metais valiosos, as profundas cavernas de Naica s\u00e3o o lugar ideal para o trabalho de cientistas interessados em estudar os extrem\u00f3filos &#8211; organismos que conseguem viver em condi\u00e7\u00f5es praticamente imposs\u00edveis.<\/p>\n<\/div>\n<div class=\"mc-column content-text active-extra-styles \" data-block-type=\"unstyled\" data-block-weight=\"46\">\n<p class=\"content-text__container \" data-track-category=\"Link no Texto\" data-track-links=\"\">O ambiente \u00e9 bastante quente &#8211; as temperaturas variam entre 40\u00b0C e 60\u00b0C -, \u00famido e \u00e1cido. Como n\u00e3o h\u00e1 luz, todas as formas de vida existentes ali sobrevivem por meio da quimioss\u00edntese, processo pelo qual extraem a energia de que precisam da oxida\u00e7\u00e3o dos minerais.<\/p>\n<\/div>\n<div class=\"mc-column content-text active-extra-styles \" data-block-type=\"unstyled\" data-block-weight=\"21\">\n<p class=\"content-text__container \" data-track-category=\"Link no Texto\" data-track-links=\"\">Pesquisadores j\u00e1 haviam identificado micr\u00f3bios vivendo nas paredes das cavernas &#8211; a surpresa foi extrair exemplares de dentro dos cristais gigantes.<\/p>\n<\/div>\n<div class=\"mc-column content-text active-extra-styles \" data-block-type=\"unstyled\" data-block-weight=\"33\">\n<p class=\"content-text__container \" data-track-category=\"Link no Texto\" data-track-links=\"\">Isso foi poss\u00edvel porque essas forma\u00e7\u00f5es pontiagudas de gipsita, que levaram milh\u00f5es de anos para chegar ao tamanho atual, n\u00e3o s\u00e3o perfeitas. H\u00e1 defeitos em algumas partes, vazios nos quais fluidos acabaram encapsulados.<\/p>\n<\/div>\n<div class=\"content-ads content-ads--reveal\"><\/div>\n<div class=\"mc-column content-text active-extra-styles \" data-block-type=\"unstyled\" data-block-weight=\"17\">\n<p class=\"content-text__container \" data-track-category=\"Link no Texto\" data-track-links=\"\">Utilizando ferramentas esterilizadas, Boston e seus colegas abriram alguns desses espa\u00e7os e retiraram amostras de seu conte\u00fado.<\/p>\n<\/div>\n<div class=\"mc-column content-text active-extra-styles \" data-block-type=\"unstyled\" data-block-weight=\"22\">\n<p class=\"content-text__container \" data-track-category=\"Link no Texto\" data-track-links=\"\">O mais surpreendente \u00e9 que os cientistas n\u00e3o s\u00f3 detectaram a presen\u00e7a de bact\u00e9rias e arqueas, mas tamb\u00e9m conseguiram reanim\u00e1-las em laborat\u00f3rio.<\/p>\n<\/div>\n<div class=\"mc-column content-text active-extra-styles \" data-block-type=\"unstyled\" data-block-weight=\"29\">\n<p class=\"content-text__container \" data-track-category=\"Link no Texto\" data-track-links=\"\">A descoberta, por\u00e9m, levantou uma quest\u00e3o: ser\u00e1 que esses organismos n\u00e3o poderiam ser simplesmente resultado de contamina\u00e7\u00e3o ou terem sido introduzidos acidentalmente pela equipe de pesquisadores ou por mineiros?<\/p>\n<\/div>\n<div class=\"mc-column content-media content-media--normal\" data-block-type=\"backstage-photo\">\n<div class=\"content-media__container\">\n<div class=\"content-media__image-centered\">\n<div class=\"progressive-img\">\u00a0<picture><source srcset=\"http:\/\/s2.glbimg.com\/bE4F0JxyV5TX0ocPe1YJe7Ybq6Q=\/0x0:976x549\/600x0\/smart\/filters:strip_icc()\/i.s3.glbimg.com\/v1\/AUTH_59edd422c0c84a879bd37670ae4f538a\/internal_photos\/bs\/2017\/C\/I\/cFsGlgQIqAtasBEUlaSg\/ferro-oxidado-deixa-as-paredes-das-cavernas-da-cor-laranja.jpg 1x, http:\/\/s2.glbimg.com\/cEBOPKOvEqyXb4zCD_igjaxurYk=\/0x0:976x549\/1200x0\/smart\/filters:strip_icc()\/i.s3.glbimg.com\/v1\/AUTH_59edd422c0c84a879bd37670ae4f538a\/internal_photos\/bs\/2017\/C\/I\/cFsGlgQIqAtasBEUlaSg\/ferro-oxidado-deixa-as-paredes-das-cavernas-da-cor-laranja.jpg 2x\" media=\"(max-width: 1024px)\" data-src=\"http:\/\/s2.glbimg.com\/bE4F0JxyV5TX0ocPe1YJe7Ybq6Q=\/0x0:976x549\/600x0\/smart\/filters:strip_icc()\/i.s3.glbimg.com\/v1\/AUTH_59edd422c0c84a879bd37670ae4f538a\/internal_photos\/bs\/2017\/C\/I\/cFsGlgQIqAtasBEUlaSg\/ferro-oxidado-deixa-as-paredes-das-cavernas-da-cor-laranja.jpg 1x, http:\/\/s2.glbimg.com\/cEBOPKOvEqyXb4zCD_igjaxurYk=\/0x0:976x549\/1200x0\/smart\/filters:strip_icc()\/i.s3.glbimg.com\/v1\/AUTH_59edd422c0c84a879bd37670ae4f538a\/internal_photos\/bs\/2017\/C\/I\/cFsGlgQIqAtasBEUlaSg\/ferro-oxidado-deixa-as-paredes-das-cavernas-da-cor-laranja.jpg 2x\" \/><source srcset=\"http:\/\/s2.glbimg.com\/0dW-OU_y2WKOFMWMRZskfA_SJTY=\/0x0:976x549\/640x0\/smart\/filters:strip_icc()\/i.s3.glbimg.com\/v1\/AUTH_59edd422c0c84a879bd37670ae4f538a\/internal_photos\/bs\/2017\/C\/I\/cFsGlgQIqAtasBEUlaSg\/ferro-oxidado-deixa-as-paredes-das-cavernas-da-cor-laranja.jpg 1x, http:\/\/s2.glbimg.com\/32shAx72SgMlEoTrbf-tALvD9bo=\/0x0:976x549\/1280x0\/smart\/filters:strip_icc()\/i.s3.glbimg.com\/v1\/AUTH_59edd422c0c84a879bd37670ae4f538a\/internal_photos\/bs\/2017\/C\/I\/cFsGlgQIqAtasBEUlaSg\/ferro-oxidado-deixa-as-paredes-das-cavernas-da-cor-laranja.jpg 2x\" media=\"(max-width: 1280px)\" data-src=\"http:\/\/s2.glbimg.com\/0dW-OU_y2WKOFMWMRZskfA_SJTY=\/0x0:976x549\/640x0\/smart\/filters:strip_icc()\/i.s3.glbimg.com\/v1\/AUTH_59edd422c0c84a879bd37670ae4f538a\/internal_photos\/bs\/2017\/C\/I\/cFsGlgQIqAtasBEUlaSg\/ferro-oxidado-deixa-as-paredes-das-cavernas-da-cor-laranja.jpg 1x, http:\/\/s2.glbimg.com\/32shAx72SgMlEoTrbf-tALvD9bo=\/0x0:976x549\/1280x0\/smart\/filters:strip_icc()\/i.s3.glbimg.com\/v1\/AUTH_59edd422c0c84a879bd37670ae4f538a\/internal_photos\/bs\/2017\/C\/I\/cFsGlgQIqAtasBEUlaSg\/ferro-oxidado-deixa-as-paredes-das-cavernas-da-cor-laranja.jpg 2x\" \/><source srcset=\"http:\/\/s2.glbimg.com\/6q5hdmdg914jA3o37yNI8r-vIb8=\/0x0:976x549\/984x0\/smart\/filters:strip_icc()\/i.s3.glbimg.com\/v1\/AUTH_59edd422c0c84a879bd37670ae4f538a\/internal_photos\/bs\/2017\/C\/I\/cFsGlgQIqAtasBEUlaSg\/ferro-oxidado-deixa-as-paredes-das-cavernas-da-cor-laranja.jpg 1x, http:\/\/s2.glbimg.com\/qE667szB4BXYRNvOp-cVTwJ1AMQ=\/0x0:976x549\/1968x0\/smart\/filters:strip_icc()\/i.s3.glbimg.com\/v1\/AUTH_59edd422c0c84a879bd37670ae4f538a\/internal_photos\/bs\/2017\/C\/I\/cFsGlgQIqAtasBEUlaSg\/ferro-oxidado-deixa-as-paredes-das-cavernas-da-cor-laranja.jpg 2x\" media=\"(max-width: 1360px)\" data-src=\"http:\/\/s2.glbimg.com\/6q5hdmdg914jA3o37yNI8r-vIb8=\/0x0:976x549\/984x0\/smart\/filters:strip_icc()\/i.s3.glbimg.com\/v1\/AUTH_59edd422c0c84a879bd37670ae4f538a\/internal_photos\/bs\/2017\/C\/I\/cFsGlgQIqAtasBEUlaSg\/ferro-oxidado-deixa-as-paredes-das-cavernas-da-cor-laranja.jpg 1x, http:\/\/s2.glbimg.com\/qE667szB4BXYRNvOp-cVTwJ1AMQ=\/0x0:976x549\/1968x0\/smart\/filters:strip_icc()\/i.s3.glbimg.com\/v1\/AUTH_59edd422c0c84a879bd37670ae4f538a\/internal_photos\/bs\/2017\/C\/I\/cFsGlgQIqAtasBEUlaSg\/ferro-oxidado-deixa-as-paredes-das-cavernas-da-cor-laranja.jpg 2x\" \/><source srcset=\"http:\/\/s2.glbimg.com\/gVxP930xb9OXX8aPxJs2Ih2eDMY=\/0x0:976x549\/1000x0\/smart\/filters:strip_icc()\/i.s3.glbimg.com\/v1\/AUTH_59edd422c0c84a879bd37670ae4f538a\/internal_photos\/bs\/2017\/C\/I\/cFsGlgQIqAtasBEUlaSg\/ferro-oxidado-deixa-as-paredes-das-cavernas-da-cor-laranja.jpg 1x, http:\/\/s2.glbimg.com\/mheHLwUOuUo_nwvrzlV0q9Zx9oU=\/0x0:976x549\/2000x0\/smart\/filters:strip_icc()\/i.s3.glbimg.com\/v1\/AUTH_59edd422c0c84a879bd37670ae4f538a\/internal_photos\/bs\/2017\/C\/I\/cFsGlgQIqAtasBEUlaSg\/ferro-oxidado-deixa-as-paredes-das-cavernas-da-cor-laranja.jpg 2x\" media=\"(min-width: 1361px)\" data-src=\"http:\/\/s2.glbimg.com\/gVxP930xb9OXX8aPxJs2Ih2eDMY=\/0x0:976x549\/1000x0\/smart\/filters:strip_icc()\/i.s3.glbimg.com\/v1\/AUTH_59edd422c0c84a879bd37670ae4f538a\/internal_photos\/bs\/2017\/C\/I\/cFsGlgQIqAtasBEUlaSg\/ferro-oxidado-deixa-as-paredes-das-cavernas-da-cor-laranja.jpg 1x, http:\/\/s2.glbimg.com\/mheHLwUOuUo_nwvrzlV0q9Zx9oU=\/0x0:976x549\/2000x0\/smart\/filters:strip_icc()\/i.s3.glbimg.com\/v1\/AUTH_59edd422c0c84a879bd37670ae4f538a\/internal_photos\/bs\/2017\/C\/I\/cFsGlgQIqAtasBEUlaSg\/ferro-oxidado-deixa-as-paredes-das-cavernas-da-cor-laranja.jpg 2x\" \/><source srcset=\"http:\/\/s2.glbimg.com\/6q5hdmdg914jA3o37yNI8r-vIb8=\/0x0:976x549\/984x0\/smart\/filters:strip_icc()\/i.s3.glbimg.com\/v1\/AUTH_59edd422c0c84a879bd37670ae4f538a\/internal_photos\/bs\/2017\/C\/I\/cFsGlgQIqAtasBEUlaSg\/ferro-oxidado-deixa-as-paredes-das-cavernas-da-cor-laranja.jpg\" data-src=\"http:\/\/s2.glbimg.com\/6q5hdmdg914jA3o37yNI8r-vIb8=\/0x0:976x549\/984x0\/smart\/filters:strip_icc()\/i.s3.glbimg.com\/v1\/AUTH_59edd422c0c84a879bd37670ae4f538a\/internal_photos\/bs\/2017\/C\/I\/cFsGlgQIqAtasBEUlaSg\/ferro-oxidado-deixa-as-paredes-das-cavernas-da-cor-laranja.jpg\" \/><img class=\"image content-media__image progressive-loaded\" title=\"Ferro oxidado deixa as paredes das cavernas da cor laranja (Foto: Mike Spilde)\" srcset=\"http:\/\/s2.glbimg.com\/6q5hdmdg914jA3o37yNI8r-vIb8=\/0x0:976x549\/984x0\/smart\/filters:strip_icc()\/i.s3.glbimg.com\/v1\/AUTH_59edd422c0c84a879bd37670ae4f538a\/internal_photos\/bs\/2017\/C\/I\/cFsGlgQIqAtasBEUlaSg\/ferro-oxidado-deixa-as-paredes-das-cavernas-da-cor-laranja.jpg\" alt=\"Ferro oxidado deixa as paredes das cavernas da cor laranja (Foto: Mike Spilde)\" width=\"639\" height=\"360\" data-src=\"http:\/\/s2.glbimg.com\/6q5hdmdg914jA3o37yNI8r-vIb8=\/0x0:976x549\/984x0\/smart\/filters:strip_icc()\/i.s3.glbimg.com\/v1\/AUTH_59edd422c0c84a879bd37670ae4f538a\/internal_photos\/bs\/2017\/C\/I\/cFsGlgQIqAtasBEUlaSg\/ferro-oxidado-deixa-as-paredes-das-cavernas-da-cor-laranja.jpg\" \/> <\/picture><\/div>\n<\/div>\n<div class=\"content-media__description-centered \">\n<p class=\"content-media__description\"><i class=\"content-media__description__icon theme-color-primary\"> <\/i> <span class=\"content-media__description__caption\"> Ferro oxidado deixa as paredes das cavernas da cor laranja (Foto: Mike Spilde) <\/span><\/p>\n<\/div>\n<\/div>\n<\/div>\n<div class=\"mc-column content-text active-extra-styles\" data-block-type=\"raw\" data-block-weight=\"7\">\n<div class=\"content-intertitle\">\n<h2>A diretora da Nasa garante que n\u00e3o<\/h2>\n<\/div>\n<\/div>\n<div class=\"mc-column content-text active-extra-styles \" data-block-type=\"unstyled\" data-block-weight=\"48\">\n<p class=\"content-text__container \" data-track-category=\"Link no Texto\" data-track-links=\"\">Cientistas j\u00e1 haviam anunciado anteriormente ter revivido criaturas que acreditavam estar dormentes havia milh\u00f5es de anos, retiradas de cristais de sal ou gelo. Embora todos esses achados sejam controversos, Boston diz que, diante de tudo que viu em Naica e em outros ambientes semelhantes, est\u00e1 inclinada a aceit\u00e1-los.<\/p>\n<\/div>\n<div class=\"mc-column content-text active-extra-styles \" data-block-type=\"unstyled\" data-block-weight=\"20\">\n<p class=\"content-text__container \" data-track-category=\"Link no Texto\" data-track-links=\"\">O que d\u00e1 a ela confian\u00e7a sobre a import\u00e2ncia das cavernas mexicanas \u00e9 a grande diversidade de vida existente ali.<\/p>\n<\/div>\n<div class=\"mc-column content-text active-extra-styles \" data-block-type=\"unstyled\" data-block-weight=\"50\">\n<p class=\"content-text__container \" data-track-category=\"Link no Texto\" data-track-links=\"\">&#8220;Outros grupos t\u00eam mostrado que h\u00e1 muitos v\u00edrus nessas cavernas, e o que eles dizem para mim \u00e9 que essas comunidades microbiais s\u00e3o completamente desenvolvidas e t\u00eam uma carga viral, assim como qualquer outra. Esse \u00e9 outro aspecto que vai contra a ideia de uma contamina\u00e7\u00e3o acidental&#8221;, afirmou a rep\u00f3rteres.<\/p>\n<\/div>\n<div class=\"mc-column content-text active-extra-styles\" data-block-type=\"raw\" data-block-weight=\"4\">\n<div class=\"content-intertitle\">\n<h2>Vida fora da Terra<\/h2>\n<\/div>\n<\/div>\n<div class=\"mc-column content-text active-extra-styles \" data-block-type=\"unstyled\" data-block-weight=\"19\">\n<p class=\"content-text__container \" data-track-category=\"Link no Texto\" data-track-links=\"\">A astrobiologista da Nasa est\u00e1 claramente interessada na relev\u00e2ncia desses achados para a busca por vida fora da Terra.<\/p>\n<\/div>\n<div class=\"mc-column content-text active-extra-styles \" data-block-type=\"unstyled\" data-block-weight=\"37\">\n<p class=\"content-text__container \" data-track-category=\"Link no Texto\" data-track-links=\"\">&#8220;O elo astrobiol\u00f3gico \u00e9 \u00f3bvio. Qualquer sistema extrem\u00f3filo que estejamos estudando nos permite ir al\u00e9m no conhecimento sobre a vida na Terra, e n\u00f3s inclu\u00edmos isso no rol de possibilidades que podemos aplicar em diferentes configura\u00e7\u00f5es plantet\u00e1rias.&#8221;<\/p>\n<\/div>\n<div class=\"mc-column content-text active-extra-styles \" data-block-type=\"unstyled\" data-block-weight=\"30\">\n<p class=\"content-text__container \" data-track-category=\"Link no Texto\" data-track-links=\"\">Para muitos cientistas, se houver vida em outro lugar do Sistema Solar, \u00e9 prov\u00e1vel que ela esteja no subterr\u00e2neo, sobrevivendo da quimioss\u00edntese, assim como os micr\u00f3bios das cavernas de Naica.<\/p>\n<\/div>\n<div class=\"mc-column content-text active-extra-styles \" data-block-type=\"unstyled\" data-block-weight=\"19\">\n<p class=\"content-text__container \" data-track-category=\"Link no Texto\" data-track-links=\"\">Boston afirmou que seu time estava prestes a submeter um artigo sobre o achado a uma relevante publica\u00e7\u00e3o cient\u00edfica.<\/p>\n<\/div>\n<div class=\"mc-column content-text active-extra-styles \" data-block-type=\"unstyled\" data-block-weight=\"31\">\n<p class=\"content-text__container \" data-track-category=\"Link no Texto\" data-track-links=\"\">Em sua conversa com rep\u00f3rteres, ela lamentou o fato de o complexo de cristal ter ficado inundado ap\u00f3s a recente interrup\u00e7\u00e3o dos trabalhos de minera\u00e7\u00e3o, o que impede um novo acesso.<\/p>\n<\/div>\n<div class=\"mc-column content-text active-extra-styles \" data-block-type=\"unstyled\" data-block-weight=\"11\">\n<p class=\"content-text__container \" data-track-category=\"Link no Texto\" data-track-links=\"\">&#8220;\u00c9 lindo de chorar l\u00e1 embaixo. Escrevi v\u00e1rios poemas sobre isso.&#8221;<\/p>\n<\/div>\n","protected":false},"excerpt":{"rendered":"<p>Trata-se de uma descoberta extraordin\u00e1ria ocorrida em um lugar incr\u00edvel. Cientistas extra\u00edram e reviveram micr\u00f3bios<\/p>\n","protected":false},"author":6,"featured_media":60211,"comment_status":"open","ping_status":"open","sticky":false,"template":"","format":"standard","meta":[],"categories":[],"tags":[],"uagb_featured_image_src":{"full":["https:\/\/espacoecologico.com.br\/arquivo\/wp-content\/uploads\/2017\/02\/caverna_cristal.jpg",415,265,false],"thumbnail":["https:\/\/espacoecologico.com.br\/arquivo\/wp-content\/uploads\/2017\/02\/caverna_cristal-150x150.jpg",150,150,true],"medium":["https:\/\/espacoecologico.com.br\/arquivo\/wp-content\/uploads\/2017\/02\/caverna_cristal-300x192.jpg",300,192,true],"medium_large":["https:\/\/espacoecologico.com.br\/arquivo\/wp-content\/uploads\/2017\/02\/caverna_cristal.jpg",415,265,false],"large":["https:\/\/espacoecologico.com.br\/arquivo\/wp-content\/uploads\/2017\/02\/caverna_cristal.jpg",415,265,false],"1536x1536":["https:\/\/espacoecologico.com.br\/arquivo\/wp-content\/uploads\/2017\/02\/caverna_cristal.jpg",415,265,false],"2048x2048":["https:\/\/espacoecologico.com.br\/arquivo\/wp-content\/uploads\/2017\/02\/caverna_cristal.jpg",415,265,false],"cream-magazine-thumbnail-2":["https:\/\/espacoecologico.com.br\/arquivo\/wp-content\/uploads\/2017\/02\/caverna_cristal.jpg",415,265,false],"cream-magazine-thumbnail-3":["https:\/\/espacoecologico.com.br\/arquivo\/wp-content\/uploads\/2017\/02\/caverna_cristal.jpg",415,265,false],"cream-magazine-thumbnail-4":["https:\/\/espacoecologico.com.br\/arquivo\/wp-content\/uploads\/2017\/02\/caverna_cristal.jpg",415,265,false]},"uagb_author_info":{"display_name":"","author_link":"https:\/\/espacoecologico.com.br\/arquivo\/author\/"},"uagb_comment_info":0,"uagb_excerpt":"Trata-se de uma descoberta extraordin\u00e1ria ocorrida em um lugar incr\u00edvel. Cientistas extra\u00edram e reviveram micr\u00f3bios","_links":{"self":[{"href":"https:\/\/espacoecologico.com.br\/arquivo\/wp-json\/wp\/v2\/posts\/60210"}],"collection":[{"href":"https:\/\/espacoecologico.com.br\/arquivo\/wp-json\/wp\/v2\/posts"}],"about":[{"href":"https:\/\/espacoecologico.com.br\/arquivo\/wp-json\/wp\/v2\/types\/post"}],"author":[{"embeddable":true,"href":"https:\/\/espacoecologico.com.br\/arquivo\/wp-json\/wp\/v2\/users\/6"}],"replies":[{"embeddable":true,"href":"https:\/\/espacoecologico.com.br\/arquivo\/wp-json\/wp\/v2\/comments?post=60210"}],"version-history":[{"count":0,"href":"https:\/\/espacoecologico.com.br\/arquivo\/wp-json\/wp\/v2\/posts\/60210\/revisions"}],"wp:featuredmedia":[{"embeddable":true,"href":"https:\/\/espacoecologico.com.br\/arquivo\/wp-json\/wp\/v2\/media\/60211"}],"wp:attachment":[{"href":"https:\/\/espacoecologico.com.br\/arquivo\/wp-json\/wp\/v2\/media?parent=60210"}],"wp:term":[{"taxonomy":"category","embeddable":true,"href":"https:\/\/espacoecologico.com.br\/arquivo\/wp-json\/wp\/v2\/categories?post=60210"},{"taxonomy":"post_tag","embeddable":true,"href":"https:\/\/espacoecologico.com.br\/arquivo\/wp-json\/wp\/v2\/tags?post=60210"}],"curies":[{"name":"wp","href":"https:\/\/api.w.org\/{rel}","templated":true}]}}