{"id":60186,"date":"2017-02-18T13:10:01","date_gmt":"2017-02-18T16:10:01","guid":{"rendered":"https:\/\/espacoecologico.com.br\/arquivo\/?p=60186"},"modified":"2017-02-18T13:11:00","modified_gmt":"2017-02-18T16:11:00","slug":"calor-na-antartida-causou-frio-em-sao-paulo-e-no-sul-do-pais","status":"publish","type":"post","link":"https:\/\/espacoecologico.com.br\/arquivo\/calor-na-antartida-causou-frio-em-sao-paulo-e-no-sul-do-pais\/","title":{"rendered":"Calor na Ant\u00e1rtida causou frio em S\u00e3o Paulo e no Sul do pa\u00eds"},"content":{"rendered":"<p><a href=\"https:\/\/espacoecologico.com.br\/arquivo\/calor-na-antartida-causou-frio-em-sao-paulo-e-no-sul-do-pais\/pinguins-5\/\" rel=\"attachment wp-att-60187\"><img loading=\"lazy\" class=\"alignleft size-medium wp-image-60187\" src=\"https:\/\/espacoecologico.com.br\/arquivo\/wp-content\/uploads\/2017\/02\/pinguins-1-300x192.jpg\" alt=\"\" width=\"300\" height=\"192\" srcset=\"https:\/\/espacoecologico.com.br\/arquivo\/wp-content\/uploads\/2017\/02\/pinguins-1-300x192.jpg 300w, https:\/\/espacoecologico.com.br\/arquivo\/wp-content\/uploads\/2017\/02\/pinguins-1.jpg 415w\" sizes=\"(max-width: 300px) 100vw, 300px\" \/><\/a>\u201cCad\u00ea esse aquecimento global quando a gente precisa dele?\u201d<\/p>\n<p>Muita gente se fez essa pergunta em junho do ano passado, enquanto os moradores de S\u00e3o Paulo e toda a regi\u00e3o Sul batiam os dentes com temperaturas pr\u00f3ximas de zero ou abaixo disso, numa surreal onda de frio em pleno outono do ano mais quente da hist\u00f3ria.<\/p>\n<p>O aquecimento global estava l\u00e1 o tempo todo. Mas os paulistanos, curitibanos e portalegrenses precisariam ter olhado mais para baixo para encontr\u00e1-lo. Mais precisamente para a Ant\u00e1rtida.<\/p>\n<p>Um pesquisador da UFRGS (Universidade Federal do Rio Grande do Sul) encontrou evid\u00eancias de que a massa de ar frio que fez o term\u00f4metro despencar no sul do Brasil no outono tem liga\u00e7\u00e3o direta com mudan\u00e7as no padr\u00e3o de ventos do continente austral, facilitadas pelo aquecimento da Terra.<\/p>\n<p>O norte da Ant\u00e1rtida, por sua vez, estava anormalmente quente: enquanto as m\u00e9dias no norte da Argentina e no Rio Grande do Sul estavam 3<sup>o<\/sup>C mais baixas do que o normal no outono, a Pen\u00ednsula Ant\u00e1rtica amargava m\u00e9dias de 3<sup>o<\/sup>C mais elevadas. \u201cEm alguns lugares da Pen\u00ednsula houve temperaturas 4<sup>o<\/sup>C acima da m\u00e9dia\u201d, diz Francisco Eliseu Aquino, chefe do Departamento de Geografia da UFRGS (abaixo, um mapa mostrando o contraste de temperaturas no norte ant\u00e1rtico e no sul da Am\u00e9rica do Sul).<\/p>\n<p><a href=\"http:\/\/www.observatoriodoclima.eco.br\/wp-content\/uploads\/2017\/02\/2017-02-16-PHOTO-00000049-e1487274166922.jpg\"><img loading=\"lazy\" class=\"  wp-image-5494 alignleft\" src=\"http:\/\/www.observatoriodoclima.eco.br\/wp-content\/uploads\/2017\/02\/2017-02-16-PHOTO-00000049-e1487274166922.jpg\" alt=\"2017-02-16-PHOTO-00000049\" width=\"282\" height=\"218\" \/><\/a><\/p>\n<p>Uma an\u00e1lise da dados climatol\u00f3gicos feita pelo cientista e publicada no <a href=\"https:\/\/www.mar.mil.br\/secirm\/publicacoes\/infocirm\/2016\/infocirm-nov2016.pdf\">boletim da Cirm<\/a> (Comiss\u00e3o Interministerial para os Recursos do Mar), que gerencia o Programa Ant\u00e1rtico Brasileiro, mostrou que a onda de frio paulistana foi causada por uma massa de ar vinda do \u201clugar errado\u201d da Ant\u00e1rtida. Esta, por sua vez, se encaixa perfeitamente no tipo de altera\u00e7\u00e3o que se esperaria ver no caso de uma Ant\u00e1rtida afetada pelo aquecimento global \u2013 que, em 2016, foi agravado pelo El Ni\u00f1o extremo.<\/p>\n<p><iframe loading=\"lazy\" src=\"https:\/\/www.google.com\/maps\/embed?pb=%211m18%211m12%211m3%211d16290446.905496882%212d-73.21086616481708%213d-75.56941860768967%212m3%211f0%212f0%213f0%213m2%211i1024%212i768%214f13.1%213m3%211m2%211s0xbb1aa06d36f46edb%3A0x3fb9aa7a817aafbe%212sWeddell+Sea%215e0%213m2%211spt-BR%212sbr%214v1487275097287\" width=\"600\" height=\"450\" frameborder=\"0\" allowfullscreen=\"allowfullscreen\"><\/iframe><\/p>\n<p>O sul da Am\u00e9rica do Sul e a Ant\u00e1rtida est\u00e3o conectados por uma complexa circula\u00e7\u00e3o atmosf\u00e9rica, que s\u00f3 recentemente come\u00e7ou a ser desvendada pelos cientistas. Trata-se de um bal\u00e9 executado por ventos que sopram em altas altitudes, onde a Am\u00e9rica do Sul frequentemente \u201cexporta\u201d calor para a Ant\u00e1rtida e recebe, em troca, pacotes de frio intenso.<\/p>\n<p>Aquino j\u00e1 havia mostrado, em 2012, que mudan\u00e7as clim\u00e1ticas na Ant\u00e1rtida est\u00e3o deixando o clima do Rio Grande do Sul mais vari\u00e1vel, com mais extremos de frio e calor. Isso acontece por causa do efeito combinado de dois fen\u00f4menos causados pelo homem: o aquecimento global, que deixa a regi\u00e3o tropical mais quente, e o buraco na camada de oz\u00f4nio, que deixa o interior da Ant\u00e1rtida mais frio.<\/p>\n<p>Somados, esses dois fatores aumentam a diferen\u00e7a de press\u00e3o do ar entre tr\u00f3pico e polo, fen\u00f4meno conhecido como \u201cSAM positivo\u201d (SAM \u00e9 a sigla em ingl\u00eas para \u201cmodo anular do hemisf\u00e9rio Sul\u201d). O SAM pode ser entendido como um imenso escorregador, por onde o ar trafega entre a regi\u00e3o tropical e a polar.<\/p>\n<p>Os cientistas chamam de SAM positivo as fases mais \u00edngremes desse escorregador. Quando isso ocorre, cresce a velocidade dos ventos que sopram constantemente de oeste para leste ao redor do continente austral. Isso, por sua vez, bagun\u00e7a a forma\u00e7\u00e3o das massas de ar frio que a Ant\u00e1rtida exporta para o continente sul-americano: em vez de se formarem no setor oeste do Oceano Austral e na Pen\u00ednsula, elas se formam no mar de Weddell, um dos lugares mais gelados do planeta (no mapa acima), o que lhes d\u00e1 mais pot\u00eancia.<\/p>\n<p>Mapeando a origem da massa fria de junho, Aquino detectou a impress\u00e3o digital da circula\u00e7\u00e3o alterada do mar de Weddell. \u201cOs dois anos mais quentes da hist\u00f3ria foram 2015 e 2016. Al\u00e9m disso, com o El Ni\u00f1o, toda a atmosfera ficou muito quente, especialmente na regi\u00e3o tropical. O efeito foi como um SAM positivo\u201d, disse o climatologista ga\u00facho ao <em>OC<\/em>.<\/p>\n<p>\u201cN\u00e3o \u00e9 que isso n\u00e3o tenha ocorrido no passado, mas bate muito bem com [as anomalias do] presente\u201d, afirmou. Com o aquecimento progressivo da Terra, o escorregador atmosf\u00e9rico tende a ficar ainda mais \u00edngreme no futuro. \u201c\u00c9 uma amostra de como as coisas est\u00e3o fora de padr\u00e3o.\u201d<\/p>\n","protected":false},"excerpt":{"rendered":"<p>\u201cCad\u00ea esse aquecimento global quando a gente precisa dele?\u201d Muita gente se fez essa pergunta<\/p>\n","protected":false},"author":7,"featured_media":60187,"comment_status":"open","ping_status":"open","sticky":false,"template":"","format":"standard","meta":[],"categories":[],"tags":[],"uagb_featured_image_src":{"full":["https:\/\/espacoecologico.com.br\/arquivo\/wp-content\/uploads\/2017\/02\/pinguins-1.jpg",415,265,false],"thumbnail":["https:\/\/espacoecologico.com.br\/arquivo\/wp-content\/uploads\/2017\/02\/pinguins-1-150x150.jpg",150,150,true],"medium":["https:\/\/espacoecologico.com.br\/arquivo\/wp-content\/uploads\/2017\/02\/pinguins-1-300x192.jpg",300,192,true],"medium_large":["https:\/\/espacoecologico.com.br\/arquivo\/wp-content\/uploads\/2017\/02\/pinguins-1.jpg",415,265,false],"large":["https:\/\/espacoecologico.com.br\/arquivo\/wp-content\/uploads\/2017\/02\/pinguins-1.jpg",415,265,false],"1536x1536":["https:\/\/espacoecologico.com.br\/arquivo\/wp-content\/uploads\/2017\/02\/pinguins-1.jpg",415,265,false],"2048x2048":["https:\/\/espacoecologico.com.br\/arquivo\/wp-content\/uploads\/2017\/02\/pinguins-1.jpg",415,265,false],"cream-magazine-thumbnail-2":["https:\/\/espacoecologico.com.br\/arquivo\/wp-content\/uploads\/2017\/02\/pinguins-1.jpg",415,265,false],"cream-magazine-thumbnail-3":["https:\/\/espacoecologico.com.br\/arquivo\/wp-content\/uploads\/2017\/02\/pinguins-1.jpg",415,265,false],"cream-magazine-thumbnail-4":["https:\/\/espacoecologico.com.br\/arquivo\/wp-content\/uploads\/2017\/02\/pinguins-1.jpg",415,265,false]},"uagb_author_info":{"display_name":"","author_link":"https:\/\/espacoecologico.com.br\/arquivo\/author\/"},"uagb_comment_info":0,"uagb_excerpt":"\u201cCad\u00ea esse aquecimento global quando a gente precisa dele?\u201d Muita gente se fez essa pergunta","_links":{"self":[{"href":"https:\/\/espacoecologico.com.br\/arquivo\/wp-json\/wp\/v2\/posts\/60186"}],"collection":[{"href":"https:\/\/espacoecologico.com.br\/arquivo\/wp-json\/wp\/v2\/posts"}],"about":[{"href":"https:\/\/espacoecologico.com.br\/arquivo\/wp-json\/wp\/v2\/types\/post"}],"author":[{"embeddable":true,"href":"https:\/\/espacoecologico.com.br\/arquivo\/wp-json\/wp\/v2\/users\/7"}],"replies":[{"embeddable":true,"href":"https:\/\/espacoecologico.com.br\/arquivo\/wp-json\/wp\/v2\/comments?post=60186"}],"version-history":[{"count":0,"href":"https:\/\/espacoecologico.com.br\/arquivo\/wp-json\/wp\/v2\/posts\/60186\/revisions"}],"wp:featuredmedia":[{"embeddable":true,"href":"https:\/\/espacoecologico.com.br\/arquivo\/wp-json\/wp\/v2\/media\/60187"}],"wp:attachment":[{"href":"https:\/\/espacoecologico.com.br\/arquivo\/wp-json\/wp\/v2\/media?parent=60186"}],"wp:term":[{"taxonomy":"category","embeddable":true,"href":"https:\/\/espacoecologico.com.br\/arquivo\/wp-json\/wp\/v2\/categories?post=60186"},{"taxonomy":"post_tag","embeddable":true,"href":"https:\/\/espacoecologico.com.br\/arquivo\/wp-json\/wp\/v2\/tags?post=60186"}],"curies":[{"name":"wp","href":"https:\/\/api.w.org\/{rel}","templated":true}]}}