{"id":60181,"date":"2017-02-18T14:00:28","date_gmt":"2017-02-18T17:00:28","guid":{"rendered":"https:\/\/espacoecologico.com.br\/arquivo\/?p=60181"},"modified":"2017-02-18T13:00:53","modified_gmt":"2017-02-18T16:00:53","slug":"nova-fabrica-em-sao-paulo-produz-papel-com-palha-da-cana-de-acucar","status":"publish","type":"post","link":"https:\/\/espacoecologico.com.br\/arquivo\/nova-fabrica-em-sao-paulo-produz-papel-com-palha-da-cana-de-acucar\/","title":{"rendered":"Nova f\u00e1brica em S\u00e3o Paulo produz papel com palha da cana-de-a\u00e7\u00facar"},"content":{"rendered":"<p><a href=\"https:\/\/espacoecologico.com.br\/arquivo\/?attachment_id=60182\" rel=\"attachment wp-att-60182\"><img loading=\"lazy\" class=\"alignleft size-medium wp-image-60182\" src=\"https:\/\/espacoecologico.com.br\/arquivo\/wp-content\/uploads\/2017\/02\/cana_acucar-300x192.jpg\" alt=\"\" width=\"300\" height=\"192\" srcset=\"https:\/\/espacoecologico.com.br\/arquivo\/wp-content\/uploads\/2017\/02\/cana_acucar-300x192.jpg 300w, https:\/\/espacoecologico.com.br\/arquivo\/wp-content\/uploads\/2017\/02\/cana_acucar.jpg 415w\" sizes=\"(max-width: 300px) 100vw, 300px\" \/><\/a>Localizada em Len\u00e7\u00f3is Paulista, interior do estado de S\u00e3o Paulo, a FibraResist \u00e9, segundo a empresa, a primeira f\u00e1brica a empregar essa tecnologia para produzir papel a partir da palha da cana-de-a\u00e7\u00facar, transformando a mat\u00e9ria-prima em uma pasta mec\u00e2nica celul\u00f3sica.<\/p>\n<p>A f\u00e1brica ter\u00e1 capacidade para produzir at\u00e9 72 mil toneladas anuais de pasta mec\u00e2nica celul\u00f3sica \u2013 uma fibra virgem utilizada para a produ\u00e7\u00e3o de papel \u2013 a partir da palha da cana-de-a\u00e7\u00facar.<\/p>\n<p>Resultado de seis anos de estudos, a tecnologia pioneira no mundo transforma a mat\u00e9ria-prima em pasta mec\u00e2nica celul\u00f3sica para fabrica\u00e7\u00e3o de pap\u00e9is e embalagens.<\/p>\n<p>Segundo Mario Welber, rela\u00e7\u00f5es p\u00fablicas da FibraResist, o processo industrial desenvolvido pela empresa \u00e9 in\u00e9dito no mundo e tem como principal caracter\u00edstica o forte apelo ambiental. \u201cTransformamos um subproduto em mat\u00e9ria-prima, desenvolvendo um processo que, al\u00e9m de dar \u00e0 palha da cana-de-a\u00e7\u00facar uma destina\u00e7\u00e3o sustent\u00e1vel, \u00e9 livre da emiss\u00e3o de CO\u00b2 e outros gases poluentes, porque \u00e9 um processo totalmente a frio, feito todo em temperatura ambiente\u201d, explicou Welber.<\/p>\n<p>O biodispersante separa a lignina (mol\u00e9cula que d\u00e1 rigidez \u00e0s c\u00e9lulas das plantas) das fibras existentes na palha. Foi criado pela pr\u00f3pria empresa que elimina a necessidade de calor. O processo envolve um circuito fechado que evita perdas e desperd\u00edcio de \u00e1gua, e o pouco res\u00edduo gerado na produ\u00e7\u00e3o pode ser reutilizado como adubo no campo, entre outras finalidades. A pasta foi avaliada e classificada pela Universidade Federal de Vi\u00e7osa (MG).<\/p>\n<p>A pasta mec\u00e2nica celul\u00f3sica produzida pela FibraResist se diferencia da celulose comum principalmente por n\u00e3o ser branqueada, j\u00e1 que n\u00e3o passa pelo processo qu\u00edmico para o clareamento. Por este motivo, resulta em um papel um pouco mais escuro utilizado em processos de produ\u00e7\u00e3o de embalagens e outros produtos que necessitem de fibra virgem.<\/p>\n<p>De acordo com o grupo, h\u00e1 ganhos no processo produtivo, j\u00e1 que a pasta \u00e9 livre de impurezas, e n\u00e3o oferece perdas de mat\u00e9ria prima em rela\u00e7\u00e3o a outros processos j\u00e1 existentes no mercado. N\u00e3o h\u00e1 custo do descarte do res\u00edduo proveniente da reciclagem e ainda, h\u00e1 o ganho institucional da escolha de uma mat\u00e9ria prima 100% sustent\u00e1vel.<\/p>\n<p>\u201cO uso da pasta mec\u00e2nica celul\u00f3sica vai muito al\u00e9m do apelo da sustentabilidade. Ele traz mais produtividade e rentabilidade \u00e0 ind\u00fastria de papel e embalagem\u201d, afirma Jos\u00e9 Sivaldo de Souza, da FibraResist.<\/p>\n","protected":false},"excerpt":{"rendered":"<p>Localizada em Len\u00e7\u00f3is Paulista, interior do estado de S\u00e3o Paulo, a FibraResist \u00e9, segundo a<\/p>\n","protected":false},"author":7,"featured_media":60182,"comment_status":"open","ping_status":"open","sticky":false,"template":"","format":"standard","meta":[],"categories":[],"tags":[],"uagb_featured_image_src":{"full":["https:\/\/espacoecologico.com.br\/arquivo\/wp-content\/uploads\/2017\/02\/cana_acucar.jpg",415,265,false],"thumbnail":["https:\/\/espacoecologico.com.br\/arquivo\/wp-content\/uploads\/2017\/02\/cana_acucar-150x150.jpg",150,150,true],"medium":["https:\/\/espacoecologico.com.br\/arquivo\/wp-content\/uploads\/2017\/02\/cana_acucar-300x192.jpg",300,192,true],"medium_large":["https:\/\/espacoecologico.com.br\/arquivo\/wp-content\/uploads\/2017\/02\/cana_acucar.jpg",415,265,false],"large":["https:\/\/espacoecologico.com.br\/arquivo\/wp-content\/uploads\/2017\/02\/cana_acucar.jpg",415,265,false],"1536x1536":["https:\/\/espacoecologico.com.br\/arquivo\/wp-content\/uploads\/2017\/02\/cana_acucar.jpg",415,265,false],"2048x2048":["https:\/\/espacoecologico.com.br\/arquivo\/wp-content\/uploads\/2017\/02\/cana_acucar.jpg",415,265,false],"cream-magazine-thumbnail-2":["https:\/\/espacoecologico.com.br\/arquivo\/wp-content\/uploads\/2017\/02\/cana_acucar.jpg",415,265,false],"cream-magazine-thumbnail-3":["https:\/\/espacoecologico.com.br\/arquivo\/wp-content\/uploads\/2017\/02\/cana_acucar.jpg",415,265,false],"cream-magazine-thumbnail-4":["https:\/\/espacoecologico.com.br\/arquivo\/wp-content\/uploads\/2017\/02\/cana_acucar.jpg",415,265,false]},"uagb_author_info":{"display_name":"","author_link":"https:\/\/espacoecologico.com.br\/arquivo\/author\/"},"uagb_comment_info":0,"uagb_excerpt":"Localizada em Len\u00e7\u00f3is Paulista, interior do estado de S\u00e3o Paulo, a FibraResist \u00e9, segundo a","_links":{"self":[{"href":"https:\/\/espacoecologico.com.br\/arquivo\/wp-json\/wp\/v2\/posts\/60181"}],"collection":[{"href":"https:\/\/espacoecologico.com.br\/arquivo\/wp-json\/wp\/v2\/posts"}],"about":[{"href":"https:\/\/espacoecologico.com.br\/arquivo\/wp-json\/wp\/v2\/types\/post"}],"author":[{"embeddable":true,"href":"https:\/\/espacoecologico.com.br\/arquivo\/wp-json\/wp\/v2\/users\/7"}],"replies":[{"embeddable":true,"href":"https:\/\/espacoecologico.com.br\/arquivo\/wp-json\/wp\/v2\/comments?post=60181"}],"version-history":[{"count":0,"href":"https:\/\/espacoecologico.com.br\/arquivo\/wp-json\/wp\/v2\/posts\/60181\/revisions"}],"wp:featuredmedia":[{"embeddable":true,"href":"https:\/\/espacoecologico.com.br\/arquivo\/wp-json\/wp\/v2\/media\/60182"}],"wp:attachment":[{"href":"https:\/\/espacoecologico.com.br\/arquivo\/wp-json\/wp\/v2\/media?parent=60181"}],"wp:term":[{"taxonomy":"category","embeddable":true,"href":"https:\/\/espacoecologico.com.br\/arquivo\/wp-json\/wp\/v2\/categories?post=60181"},{"taxonomy":"post_tag","embeddable":true,"href":"https:\/\/espacoecologico.com.br\/arquivo\/wp-json\/wp\/v2\/tags?post=60181"}],"curies":[{"name":"wp","href":"https:\/\/api.w.org\/{rel}","templated":true}]}}