{"id":60177,"date":"2017-02-18T13:00:43","date_gmt":"2017-02-18T16:00:43","guid":{"rendered":"https:\/\/espacoecologico.com.br\/arquivo\/?p=60177"},"modified":"2017-02-18T17:37:50","modified_gmt":"2017-02-18T20:37:50","slug":"no-reino-dos-cogumelos-conheca-tipos-exoticos-e-produtores","status":"publish","type":"post","link":"https:\/\/espacoecologico.com.br\/arquivo\/no-reino-dos-cogumelos-conheca-tipos-exoticos-e-produtores\/","title":{"rendered":"No reino dos cogumelos: conhe\u00e7a tipos ex\u00f3ticos e produtores"},"content":{"rendered":"<p><span class=\"intro\"><a href=\"https:\/\/espacoecologico.com.br\/arquivo\/no-reino-dos-cogumelos-conheca-tipos-exoticos-e-produtores\/cogumelos-3\/\" rel=\"attachment wp-att-60178\"><img loading=\"lazy\" class=\"alignleft size-medium wp-image-60178\" src=\"https:\/\/espacoecologico.com.br\/arquivo\/wp-content\/uploads\/2017\/02\/cogumelos-300x192.jpg\" alt=\"\" width=\"300\" height=\"192\" srcset=\"https:\/\/espacoecologico.com.br\/arquivo\/wp-content\/uploads\/2017\/02\/cogumelos-300x192.jpg 300w, https:\/\/espacoecologico.com.br\/arquivo\/wp-content\/uploads\/2017\/02\/cogumelos.jpg 415w\" sizes=\"(max-width: 300px) 100vw, 300px\" \/><\/a>H<\/span>\u00e1 20 anos, os irm\u00e3os Denise Abackerli e F\u00e1bio Barnab\u00e9 receberam do pai, pecuarista, a <strong>Fazenda Guaruj\u00e1<\/strong>, uma \u00e1rea de 50 hectares na zona rural de Salto (SP). No come\u00e7o, a vida deles foi dif\u00edcil, pois n\u00e3o tinham nenhuma aptid\u00e3o para a lida com o gado.<\/p>\n<p>Depois de tentar o cultivo de hortifr\u00fatis e a hidroponia, eles decidiram entrar na <strong>fungicultura<\/strong>, ou cultivo de cogumelos, um mercado incipiente, mas promissor no Brasil. O interesse pela atividade partiu de F\u00e1bio, que acabara de se formar em <a href=\"http:\/\/revistagloborural.globo.com\/Noticias\/noticia\/2014\/08\/profissoes-do-agronegocio-agronomia.html\" target=\"_blank\"><strong>agronomia<\/strong><\/a>. \u201cA venda da berinjela que eu plantava n\u00e3o cobria nem o custo. Da\u00ed lembrei das aulas que tive na universidade, quando estudamos sobre os fungos, e resolvi me aprofundar, pois sabia que tinham maior valor agregado\u201d, diz ele.<\/p>\n<p>No in\u00edcio, os dois irm\u00e3os cultivaram artesanalmente o <strong>pleurotus branco<\/strong>, que rendeu s\u00f3 2 quilos. Aos poucos, foram aumentando o investimento em tecnologias, como as estufas com climatiza\u00e7\u00e3o autom\u00e1tica, que possibilitaram chegar \u00e0s atuais 25 toneladas mensais e a uma linha de sete tipos diferentes de <strong>cogumelos<\/strong>, comercializada com a marca <strong>Zucca<\/strong>.<\/p>\n<p>Apesar de ter 80% da produ\u00e7\u00e3o voltada para o <strong>champignon<\/strong>, o mais consumido no Brasil, \u00e9 nas variedades ex\u00f3ticas que a dupla aposta para ampliar o faturamento da empresa. Al\u00e9m da produ\u00e7\u00e3o, Denise e F\u00e1bio tamb\u00e9m cuidam da log\u00edstica e do marketing de sua linha de produtos. Para conseguir entrar no mercado, devido \u00e0s dificuldades com fornecedores, decidiram assumir na fazenda todas as etapas da cadeia, desde o cultivo do capim que serve de base para o substrato at\u00e9 a log\u00edstica de entrega das mercadorias.<\/p>\n<div class=\"foto componente_materia midia-largura-780\"><img loading=\"lazy\" class=\"img-responsive\" title=\"cogumelos-edicao-372-outubro-2016 (Foto:  )\" src=\"http:\/\/s2.glbimg.com\/puYeMEjLc0ijJsaTvmmMJr96tls=\/e.glbimg.com\/og\/ed\/f\/original\/2016\/10\/02\/composicao-3.png\" alt=\"cogumelos-edicao-372-outubro-2016 (Foto:  )\" width=\"640\" height=\"523\" \/><label class=\"foto-legenda\">Acimas (\u00e0 esq.), os irm\u00e3os Denise e F\u00e1bio com toras de Shitaki; \u00e0 dir., o casal Marina e Paulo Kawakami, na estufa de shimeji preto, em Mogi das Cruzes<\/label><\/div>\n<div class=\"componente_materia\">\n<div class=\"intertitulo\">Sabores desconhecidos<\/div>\n<\/div>\n<p>Os tipos <strong>ex\u00f3ticos<\/strong>, ao mesmo tempo em que seduzem, por serem t\u00e3o diferentes, tamb\u00e9m espantam o consumidor que ainda n\u00e3o os conhece. \u201cNa Zucca, os campe\u00f5es de venda s\u00e3o o champignon de paris e o <strong>shimeji<\/strong>, que s\u00e3o os mais conhecidos. O consumo de <strong>shiitake<\/strong> \u00e9 ainda baixo. Eryngui e pleurotus salm\u00e3o pouca gente conhece. Os clientes n\u00e3o compram os tipos ex\u00f3ticos porque n\u00e3o sabem como cozinh\u00e1-los, por isso \u00e9 importante ensinar tudo\u201d, diz Denise.<\/p>\n<div class=\"foto componente_materia midia-largura-280\"><img class=\"img-responsive\" title=\"cogumelos-edicao-372-outubro-2016 (Foto:  )\" src=\"http:\/\/s2.glbimg.com\/aww3GPj2z4uJXXSlWu_yqtnvKjg=\/e.glbimg.com\/og\/ed\/f\/original\/2016\/10\/02\/tipos-de-cogumelos-3.png\" alt=\"cogumelos-edicao-372-outubro-2016 (Foto:  )\" \/><\/div>\n<p>Para divulgar e estimular a venda de seus produtos, a Zucca destina 10% do faturamento para a\u00e7\u00f5es de degusta\u00e7\u00e3o em supermercados, al\u00e9m da distribui\u00e7\u00e3o de folhetos com <a href=\"http:\/\/revistagloborural.globo.com\/vida-na-fazenda\/receitas\/noticia\/plantao.html\" target=\"_blank\"><strong>receitas<\/strong><\/a> e embalagens com at\u00e9 tr\u00eas tipos de cogumelos, para que os consumidores possam experimentar mais variedades de uma vez.<\/p>\n<p>A iniciativa aos poucos tem resultado. Mas neste ano a Zucca teve 30% de queda nas vendas em rela\u00e7\u00e3o ao ano passado, devido \u00e0 crise. \u201cAgora, percebemos que est\u00e1 havendo uma retomada\u201d, explica Denise.<\/p>\n<p>Al\u00e9m da Zucca, outras empresas do setor investem em marketing para atrair mais consumidores. A Nayumi Cogumelos, de Mogi das Cruzes (SP), criou uma embalagem de <strong>shimeji preto<\/strong> para micro-ondas.\u00a0 F\u00e1cil de preparar, o produto vem acompanhado de um sach\u00ea de molho e fica pronto em apenas tr\u00eas minutos. A inova\u00e7\u00e3o est\u00e1 ajudando a enfrentar a crise. Segundo Paulo Kawakami, diretor presidente da Nayumi, o lan\u00e7amento j\u00e1 responde por 15% do faturamento da companhia e tem incrementado as vendas.<\/p>\n<p>Ainda como estrat\u00e9gia, a Nayumi, que junto com as 15 toneladas de shimeji preto cultiva cerca de 1 tonelada das esp\u00e9cies <strong>eryngui e nameko<\/strong> por m\u00eas, compra e embala shiitake, champignon fresco e portobelo de 35 pequenos produtores para ter variedade no portf\u00f3lio da marca.<\/p>\n<div class=\"componente_materia\">\n<div class=\"intertitulo\">Desafios do mercado<\/div>\n<\/div>\n<p>O desconhecimento do consumidor explica a\u00a0 baixa demanda por c<strong>ogumelos no Brasil<\/strong>. O consumo anual \u00e9 de 57.000 toneladas (ao redor de 160 gramas per capita), a maioria champignon, segundo dados da Empresa Brasileira de Pesquisa Agropecu\u00e1ria (Embrapa). O n\u00famero est\u00e1 bem abaixo na compara\u00e7\u00e3o com pa\u00edses da Europa como Fran\u00e7a (2 quilos) e Alemanha (quase 4 quilos per capita ao ano).<\/p>\n<p>Para a <strong>Associa\u00e7\u00e3o Nacional dos Produtores de Cogumelos<\/strong> (ANPC), h\u00e1 desconhecimento n\u00e3o s\u00f3 sobre o modo de preparo como tamb\u00e9m sobre os benef\u00edcios \u00e0 sa\u00fade. \u201cO cultivo s\u00f3 chegou por aqui em 1950, com a imigra\u00e7\u00e3o japonesa. \u00c9 bem recente\u201d, explica o presidente da entidade, Alceu Rodrigues Vasone.<\/p>\n<div class=\"foto componente_materia midia-largura-225\"><img class=\"img-responsive alignleft\" title=\"cogumelos-edicao-372-outubro-2016 (Foto:  )\" src=\"http:\/\/s2.glbimg.com\/KgbNf8j4_4E3E6txASabwXOvz8w=\/e.glbimg.com\/og\/ed\/f\/original\/2016\/10\/02\/mapa-01_1.png\" alt=\"cogumelos-edicao-372-outubro-2016 (Foto:  )\" \/><\/div>\n<p>Os produtores apostam no crescimento do mercado, diante da crescente procura por <strong>alimentos funcionais<\/strong> e dietas mais saud\u00e1veis. Os cogumelos t\u00eam baixo teor de carboidratos, gorduras e colesterol e s\u00e3o ricos em fibras e sais minerais. Podem substituir qualquer carne animal em <strong>dietas veganas<\/strong> e vegetarianas. \u201cA carne bovina tem cerca de 14% de prote\u00edna a cada 100 gramas, enquanto os cogumelos t\u00eam de 28% a 36% na mesma quantidade\u201d, aponta a nutricionista Eveline Brussolo.<\/p>\n","protected":false},"excerpt":{"rendered":"<p>H\u00e1 20 anos, os irm\u00e3os Denise Abackerli e F\u00e1bio Barnab\u00e9 receberam do pai, pecuarista, a<\/p>\n","protected":false},"author":7,"featured_media":60178,"comment_status":"open","ping_status":"open","sticky":false,"template":"","format":"standard","meta":[],"categories":[],"tags":[],"uagb_featured_image_src":{"full":["https:\/\/espacoecologico.com.br\/arquivo\/wp-content\/uploads\/2017\/02\/cogumelos.jpg",415,265,false],"thumbnail":["https:\/\/espacoecologico.com.br\/arquivo\/wp-content\/uploads\/2017\/02\/cogumelos-150x150.jpg",150,150,true],"medium":["https:\/\/espacoecologico.com.br\/arquivo\/wp-content\/uploads\/2017\/02\/cogumelos-300x192.jpg",300,192,true],"medium_large":["https:\/\/espacoecologico.com.br\/arquivo\/wp-content\/uploads\/2017\/02\/cogumelos.jpg",415,265,false],"large":["https:\/\/espacoecologico.com.br\/arquivo\/wp-content\/uploads\/2017\/02\/cogumelos.jpg",415,265,false],"1536x1536":["https:\/\/espacoecologico.com.br\/arquivo\/wp-content\/uploads\/2017\/02\/cogumelos.jpg",415,265,false],"2048x2048":["https:\/\/espacoecologico.com.br\/arquivo\/wp-content\/uploads\/2017\/02\/cogumelos.jpg",415,265,false],"cream-magazine-thumbnail-2":["https:\/\/espacoecologico.com.br\/arquivo\/wp-content\/uploads\/2017\/02\/cogumelos.jpg",415,265,false],"cream-magazine-thumbnail-3":["https:\/\/espacoecologico.com.br\/arquivo\/wp-content\/uploads\/2017\/02\/cogumelos.jpg",415,265,false],"cream-magazine-thumbnail-4":["https:\/\/espacoecologico.com.br\/arquivo\/wp-content\/uploads\/2017\/02\/cogumelos.jpg",415,265,false]},"uagb_author_info":{"display_name":"","author_link":"https:\/\/espacoecologico.com.br\/arquivo\/author\/"},"uagb_comment_info":0,"uagb_excerpt":"H\u00e1 20 anos, os irm\u00e3os Denise Abackerli e F\u00e1bio Barnab\u00e9 receberam do pai, pecuarista, a","_links":{"self":[{"href":"https:\/\/espacoecologico.com.br\/arquivo\/wp-json\/wp\/v2\/posts\/60177"}],"collection":[{"href":"https:\/\/espacoecologico.com.br\/arquivo\/wp-json\/wp\/v2\/posts"}],"about":[{"href":"https:\/\/espacoecologico.com.br\/arquivo\/wp-json\/wp\/v2\/types\/post"}],"author":[{"embeddable":true,"href":"https:\/\/espacoecologico.com.br\/arquivo\/wp-json\/wp\/v2\/users\/7"}],"replies":[{"embeddable":true,"href":"https:\/\/espacoecologico.com.br\/arquivo\/wp-json\/wp\/v2\/comments?post=60177"}],"version-history":[{"count":0,"href":"https:\/\/espacoecologico.com.br\/arquivo\/wp-json\/wp\/v2\/posts\/60177\/revisions"}],"wp:featuredmedia":[{"embeddable":true,"href":"https:\/\/espacoecologico.com.br\/arquivo\/wp-json\/wp\/v2\/media\/60178"}],"wp:attachment":[{"href":"https:\/\/espacoecologico.com.br\/arquivo\/wp-json\/wp\/v2\/media?parent=60177"}],"wp:term":[{"taxonomy":"category","embeddable":true,"href":"https:\/\/espacoecologico.com.br\/arquivo\/wp-json\/wp\/v2\/categories?post=60177"},{"taxonomy":"post_tag","embeddable":true,"href":"https:\/\/espacoecologico.com.br\/arquivo\/wp-json\/wp\/v2\/tags?post=60177"}],"curies":[{"name":"wp","href":"https:\/\/api.w.org\/{rel}","templated":true}]}}