{"id":60172,"date":"2017-02-18T15:00:04","date_gmt":"2017-02-18T18:00:04","guid":{"rendered":"https:\/\/espacoecologico.com.br\/arquivo\/?p=60172"},"modified":"2017-02-18T12:25:21","modified_gmt":"2017-02-18T15:25:21","slug":"estudantes-brasileiros-criam-paes-com-farinha-de-barata-que-contem-13-mais-proteina","status":"publish","type":"post","link":"https:\/\/espacoecologico.com.br\/arquivo\/estudantes-brasileiros-criam-paes-com-farinha-de-barata-que-contem-13-mais-proteina\/","title":{"rendered":"Estudantes brasileiros criam p\u00e3es com farinha de barata que cont\u00eam 13% mais prote\u00edna"},"content":{"rendered":"<p><em><a href=\"https:\/\/espacoecologico.com.br\/arquivo\/?attachment_id=60173\" rel=\"attachment wp-att-60173\"><img loading=\"lazy\" class=\"alignleft size-medium wp-image-60173\" src=\"https:\/\/espacoecologico.com.br\/arquivo\/wp-content\/uploads\/2017\/02\/pao_farinha_barata-300x192.jpg\" alt=\"\" width=\"300\" height=\"192\" srcset=\"https:\/\/espacoecologico.com.br\/arquivo\/wp-content\/uploads\/2017\/02\/pao_farinha_barata-300x192.jpg 300w, https:\/\/espacoecologico.com.br\/arquivo\/wp-content\/uploads\/2017\/02\/pao_farinha_barata.jpg 415w\" sizes=\"(max-width: 300px) 100vw, 300px\" \/><\/a><\/em>Em muitas culturas do mundo, insetos s\u00e3o consumidos em refei\u00e7\u00f5es. Uma pesquisa realizada pelo cientista holand\u00eas Arnold van Huis, que foi publicada na revista <a href=\"http:\/\/www.fao.org\/docrep\/018\/i3253e\/i3253e.pdf\" target=\"_blank\"><strong><em>Annual Review of Entomology<\/em><\/strong><\/a>, revelou as vantagens de utilizar insetos como alimento.<\/p>\n<p>Por exemplo, a barata possui n\u00edveis de prote\u00edna maiores do que a carne de boi.\u00a0Pensando nisso, estudantes da Universidade Federal do Rio Grande (FURG), localizada no Rio Grande do Sul, desenvolveram p\u00e3es e bolos utilizando farinha de barata.\u00a0Segunda Andressa Lucas, engenheira qu\u00edmica de alimentos que estava envolvida nessa pesquisa, eles utilizaram baratas de uma empresa especializada em cria\u00e7\u00e3o de insetos para consumo humano, que est\u00e1 localizada em Betim, Minas Gerais.\u00a0 <ins class=\"adsbygoogle\" data-ad-client=\"ca-pub-3224639215991618\" data-ad-slot=\"7672769576\" data-ad-format=\"auto\" data-adsbygoogle-status=\"done\"><ins id=\"aswift_2_expand\"><ins id=\"aswift_2_anchor\"><\/ins><\/ins><\/ins><\/p>\n<p><img loading=\"lazy\" class=\"alignnone  wp-image-23675\" src=\"http:\/\/www.jornalciencia.com\/wp-content\/uploads\/2017\/02\/pao-de-barata.jpg\" sizes=\"(max-width: 710px) 100vw, 710px\" srcset=\"http:\/\/www.jornalciencia.com\/wp-content\/uploads\/2017\/02\/pao-de-barata-300x169.jpg 300w, http:\/\/www.jornalciencia.com\/wp-content\/uploads\/2017\/02\/pao-de-barata.jpg 616w\" alt=\"pao-de-barata\" width=\"639\" height=\"360\" \/>\u201c<em>As baratas\u00a0s\u00e3o criadas de maneira ass\u00e9ptica, porque s\u00e3o vendidas na verdade para ra\u00e7\u00e3o animal<\/em>\u201d, disse Andressa.\u00a0Os estudantes receberam as baratas desidratadas, prontas para consumo e utilizaram um material pr\u00f3prio para cria\u00e7\u00e3o de farinha, chamado moinho de bolas.\u00a0Ap\u00f3s essa etapa, eles peneiraram a farinha para diminuir a granulometria e assim adicionar essa farinha de barata em alimentos como p\u00e3es, bolos e barras de cereais.<\/p>\n<p>Algumas propriedades nutricionais dessa farinha chamam a aten\u00e7\u00e3o: um p\u00e3o feito com apenas 10% de farinha de barata possu\u00ed 23% de prote\u00edna, enquanto um p\u00e3o convencional tem 9,68% e o p\u00e3o integral tem 13,85%, segundo o estudo.\u00a0\u201c<em>Na \u00c1frica, na \u00c1sia, Am\u00e9rica Central, no M\u00e9xico, se consomem muitas esp\u00e9cies de insetos. N\u00f3s \u00e9 que n\u00e3o temos essa cultura, ent\u00e3o nos parece uma coisa um pouco diferente, temos uma certa resist\u00eancia para aceitar<\/em>\u201d, explicou a professora Myrian Salas Mellado, envolvida no projeto.<\/p>\n","protected":false},"excerpt":{"rendered":"<p>Em muitas culturas do mundo, insetos s\u00e3o consumidos em refei\u00e7\u00f5es. Uma pesquisa realizada pelo cientista<\/p>\n","protected":false},"author":7,"featured_media":60173,"comment_status":"open","ping_status":"open","sticky":false,"template":"","format":"standard","meta":[],"categories":[],"tags":[],"uagb_featured_image_src":{"full":["https:\/\/espacoecologico.com.br\/arquivo\/wp-content\/uploads\/2017\/02\/pao_farinha_barata.jpg",415,265,false],"thumbnail":["https:\/\/espacoecologico.com.br\/arquivo\/wp-content\/uploads\/2017\/02\/pao_farinha_barata-150x150.jpg",150,150,true],"medium":["https:\/\/espacoecologico.com.br\/arquivo\/wp-content\/uploads\/2017\/02\/pao_farinha_barata-300x192.jpg",300,192,true],"medium_large":["https:\/\/espacoecologico.com.br\/arquivo\/wp-content\/uploads\/2017\/02\/pao_farinha_barata.jpg",415,265,false],"large":["https:\/\/espacoecologico.com.br\/arquivo\/wp-content\/uploads\/2017\/02\/pao_farinha_barata.jpg",415,265,false],"1536x1536":["https:\/\/espacoecologico.com.br\/arquivo\/wp-content\/uploads\/2017\/02\/pao_farinha_barata.jpg",415,265,false],"2048x2048":["https:\/\/espacoecologico.com.br\/arquivo\/wp-content\/uploads\/2017\/02\/pao_farinha_barata.jpg",415,265,false],"cream-magazine-thumbnail-2":["https:\/\/espacoecologico.com.br\/arquivo\/wp-content\/uploads\/2017\/02\/pao_farinha_barata.jpg",415,265,false],"cream-magazine-thumbnail-3":["https:\/\/espacoecologico.com.br\/arquivo\/wp-content\/uploads\/2017\/02\/pao_farinha_barata.jpg",415,265,false],"cream-magazine-thumbnail-4":["https:\/\/espacoecologico.com.br\/arquivo\/wp-content\/uploads\/2017\/02\/pao_farinha_barata.jpg",415,265,false]},"uagb_author_info":{"display_name":"","author_link":"https:\/\/espacoecologico.com.br\/arquivo\/author\/"},"uagb_comment_info":0,"uagb_excerpt":"Em muitas culturas do mundo, insetos s\u00e3o consumidos em refei\u00e7\u00f5es. Uma pesquisa realizada pelo cientista","_links":{"self":[{"href":"https:\/\/espacoecologico.com.br\/arquivo\/wp-json\/wp\/v2\/posts\/60172"}],"collection":[{"href":"https:\/\/espacoecologico.com.br\/arquivo\/wp-json\/wp\/v2\/posts"}],"about":[{"href":"https:\/\/espacoecologico.com.br\/arquivo\/wp-json\/wp\/v2\/types\/post"}],"author":[{"embeddable":true,"href":"https:\/\/espacoecologico.com.br\/arquivo\/wp-json\/wp\/v2\/users\/7"}],"replies":[{"embeddable":true,"href":"https:\/\/espacoecologico.com.br\/arquivo\/wp-json\/wp\/v2\/comments?post=60172"}],"version-history":[{"count":0,"href":"https:\/\/espacoecologico.com.br\/arquivo\/wp-json\/wp\/v2\/posts\/60172\/revisions"}],"wp:featuredmedia":[{"embeddable":true,"href":"https:\/\/espacoecologico.com.br\/arquivo\/wp-json\/wp\/v2\/media\/60173"}],"wp:attachment":[{"href":"https:\/\/espacoecologico.com.br\/arquivo\/wp-json\/wp\/v2\/media?parent=60172"}],"wp:term":[{"taxonomy":"category","embeddable":true,"href":"https:\/\/espacoecologico.com.br\/arquivo\/wp-json\/wp\/v2\/categories?post=60172"},{"taxonomy":"post_tag","embeddable":true,"href":"https:\/\/espacoecologico.com.br\/arquivo\/wp-json\/wp\/v2\/tags?post=60172"}],"curies":[{"name":"wp","href":"https:\/\/api.w.org\/{rel}","templated":true}]}}