{"id":59067,"date":"2017-02-02T06:00:59","date_gmt":"2017-02-02T09:00:59","guid":{"rendered":"https:\/\/espacoecologico.com.br\/arquivo\/?p=59067"},"modified":"2017-02-01T22:10:18","modified_gmt":"2017-02-02T01:10:18","slug":"dia-mundial-das-areas-umidas-tem-concurso-de-fotografia","status":"publish","type":"post","link":"https:\/\/espacoecologico.com.br\/arquivo\/dia-mundial-das-areas-umidas-tem-concurso-de-fotografia\/","title":{"rendered":"Dia Mundial das \u00c1reas \u00damidas tem concurso de fotografia"},"content":{"rendered":"<h4><a href=\"https:\/\/espacoecologico.com.br\/arquivo\/?attachment_id=59068\" rel=\"attachment wp-att-59068\"><img loading=\"lazy\" class=\"alignleft size-medium wp-image-59068\" src=\"https:\/\/espacoecologico.com.br\/arquivo\/wp-content\/uploads\/2017\/02\/area_umidas-300x192.jpg\" alt=\"\" width=\"300\" height=\"192\" srcset=\"https:\/\/espacoecologico.com.br\/arquivo\/wp-content\/uploads\/2017\/02\/area_umidas-300x192.jpg 300w, https:\/\/espacoecologico.com.br\/arquivo\/wp-content\/uploads\/2017\/02\/area_umidas.jpg 415w\" sizes=\"(max-width: 300px) 100vw, 300px\" \/><\/a>Comemorado em 2 de fevereiro, Dia Mundial dedicado a esses s\u00edtios conta com programa\u00e7\u00e3o especial no Brasil e concurso internacional de fotos<\/h4>\n<p>Para comemorar o Dia Mundial das\u00a0<span class=\"Apple-style-span\">\u00c1reas \u00damidas<\/span>\u00a0(World Wetlands Day), em 2 de fevereiro, o Minist\u00e9rio do Meio Ambiente, al\u00e9m de organizar debates, publicou\u00a0um\u00a0<a href=\"http:\/\/www.mma.gov.br\/images\/arquivos\/biodiversidade\/biodiversidade_aquatica\/zonas_umidas\/Dia%20Mundial%202017\/guia_dia_mundial_areas_umidas_web.pdf\">guia<\/a> em formato digital, voltado a parceiros, organizadores de eventos e educadores que queiram aproveitar a data para chamar a aten\u00e7\u00e3o para o papel das \u00e1reas \u00famidas na redu\u00e7\u00e3o do impacto de eventos clim\u00e1ticos extremos como secas, enchentes e ciclones.<\/p>\n<p>De acordo com o material, as\u00a0<span class=\"Apple-style-span\">\u00e1reas \u00famidas<\/span>\u00a0agem como uma esponja natural que absorvem e armazenam excessos de chuva e reduzem as enchentes. Durante a seca, elas liberam a \u00e1gua armazenada, atrasando o in\u00edcio das secas e diminuindo a falta de \u00e1gua.<\/p>\n<h3><span class=\"Apple-style-span\">Fotografia<\/span><\/h3>\n<p>Para mobilizar o p\u00fablico jovem, o Concurso de Fotos para Juventude sobre \u00c1reas \u00damidas, convida pessoas entre 18 e 25 anos, de todo o mundo, a tirar fotos, em formato digital, de qualquer tipo de <span class=\"Apple-style-span\">\u00e1rea \u00famida<\/span> que ajude a lidar com eventos clim\u00e1ticos extremos.<\/p>\n<p>As inscri\u00e7\u00f5es come\u00e7am no dia 2 de fevereiro e v\u00e3o at\u00e9 \u00e0 meia-noite do dia 2 de mar\u00e7o, no hor\u00e1rio su\u00ed\u00e7o (+3h em rela\u00e7\u00e3o a Bras\u00edlia). Podem ser enviadas at\u00e9 tr\u00eas imagens neste\u00a0<a href=\"http:\/\/www.worldwetlandsday.org\/\">endere\u00e7o eletr\u00f4nico<\/a>, onde o regulamento completo est\u00e1 dispon\u00edvel.<\/p>\n<p>O pr\u00eamio ser\u00e1 uma viagem para uma \u00c1rea \u00damida &#8211; um S\u00edtio Ramsar (de \u00e1rea \u00famida, veja mais sobre a Conven\u00e7\u00e3o de Ramsar abaixo). Para outras informa\u00e7\u00f5es: <a href=\"mailto:cnzu@mma.gov.br\">cnzu@mma.gov.br<\/a> .<\/p>\n<h3><span class=\"Apple-style-span\">Dia mundial<\/span><\/h3>\n<p>A data foi definida pelo Comit\u00ea Permanente da Conven\u00e7\u00e3o de Ramsar em homenagem ao dia da ado\u00e7\u00e3o da Conven\u00e7\u00e3o: 2 de fevereiro de 1971, na cidade iraniana de Ramsar.<\/p>\n<div class=\"midiaConteudoMateria\"><\/div>\n<p>\u00c9 um tratado intergovernamental criado no intuito de proteger os habitats aqu\u00e1ticos importantes para a conserva\u00e7\u00e3o de aves migrat\u00f3rias e que passou a abranger as demais \u00e1reas \u00famidas para promover sua conserva\u00e7\u00e3o, uso sustent\u00e1vel e o bem-estar das popula\u00e7\u00f5es humanas que delas dependem.<\/p>\n<p>Ramsar estabelece marcos para a\u00e7\u00f5es nacionais e para a coopera\u00e7\u00e3o entre pa\u00edses. As a\u00e7\u00f5es est\u00e3o fundamentadas no reconhecimento, pelos pa\u00edses signat\u00e1rios da Conven\u00e7\u00e3o, da import\u00e2ncia ecol\u00f3gica e do valor social, econ\u00f4mico, cultural, cient\u00edfico e recreativo de tais \u00e1reas.<\/p>\n","protected":false},"excerpt":{"rendered":"<p>Comemorado em 2 de fevereiro, Dia Mundial dedicado a esses s\u00edtios conta com programa\u00e7\u00e3o especial<\/p>\n","protected":false},"author":7,"featured_media":59068,"comment_status":"open","ping_status":"open","sticky":false,"template":"","format":"standard","meta":[],"categories":[],"tags":[],"uagb_featured_image_src":{"full":["https:\/\/espacoecologico.com.br\/arquivo\/wp-content\/uploads\/2017\/02\/area_umidas.jpg",415,265,false],"thumbnail":["https:\/\/espacoecologico.com.br\/arquivo\/wp-content\/uploads\/2017\/02\/area_umidas-150x150.jpg",150,150,true],"medium":["https:\/\/espacoecologico.com.br\/arquivo\/wp-content\/uploads\/2017\/02\/area_umidas-300x192.jpg",300,192,true],"medium_large":["https:\/\/espacoecologico.com.br\/arquivo\/wp-content\/uploads\/2017\/02\/area_umidas.jpg",415,265,false],"large":["https:\/\/espacoecologico.com.br\/arquivo\/wp-content\/uploads\/2017\/02\/area_umidas.jpg",415,265,false],"1536x1536":["https:\/\/espacoecologico.com.br\/arquivo\/wp-content\/uploads\/2017\/02\/area_umidas.jpg",415,265,false],"2048x2048":["https:\/\/espacoecologico.com.br\/arquivo\/wp-content\/uploads\/2017\/02\/area_umidas.jpg",415,265,false],"cream-magazine-thumbnail-2":["https:\/\/espacoecologico.com.br\/arquivo\/wp-content\/uploads\/2017\/02\/area_umidas.jpg",415,265,false],"cream-magazine-thumbnail-3":["https:\/\/espacoecologico.com.br\/arquivo\/wp-content\/uploads\/2017\/02\/area_umidas.jpg",415,265,false],"cream-magazine-thumbnail-4":["https:\/\/espacoecologico.com.br\/arquivo\/wp-content\/uploads\/2017\/02\/area_umidas.jpg",415,265,false]},"uagb_author_info":{"display_name":"","author_link":"https:\/\/espacoecologico.com.br\/arquivo\/author\/"},"uagb_comment_info":0,"uagb_excerpt":"Comemorado em 2 de fevereiro, Dia Mundial dedicado a esses s\u00edtios conta com programa\u00e7\u00e3o especial","_links":{"self":[{"href":"https:\/\/espacoecologico.com.br\/arquivo\/wp-json\/wp\/v2\/posts\/59067"}],"collection":[{"href":"https:\/\/espacoecologico.com.br\/arquivo\/wp-json\/wp\/v2\/posts"}],"about":[{"href":"https:\/\/espacoecologico.com.br\/arquivo\/wp-json\/wp\/v2\/types\/post"}],"author":[{"embeddable":true,"href":"https:\/\/espacoecologico.com.br\/arquivo\/wp-json\/wp\/v2\/users\/7"}],"replies":[{"embeddable":true,"href":"https:\/\/espacoecologico.com.br\/arquivo\/wp-json\/wp\/v2\/comments?post=59067"}],"version-history":[{"count":0,"href":"https:\/\/espacoecologico.com.br\/arquivo\/wp-json\/wp\/v2\/posts\/59067\/revisions"}],"wp:featuredmedia":[{"embeddable":true,"href":"https:\/\/espacoecologico.com.br\/arquivo\/wp-json\/wp\/v2\/media\/59068"}],"wp:attachment":[{"href":"https:\/\/espacoecologico.com.br\/arquivo\/wp-json\/wp\/v2\/media?parent=59067"}],"wp:term":[{"taxonomy":"category","embeddable":true,"href":"https:\/\/espacoecologico.com.br\/arquivo\/wp-json\/wp\/v2\/categories?post=59067"},{"taxonomy":"post_tag","embeddable":true,"href":"https:\/\/espacoecologico.com.br\/arquivo\/wp-json\/wp\/v2\/tags?post=59067"}],"curies":[{"name":"wp","href":"https:\/\/api.w.org\/{rel}","templated":true}]}}