{"id":59042,"date":"2017-02-02T08:00:46","date_gmt":"2017-02-02T11:00:46","guid":{"rendered":"https:\/\/espacoecologico.com.br\/arquivo\/?p=59042"},"modified":"2017-02-01T21:52:46","modified_gmt":"2017-02-02T00:52:46","slug":"calor-seguira-alto-ao-menos-ate-2021-segundo-agencia-britanica","status":"publish","type":"post","link":"https:\/\/espacoecologico.com.br\/arquivo\/calor-seguira-alto-ao-menos-ate-2021-segundo-agencia-britanica\/","title":{"rendered":"Calor seguir\u00e1 alto ao menos at\u00e9 2021, segundo ag\u00eancia brit\u00e2nica"},"content":{"rendered":"<h4><a href=\"https:\/\/espacoecologico.com.br\/arquivo\/?attachment_id=59043\" rel=\"attachment wp-att-59043\"><img loading=\"lazy\" class=\"alignleft size-medium wp-image-59043\" src=\"https:\/\/espacoecologico.com.br\/arquivo\/wp-content\/uploads\/2017\/02\/temperatura_calor-300x192.jpg\" alt=\"\" width=\"300\" height=\"192\" srcset=\"https:\/\/espacoecologico.com.br\/arquivo\/wp-content\/uploads\/2017\/02\/temperatura_calor-300x192.jpg 300w, https:\/\/espacoecologico.com.br\/arquivo\/wp-content\/uploads\/2017\/02\/temperatura_calor.jpg 415w\" sizes=\"(max-width: 300px) 100vw, 300px\" \/><\/a>Per\u00edodo at\u00e9 2021 pode ter temperaturas pr\u00f3ximas da meta \u00f3tima do Acordo de Paris, diz ag\u00eancia meteorol\u00f3gica do Reino Unido, mas n\u00e3o deve bater aquecimento de 2015 e 2016<\/h4>\n<p>De 2017 a 2021, a m\u00e9dia de temperatura global deve permanecer alta, entre 0,42\u00b0C e 0,89\u00b0C acima da m\u00e9dia entre 1981 e 2010, o que representa entre 1,02\u00b0C e 1,49\u00b0C em rela\u00e7\u00e3o \u00e0s temperaturas pr\u00e9-industriais. A informa\u00e7\u00e3o \u00e9 do <i>MetOffice<\/i>, o servi\u00e7o de meteorologia brit\u00e2nico, que divulgou, em 1\u00ba de fevereiro, sua previs\u00e3o de curto prazo. Segundo o <i>MetOffice<\/i>, os recentes recordes de temperatura vistos entre 2014 e 2016 tendem a n\u00e3o se repetir.<\/p>\n<p>A probabilidade de que a m\u00e9dia global ultrapasse o limite de 1,5\u00b0C &#8211; o \u201ccentro da meta\u201d do Acordo de Paris \u2013 \u00e9 tida como baixa pela avalia\u00e7\u00e3o, que incorpora fatores naturais e causados por humanos. O aquecimento deve ser maior sobre a terra e em altas latitudes do norte do planeta. O relat\u00f3rio informa, ainda, que o sistema de correntes marinhas subpolares no norte do Atl\u00e2ntico deve sofrer aumento de temperatura, o que poderia causar impactos clim\u00e1ticos importantes na Am\u00e9rica, Europa e \u00c1frica.<\/p>\n<div class=\"midiaConteudoMateria\"><\/div>\n<p>Mais cedo neste ano, o \u00f3rg\u00e3o brit\u00e2nico divulgou seus\u00a0<a href=\"http:\/\/www.observatoriodoclima.eco.br\/nasa-2016-seria-recorde-mesmo-sem-el-nino\/\">dados de temperatura de 2016<\/a>, com resultados um pouco mais brandos em rela\u00e7\u00e3o aos apresentados pelos estadunidenses Nasa e Noaa, devido a\u00a0<a href=\"http:\/\/www.metoffice.gov.uk\/news\/releases\/2017\/2016-record-breaking-year-for-global-temperature\">diferen\u00e7as de metodologia<\/a>. Para o <i>MetOffice<\/i>, 2016 representou um aumento entre 0,77\u00b0C e 0,1\u00b0C acima da m\u00e9dia de longo termo (1961-1990), e 1,1\u00b0C mais alta que a m\u00e9dia comparada a temperaturas pr\u00e9-industriais.<\/p>\n","protected":false},"excerpt":{"rendered":"<p>Per\u00edodo at\u00e9 2021 pode ter temperaturas pr\u00f3ximas da meta \u00f3tima do Acordo de Paris, diz<\/p>\n","protected":false},"author":7,"featured_media":59043,"comment_status":"open","ping_status":"open","sticky":false,"template":"","format":"standard","meta":[],"categories":[],"tags":[],"uagb_featured_image_src":{"full":["https:\/\/espacoecologico.com.br\/arquivo\/wp-content\/uploads\/2017\/02\/temperatura_calor.jpg",415,265,false],"thumbnail":["https:\/\/espacoecologico.com.br\/arquivo\/wp-content\/uploads\/2017\/02\/temperatura_calor-150x150.jpg",150,150,true],"medium":["https:\/\/espacoecologico.com.br\/arquivo\/wp-content\/uploads\/2017\/02\/temperatura_calor-300x192.jpg",300,192,true],"medium_large":["https:\/\/espacoecologico.com.br\/arquivo\/wp-content\/uploads\/2017\/02\/temperatura_calor.jpg",415,265,false],"large":["https:\/\/espacoecologico.com.br\/arquivo\/wp-content\/uploads\/2017\/02\/temperatura_calor.jpg",415,265,false],"1536x1536":["https:\/\/espacoecologico.com.br\/arquivo\/wp-content\/uploads\/2017\/02\/temperatura_calor.jpg",415,265,false],"2048x2048":["https:\/\/espacoecologico.com.br\/arquivo\/wp-content\/uploads\/2017\/02\/temperatura_calor.jpg",415,265,false],"cream-magazine-thumbnail-2":["https:\/\/espacoecologico.com.br\/arquivo\/wp-content\/uploads\/2017\/02\/temperatura_calor.jpg",415,265,false],"cream-magazine-thumbnail-3":["https:\/\/espacoecologico.com.br\/arquivo\/wp-content\/uploads\/2017\/02\/temperatura_calor.jpg",415,265,false],"cream-magazine-thumbnail-4":["https:\/\/espacoecologico.com.br\/arquivo\/wp-content\/uploads\/2017\/02\/temperatura_calor.jpg",415,265,false]},"uagb_author_info":{"display_name":"","author_link":"https:\/\/espacoecologico.com.br\/arquivo\/author\/"},"uagb_comment_info":0,"uagb_excerpt":"Per\u00edodo at\u00e9 2021 pode ter temperaturas pr\u00f3ximas da meta \u00f3tima do Acordo de Paris, diz","_links":{"self":[{"href":"https:\/\/espacoecologico.com.br\/arquivo\/wp-json\/wp\/v2\/posts\/59042"}],"collection":[{"href":"https:\/\/espacoecologico.com.br\/arquivo\/wp-json\/wp\/v2\/posts"}],"about":[{"href":"https:\/\/espacoecologico.com.br\/arquivo\/wp-json\/wp\/v2\/types\/post"}],"author":[{"embeddable":true,"href":"https:\/\/espacoecologico.com.br\/arquivo\/wp-json\/wp\/v2\/users\/7"}],"replies":[{"embeddable":true,"href":"https:\/\/espacoecologico.com.br\/arquivo\/wp-json\/wp\/v2\/comments?post=59042"}],"version-history":[{"count":0,"href":"https:\/\/espacoecologico.com.br\/arquivo\/wp-json\/wp\/v2\/posts\/59042\/revisions"}],"wp:featuredmedia":[{"embeddable":true,"href":"https:\/\/espacoecologico.com.br\/arquivo\/wp-json\/wp\/v2\/media\/59043"}],"wp:attachment":[{"href":"https:\/\/espacoecologico.com.br\/arquivo\/wp-json\/wp\/v2\/media?parent=59042"}],"wp:term":[{"taxonomy":"category","embeddable":true,"href":"https:\/\/espacoecologico.com.br\/arquivo\/wp-json\/wp\/v2\/categories?post=59042"},{"taxonomy":"post_tag","embeddable":true,"href":"https:\/\/espacoecologico.com.br\/arquivo\/wp-json\/wp\/v2\/tags?post=59042"}],"curies":[{"name":"wp","href":"https:\/\/api.w.org\/{rel}","templated":true}]}}