{"id":59037,"date":"2017-02-02T07:00:42","date_gmt":"2017-02-02T10:00:42","guid":{"rendered":"https:\/\/espacoecologico.com.br\/arquivo\/?p=59037"},"modified":"2017-02-01T21:49:07","modified_gmt":"2017-02-02T00:49:07","slug":"fogoes-ecologicos-melhoram-condicoes-de-familias-rurais-de-baixa-renda","status":"publish","type":"post","link":"https:\/\/espacoecologico.com.br\/arquivo\/fogoes-ecologicos-melhoram-condicoes-de-familias-rurais-de-baixa-renda\/","title":{"rendered":"Fog\u00f5es ecol\u00f3gicos melhoram condi\u00e7\u00f5es de fam\u00edlias rurais de baixa renda"},"content":{"rendered":"<p><a href=\"https:\/\/espacoecologico.com.br\/arquivo\/?attachment_id=59038\" rel=\"attachment wp-att-59038\"><img loading=\"lazy\" class=\"alignleft size-medium wp-image-59038\" src=\"https:\/\/espacoecologico.com.br\/arquivo\/wp-content\/uploads\/2017\/02\/fogao_ecologico-300x192.jpg\" alt=\"\" width=\"300\" height=\"192\" srcset=\"https:\/\/espacoecologico.com.br\/arquivo\/wp-content\/uploads\/2017\/02\/fogao_ecologico-300x192.jpg 300w, https:\/\/espacoecologico.com.br\/arquivo\/wp-content\/uploads\/2017\/02\/fogao_ecologico.jpg 415w\" sizes=\"(max-width: 300px) 100vw, 300px\" \/><\/a>Grandes emiss\u00f5es de gases de efeito estufa, degrada\u00e7\u00e3o das florestas e problemas de sa\u00fade na popula\u00e7\u00e3o. Esses s\u00e3o alguns dos malef\u00edcios do uso de fog\u00f5es a lenha rudimentares, realidade comum em aproximadamente tr\u00eas milh\u00f5es de domic\u00edlios de baixa renda brasileiros, principalmente no meio rural. Uma iniciativa financiada pela<\/p>\n<p>Natura e realizada pela organiza\u00e7\u00e3o sem fins lucrativos Instituto Perene tem ajudado a mudar essa realidade no Rec\u00f4ncavo Baiano.<\/p>\n<p>A constru\u00e7\u00e3o de \u201cfog\u00f5es eficientes\u201d, tamb\u00e9m a lenha, mas com uso de tecnologia que permite uma redu\u00e7\u00e3o significativa no uso da madeira, j\u00e1 beneficiou seis mil domic\u00edlios na regi\u00e3o, nos \u00faltimos oito anos. Um novo contrato ir\u00e1 contemplar mais 1.880 casas, totalizando quase oito mil fam\u00edlias e cerca de 25 mil pessoas.<\/p>\n<p>No mundo, segundo a Organiza\u00e7\u00e3o Mundial de Sa\u00fade (OMS), mais de tr\u00eas bilh\u00f5esde pessoas dependem de fog\u00f5es a lenha para coc\u00e7\u00e3o. Estima-se que cerca de quatro milh\u00f5es morram prematuramente todos os anos em decorr\u00eancia de doen\u00e7as relacionadas \u00e0 inala\u00e7\u00e3o cont\u00ednua de fuma\u00e7a. Fog\u00f5es convencionais \u00e0 lenha demandam um volume excessivo de madeira, e a fuma\u00e7a proveniente do processo de queima resulta em graves problemas de sa\u00fade, afetando principalmente pulm\u00f5es e olhos e, especialmente, mulheres e crian\u00e7as.<\/p>\n<p><strong>Como funciona o fog\u00e3o<\/strong><\/p>\n<p>A tecnologia empregada pelo Instituto Perene utiliza uma c\u00e2mara de combust\u00e3o que possibilita um processo de queima da lenha com o m\u00ednimo de fuma\u00e7a, expelida por meio de uma chamin\u00e9. Os moradores arcam com os custos dos materiais \u2013 areia, cimento e cer\u00e2mica \u2013 necess\u00e1rios para a montagem da estrutura do novo forno, e a organiza\u00e7\u00e3o disponibiliza os componentes t\u00e9cnicos e a m\u00e3o de obra.\u00a0 A Natura entra com o aporte financeiro, por meio da compra de cr\u00e9ditos de carbono, auxiliando no financiamento e na constru\u00e7\u00e3o dos fog\u00f5es eficientes.<\/p>\n<p>\u201c\u00c9 uma tecnologia simples, que utiliza recursos e pessoas da regi\u00e3o, e que est\u00e1 chegando a milhares de casas de baixa renda\u201d, diz Guilherme Valladares, co-fundador do Instituto Perene. \u201cH\u00e1 benef\u00edcios n\u00e3o s\u00f3 para todas as partes envolvidas no projeto, como para a comunidade local e a sociedade em geral.<\/p>\n<p>O uso da lenha tem impacto direto nos remanescentes da Mata Atl\u00e2ntica na regi\u00e3o do rec\u00f4ncavo baiano, pois s\u00e3o milhares de pessoas coletando lenha todos os dias para queimar. A cadeia de fornecimento dos fog\u00f5es eficientes tamb\u00e9m estimula oportunidades econ\u00f4micas, fomentando a capacita\u00e7\u00e3o e a cria\u00e7\u00e3o de empregos locais para a montagem do fog\u00e3o\u201d, diz Valladares.<\/p>\n<p>Uma das primeiras beneficiadas pelo projeto, Crispina Bispo Barbosa, que vive no munic\u00edpio de Maragogipe, logo percebeu o impacto da mudan\u00e7a e se tornou parceira do Instituto Perene, passando a cadastrar outros moradores da regi\u00e3o a ser contemplados. \u201cPercebi que isso melhora tamb\u00e9m a autoestima das mulheres, que ficavam com as unhas e as roupas cheias de carv\u00e3o. A gente fazia os fog\u00f5es de qualquer jeito, tinha muita fuma\u00e7a pela casa toda, gastava muita lenha e sa\u00eda muito fogo, mas pouco calor\u201d, conta. Atualmente, mais de mil fam\u00edlias que vivem na localidade de Crispina j\u00e1 cozinham nos fog\u00f5es eficientes.<\/p>\n<p>Edinole Batista dos Santos, contemplada com o novo fog\u00e3o em dezembro de 2016, aponta outros benef\u00edcios: \u201cEu mesma tiro a lenha com machado e carrego no jegue, para cozinhar. Agora vai ser mais tranquilo, porque esse fog\u00e3o \u00e9 muito mais econ\u00f4mico e precisa de pouca lenha para cozinhar todo dia. Tamb\u00e9m vou poder usar todo tipo de panela, porque n\u00e3o tem carv\u00e3o. \u00c9 o melhor presente de Natal que eu poderia ter\u201d, comemora.<\/p>\n<p>A estimativa \u00e9 que, com a troca dos fog\u00f5es, haja a redu\u00e7\u00e3o de aproximadamente 108 mil toneladas de emiss\u00f5es de gases de efeito estufa durante os dez anos de vida \u00fatil dos fog\u00f5es. Isso \u00e9 o equivalente \u00e0s emiss\u00f5es de um autom\u00f3vel movido a gasolina em cerca de 18 mil voltas na Terra.<\/p>\n","protected":false},"excerpt":{"rendered":"<p>Grandes emiss\u00f5es de gases de efeito estufa, degrada\u00e7\u00e3o das florestas e problemas de sa\u00fade na<\/p>\n","protected":false},"author":7,"featured_media":59038,"comment_status":"open","ping_status":"open","sticky":false,"template":"","format":"standard","meta":[],"categories":[],"tags":[],"uagb_featured_image_src":{"full":["https:\/\/espacoecologico.com.br\/arquivo\/wp-content\/uploads\/2017\/02\/fogao_ecologico.jpg",415,265,false],"thumbnail":["https:\/\/espacoecologico.com.br\/arquivo\/wp-content\/uploads\/2017\/02\/fogao_ecologico-150x150.jpg",150,150,true],"medium":["https:\/\/espacoecologico.com.br\/arquivo\/wp-content\/uploads\/2017\/02\/fogao_ecologico-300x192.jpg",300,192,true],"medium_large":["https:\/\/espacoecologico.com.br\/arquivo\/wp-content\/uploads\/2017\/02\/fogao_ecologico.jpg",415,265,false],"large":["https:\/\/espacoecologico.com.br\/arquivo\/wp-content\/uploads\/2017\/02\/fogao_ecologico.jpg",415,265,false],"1536x1536":["https:\/\/espacoecologico.com.br\/arquivo\/wp-content\/uploads\/2017\/02\/fogao_ecologico.jpg",415,265,false],"2048x2048":["https:\/\/espacoecologico.com.br\/arquivo\/wp-content\/uploads\/2017\/02\/fogao_ecologico.jpg",415,265,false],"cream-magazine-thumbnail-2":["https:\/\/espacoecologico.com.br\/arquivo\/wp-content\/uploads\/2017\/02\/fogao_ecologico.jpg",415,265,false],"cream-magazine-thumbnail-3":["https:\/\/espacoecologico.com.br\/arquivo\/wp-content\/uploads\/2017\/02\/fogao_ecologico.jpg",415,265,false],"cream-magazine-thumbnail-4":["https:\/\/espacoecologico.com.br\/arquivo\/wp-content\/uploads\/2017\/02\/fogao_ecologico.jpg",415,265,false]},"uagb_author_info":{"display_name":"","author_link":"https:\/\/espacoecologico.com.br\/arquivo\/author\/"},"uagb_comment_info":0,"uagb_excerpt":"Grandes emiss\u00f5es de gases de efeito estufa, degrada\u00e7\u00e3o das florestas e problemas de sa\u00fade na","_links":{"self":[{"href":"https:\/\/espacoecologico.com.br\/arquivo\/wp-json\/wp\/v2\/posts\/59037"}],"collection":[{"href":"https:\/\/espacoecologico.com.br\/arquivo\/wp-json\/wp\/v2\/posts"}],"about":[{"href":"https:\/\/espacoecologico.com.br\/arquivo\/wp-json\/wp\/v2\/types\/post"}],"author":[{"embeddable":true,"href":"https:\/\/espacoecologico.com.br\/arquivo\/wp-json\/wp\/v2\/users\/7"}],"replies":[{"embeddable":true,"href":"https:\/\/espacoecologico.com.br\/arquivo\/wp-json\/wp\/v2\/comments?post=59037"}],"version-history":[{"count":0,"href":"https:\/\/espacoecologico.com.br\/arquivo\/wp-json\/wp\/v2\/posts\/59037\/revisions"}],"wp:featuredmedia":[{"embeddable":true,"href":"https:\/\/espacoecologico.com.br\/arquivo\/wp-json\/wp\/v2\/media\/59038"}],"wp:attachment":[{"href":"https:\/\/espacoecologico.com.br\/arquivo\/wp-json\/wp\/v2\/media?parent=59037"}],"wp:term":[{"taxonomy":"category","embeddable":true,"href":"https:\/\/espacoecologico.com.br\/arquivo\/wp-json\/wp\/v2\/categories?post=59037"},{"taxonomy":"post_tag","embeddable":true,"href":"https:\/\/espacoecologico.com.br\/arquivo\/wp-json\/wp\/v2\/tags?post=59037"}],"curies":[{"name":"wp","href":"https:\/\/api.w.org\/{rel}","templated":true}]}}