{"id":59026,"date":"2017-02-01T14:00:51","date_gmt":"2017-02-01T17:00:51","guid":{"rendered":"https:\/\/espacoecologico.com.br\/arquivo\/?p=59026"},"modified":"2017-02-01T09:22:58","modified_gmt":"2017-02-01T12:22:58","slug":"grandes-empresas-se-unem-para-promover-o-hidrogenio-como-energia-limpa","status":"publish","type":"post","link":"https:\/\/espacoecologico.com.br\/arquivo\/grandes-empresas-se-unem-para-promover-o-hidrogenio-como-energia-limpa\/","title":{"rendered":"Grandes empresas se unem para promover o hidrog\u00eanio como energia limpa"},"content":{"rendered":"<p><a href=\"https:\/\/espacoecologico.com.br\/arquivo\/?attachment_id=59027\" rel=\"attachment wp-att-59027\"><img loading=\"lazy\" class=\"alignleft size-medium wp-image-59027\" src=\"https:\/\/espacoecologico.com.br\/arquivo\/wp-content\/uploads\/2017\/02\/energia_limpa-300x192.jpg\" alt=\"\" width=\"300\" height=\"192\" srcset=\"https:\/\/espacoecologico.com.br\/arquivo\/wp-content\/uploads\/2017\/02\/energia_limpa-300x192.jpg 300w, https:\/\/espacoecologico.com.br\/arquivo\/wp-content\/uploads\/2017\/02\/energia_limpa.jpg 415w\" sizes=\"(max-width: 300px) 100vw, 300px\" \/><\/a>Durante a Confer\u00eancia sobre Mudan\u00e7as Clim\u00e1ticas (COP22) de Marrakech o ano passado, foi divulgado que o mundo, pelo 3\u00ba ano consecutivo, manteve est\u00e1veis suas emiss\u00f5es de CO2, por\u00e9m os esfor\u00e7os n\u00e3o foram suficientes. Segundo a pesquisa foram emitidos no mundo cerca de 36,3 gigatoneladas de CO2, n\u00famero bastante alarmante.<\/p>\n<p>Tentando colaborar com o planeta e minimizar os danos causados pelas emiss\u00f5es dos gases de feito estufa, grandes empresas europeias e asi\u00e1ticas (BMW, Daimler, Honda, Hyundai, Kawasaki, Shell, Air Liquide, Alstom, Engie, AngloAmerican, Linde, Total e Toyota) est\u00e3o se juntando para promover o <a title=\"\u00d4nibus movidos a hidrog\u00eanio j\u00e1 circula por S\u00e3o Paulo\" href=\"http:\/\/www.pensamentoverde.com.br\/mobilidade-urbana\/onibus-movidos-hidrogenio-ja-circula-por-sao-paulo\/\">hidrog\u00eanio como energia limpa<\/a>, de acordo com informa\u00e7\u00f5es da R\u00e1dio Fran\u00e7a Internacional.<\/p>\n<p>Batizado de Hydrogen Council (Conselho do Hidrog\u00eanio, em portugu\u00eas), o grupo que \u00e9 formado por setores do automobilismo e energ\u00e9tico fez a sua primeira reuni\u00e3o no dia 17 em Danos, na Sui\u00e7a. L\u00e1 ele defendeu a utiliza\u00e7\u00e3o dessa nova tecnologia, que visa alcan\u00e7ar o objetivo estabelecido durante o Acordo de Paris em 2015, que \u00e9 manter o aquecimento global bem abaixo de 2\u00baC.<\/p>\n<div id=\"attachment_35203\" class=\"wp-caption has-credit alignnone\">\n<p><img loading=\"lazy\" class=\"size-medium wp-image-35203\" src=\"http:\/\/www.pensamentoverde.com.br\/wp-content\/uploads\/2017\/01\/1-hidrogenio-291x300.jpg\" alt=\"\" width=\"291\" height=\"300\" \/><\/p>\n<p class=\"wp-caption-text\"><span class=\"origem-media\"><a title=\"\u00a9 Depositphotos.com \/ masha_tace\" href=\"http:\/\/www.pensamentoverde.com.br\/fonte\/url=http:\/\/br.depositphotos.com\/84356780\/stock-illustration-hydrogen-fuel-production-and-usage.html\" target=\"_blank\">\u00a9 Depositphotos.com \/ masha_tace<\/a><\/span> Empresas aguardam ajuda do poder p\u00fablico para viabilizar a iniciativa.<\/p>\n<\/div>\n<p>Durante a reuni\u00e3o as empresas mostraram dados e pesquisas realizadas para promover o uso do hidrog\u00eanio em n\u00edvel global, pelo fato dessa energia n\u00e3o emitir CO2 quando utilizada. O presidente do novo conselho, Beno\u00eet Potier, l\u00edder do grupo de gases industriais Air Liquide, disse durante o encontro: \u201cAtores-chave da energia, do transporte e do setor industrial unem suas for\u00e7as para expressar uma vis\u00e3o comum do papel central que o hidrog\u00eanio ter\u00e1 na transi\u00e7\u00e3o energ\u00e9tica.\u201d<\/p>\n<p>A escolha por Davos como local para o primeiro encontro foi bastante estrat\u00e9gica, pois teve como intuito chamar a aten\u00e7\u00e3o das lideran\u00e7as mundiais da pol\u00edtica e da economia. Takeshi Uchiyamada, presidente da Toyota, explicou a situa\u00e7\u00e3o: \u201cAt\u00e9 o momento, sem um grande apoio dos poderes p\u00fablicos, a transi\u00e7\u00e3o para uma energia sem CO2 \u00e9 imposs\u00edvel.\u201d<\/p>\n<p>O conselho ainda deixou claro que essa nova fonte de energia pode alimentar as c\u00e9lulas de combust\u00edvel em ve\u00edculos automotivos, podendo ser aproveitada tamb\u00e9m como parte das energias renov\u00e1veis que \u00e9 produzida, mas se dissipam por n\u00e3o poderem ser conservadas. Patrick Pouyann\u00e9, presidente da Total, afirmou que agora o desafio \u00e9 desenvolver o uso do hidrog\u00eanio de uma forma s\u00f3lida e acess\u00edvel.<\/p>\n","protected":false},"excerpt":{"rendered":"<p>Durante a Confer\u00eancia sobre Mudan\u00e7as Clim\u00e1ticas (COP22) de Marrakech o ano passado, foi divulgado que<\/p>\n","protected":false},"author":7,"featured_media":59027,"comment_status":"open","ping_status":"open","sticky":false,"template":"","format":"standard","meta":[],"categories":[],"tags":[],"uagb_featured_image_src":{"full":["https:\/\/espacoecologico.com.br\/arquivo\/wp-content\/uploads\/2017\/02\/energia_limpa.jpg",415,265,false],"thumbnail":["https:\/\/espacoecologico.com.br\/arquivo\/wp-content\/uploads\/2017\/02\/energia_limpa-150x150.jpg",150,150,true],"medium":["https:\/\/espacoecologico.com.br\/arquivo\/wp-content\/uploads\/2017\/02\/energia_limpa-300x192.jpg",300,192,true],"medium_large":["https:\/\/espacoecologico.com.br\/arquivo\/wp-content\/uploads\/2017\/02\/energia_limpa.jpg",415,265,false],"large":["https:\/\/espacoecologico.com.br\/arquivo\/wp-content\/uploads\/2017\/02\/energia_limpa.jpg",415,265,false],"1536x1536":["https:\/\/espacoecologico.com.br\/arquivo\/wp-content\/uploads\/2017\/02\/energia_limpa.jpg",415,265,false],"2048x2048":["https:\/\/espacoecologico.com.br\/arquivo\/wp-content\/uploads\/2017\/02\/energia_limpa.jpg",415,265,false],"cream-magazine-thumbnail-2":["https:\/\/espacoecologico.com.br\/arquivo\/wp-content\/uploads\/2017\/02\/energia_limpa.jpg",415,265,false],"cream-magazine-thumbnail-3":["https:\/\/espacoecologico.com.br\/arquivo\/wp-content\/uploads\/2017\/02\/energia_limpa.jpg",415,265,false],"cream-magazine-thumbnail-4":["https:\/\/espacoecologico.com.br\/arquivo\/wp-content\/uploads\/2017\/02\/energia_limpa.jpg",415,265,false]},"uagb_author_info":{"display_name":"","author_link":"https:\/\/espacoecologico.com.br\/arquivo\/author\/"},"uagb_comment_info":0,"uagb_excerpt":"Durante a Confer\u00eancia sobre Mudan\u00e7as Clim\u00e1ticas (COP22) de Marrakech o ano passado, foi divulgado que","_links":{"self":[{"href":"https:\/\/espacoecologico.com.br\/arquivo\/wp-json\/wp\/v2\/posts\/59026"}],"collection":[{"href":"https:\/\/espacoecologico.com.br\/arquivo\/wp-json\/wp\/v2\/posts"}],"about":[{"href":"https:\/\/espacoecologico.com.br\/arquivo\/wp-json\/wp\/v2\/types\/post"}],"author":[{"embeddable":true,"href":"https:\/\/espacoecologico.com.br\/arquivo\/wp-json\/wp\/v2\/users\/7"}],"replies":[{"embeddable":true,"href":"https:\/\/espacoecologico.com.br\/arquivo\/wp-json\/wp\/v2\/comments?post=59026"}],"version-history":[{"count":0,"href":"https:\/\/espacoecologico.com.br\/arquivo\/wp-json\/wp\/v2\/posts\/59026\/revisions"}],"wp:featuredmedia":[{"embeddable":true,"href":"https:\/\/espacoecologico.com.br\/arquivo\/wp-json\/wp\/v2\/media\/59027"}],"wp:attachment":[{"href":"https:\/\/espacoecologico.com.br\/arquivo\/wp-json\/wp\/v2\/media?parent=59026"}],"wp:term":[{"taxonomy":"category","embeddable":true,"href":"https:\/\/espacoecologico.com.br\/arquivo\/wp-json\/wp\/v2\/categories?post=59026"},{"taxonomy":"post_tag","embeddable":true,"href":"https:\/\/espacoecologico.com.br\/arquivo\/wp-json\/wp\/v2\/tags?post=59026"}],"curies":[{"name":"wp","href":"https:\/\/api.w.org\/{rel}","templated":true}]}}