{"id":59021,"date":"2017-02-01T13:30:09","date_gmt":"2017-02-01T16:30:09","guid":{"rendered":"https:\/\/espacoecologico.com.br\/arquivo\/?p=59021"},"modified":"2017-02-01T21:21:12","modified_gmt":"2017-02-02T00:21:12","slug":"por-que-os-jovens-nao-devem-tomar-suplementos-antioxidantes","status":"publish","type":"post","link":"https:\/\/espacoecologico.com.br\/arquivo\/por-que-os-jovens-nao-devem-tomar-suplementos-antioxidantes\/","title":{"rendered":"Por que os jovens n\u00e3o devem tomar suplementos antioxidantes"},"content":{"rendered":"<p><a href=\"https:\/\/espacoecologico.com.br\/arquivo\/por-que-os-jovens-nao-devem-tomar-suplementos-antioxidantes\/jovem\/\" rel=\"attachment wp-att-59022\"><img loading=\"lazy\" class=\"alignleft size-medium wp-image-59022\" src=\"https:\/\/espacoecologico.com.br\/arquivo\/wp-content\/uploads\/2017\/02\/jovem-300x192.jpg\" alt=\"\" width=\"300\" height=\"192\" srcset=\"https:\/\/espacoecologico.com.br\/arquivo\/wp-content\/uploads\/2017\/02\/jovem-300x192.jpg 300w, https:\/\/espacoecologico.com.br\/arquivo\/wp-content\/uploads\/2017\/02\/jovem.jpg 415w\" sizes=\"(max-width: 300px) 100vw, 300px\" \/><\/a>Acredita-se que tomar suplementos com a\u00e7\u00e3o antioxidante traz in\u00fameros benef\u00edcios como retardar o processo de envelhecimento, curar doen\u00e7as e at\u00e9 prevenir o c\u00e2ncer. No entanto, o consumo de <strong>suplementos antioxidantes<\/strong>, em especial por pessoas <strong>jovens<\/strong>, pode ter um efeito contr\u00e1rio do esperado e acelerar \u2013 em vez de retardar \u2013 o <strong>envelhecimento<\/strong>. A conclus\u00e3o \u00e9 de um estudo publicado recentemente na\u00a0revista cient\u00edfica <em>Redox Biology.<\/em><\/p>\n<p>\u201cCada vez mais pessoas na faixa dos 20 anos tomam p\u00edlulas com antioxidantes como a vitamina C e os polifen\u00f3is de ch\u00e1, mas elas devem parar de fazer isso.\u201d, alertou Chen Chang, l\u00edder do estudo e pesquisadora do\u00a0Instituto de Biof\u00edsica e da Academia Chinesa de Ci\u00eancias em Beijing, na China.<\/p>\n<p>Segundo Chen Chang, do\u00a0Instituto de Biof\u00edsica e da Academia Chinesa de Ci\u00eancias em Beijing, na China, coordenadora do estudo, a ingest\u00e3o excessiva desse tipo de suplemento pode\u00a0acelerar o envelhecimento ao perturbar o mecanismo de resposta do corpo ao stress.<\/p>\n<h3>Mecanismo natural<\/h3>\n<p>Em sua pesquisa, Chen comparou a resposta de vermes e de c\u00e9lulas humanas, de diferentes idades, ao stress. Os resultados mostraram que o corpo j\u00e1 possui um sistema de combate aos oxidantes \u2013 agentes qu\u00edmicos capazes de tirar el\u00e9trons de outros \u00e1tomos necess\u00e1rios para que continuemos ativos e alertas. Os pesquisadores chamaram esse mecanismo natural de \u201ccapacidade esfor\u00e7o-resposta-redox-\u201d (RRC, na sigla em ingl\u00eas) e conclu\u00edram que o processo de envelhecimento celular foi causado pela degrada\u00e7\u00e3o da RRC, n\u00e3o pela presen\u00e7a de oxidantes.<\/p>\n<p>Nesse caso, os suplementos com antioxidantes \u2013 vitaminas, minerais e outros qu\u00edmicos que podem neutralizar os oxidantes -, agiriam relaxando muito esse sistema de alarme natural do corpo e poderia at\u00e9 mesmo \u201cestragar\u201d o mecanismo RRC,\u00a0o que implicaria no risco de uma pessoa jovem \u201cenvelhecer mais r\u00e1pido do que o natural\u201d.<\/p>\n<p>A pesquisadora ressalta que mesmo pessoas mais velhas devem tomar antioxidantes com cautela. Ela acredita que a estrat\u00e9gia correta para retardar o envelhecimento seja fortalecer a capacidade do RRC, n\u00e3o tomar p\u00edlulas.<\/p>\n<h3>Mecanismo complexo<\/h3>\n<p>Para Sang Jianli, bi\u00f3logo celular na Universidade Normal de Pequim, em entrevista a ag\u00eancia de not\u00edcias <em>Asia News Network<\/em>,\u00a0a conclus\u00e3o do estudo \u201cfaze todo o sentido\u201d. Mas ele discorda que\u00a0o mecanismo RRC seja suficiente para explicar completamente o envelhecimento.<\/p>\n<p>\u201cO envelhecimento envolve muitos outros mecanismos, como os genes. Muitos problemas cient\u00edficos ainda precisam ser resolvidos antes que possamos estimar exatamente quanto tempo um indiv\u00edduo pode naturalmente viver.\u201d, afirmou o especialista.<\/p>\n","protected":false},"excerpt":{"rendered":"<p>Acredita-se que tomar suplementos com a\u00e7\u00e3o antioxidante traz in\u00fameros benef\u00edcios como retardar o processo de<\/p>\n","protected":false},"author":7,"featured_media":59022,"comment_status":"open","ping_status":"open","sticky":false,"template":"","format":"standard","meta":[],"categories":[],"tags":[],"uagb_featured_image_src":{"full":["https:\/\/espacoecologico.com.br\/arquivo\/wp-content\/uploads\/2017\/02\/jovem.jpg",415,265,false],"thumbnail":["https:\/\/espacoecologico.com.br\/arquivo\/wp-content\/uploads\/2017\/02\/jovem-150x150.jpg",150,150,true],"medium":["https:\/\/espacoecologico.com.br\/arquivo\/wp-content\/uploads\/2017\/02\/jovem-300x192.jpg",300,192,true],"medium_large":["https:\/\/espacoecologico.com.br\/arquivo\/wp-content\/uploads\/2017\/02\/jovem.jpg",415,265,false],"large":["https:\/\/espacoecologico.com.br\/arquivo\/wp-content\/uploads\/2017\/02\/jovem.jpg",415,265,false],"1536x1536":["https:\/\/espacoecologico.com.br\/arquivo\/wp-content\/uploads\/2017\/02\/jovem.jpg",415,265,false],"2048x2048":["https:\/\/espacoecologico.com.br\/arquivo\/wp-content\/uploads\/2017\/02\/jovem.jpg",415,265,false],"cream-magazine-thumbnail-2":["https:\/\/espacoecologico.com.br\/arquivo\/wp-content\/uploads\/2017\/02\/jovem.jpg",415,265,false],"cream-magazine-thumbnail-3":["https:\/\/espacoecologico.com.br\/arquivo\/wp-content\/uploads\/2017\/02\/jovem.jpg",415,265,false],"cream-magazine-thumbnail-4":["https:\/\/espacoecologico.com.br\/arquivo\/wp-content\/uploads\/2017\/02\/jovem.jpg",415,265,false]},"uagb_author_info":{"display_name":"","author_link":"https:\/\/espacoecologico.com.br\/arquivo\/author\/"},"uagb_comment_info":0,"uagb_excerpt":"Acredita-se que tomar suplementos com a\u00e7\u00e3o antioxidante traz in\u00fameros benef\u00edcios como retardar o processo de","_links":{"self":[{"href":"https:\/\/espacoecologico.com.br\/arquivo\/wp-json\/wp\/v2\/posts\/59021"}],"collection":[{"href":"https:\/\/espacoecologico.com.br\/arquivo\/wp-json\/wp\/v2\/posts"}],"about":[{"href":"https:\/\/espacoecologico.com.br\/arquivo\/wp-json\/wp\/v2\/types\/post"}],"author":[{"embeddable":true,"href":"https:\/\/espacoecologico.com.br\/arquivo\/wp-json\/wp\/v2\/users\/7"}],"replies":[{"embeddable":true,"href":"https:\/\/espacoecologico.com.br\/arquivo\/wp-json\/wp\/v2\/comments?post=59021"}],"version-history":[{"count":0,"href":"https:\/\/espacoecologico.com.br\/arquivo\/wp-json\/wp\/v2\/posts\/59021\/revisions"}],"wp:featuredmedia":[{"embeddable":true,"href":"https:\/\/espacoecologico.com.br\/arquivo\/wp-json\/wp\/v2\/media\/59022"}],"wp:attachment":[{"href":"https:\/\/espacoecologico.com.br\/arquivo\/wp-json\/wp\/v2\/media?parent=59021"}],"wp:term":[{"taxonomy":"category","embeddable":true,"href":"https:\/\/espacoecologico.com.br\/arquivo\/wp-json\/wp\/v2\/categories?post=59021"},{"taxonomy":"post_tag","embeddable":true,"href":"https:\/\/espacoecologico.com.br\/arquivo\/wp-json\/wp\/v2\/tags?post=59021"}],"curies":[{"name":"wp","href":"https:\/\/api.w.org\/{rel}","templated":true}]}}