{"id":59016,"date":"2017-02-01T13:00:01","date_gmt":"2017-02-01T16:00:01","guid":{"rendered":"https:\/\/espacoecologico.com.br\/arquivo\/?p=59016"},"modified":"2017-02-01T09:05:32","modified_gmt":"2017-02-01T12:05:32","slug":"horario-das-refeicoes-influencia-saude-do-coracao-alerta-pesquisa","status":"publish","type":"post","link":"https:\/\/espacoecologico.com.br\/arquivo\/horario-das-refeicoes-influencia-saude-do-coracao-alerta-pesquisa\/","title":{"rendered":"Hor\u00e1rio das refei\u00e7\u00f5es influencia sa\u00fade do cora\u00e7\u00e3o, alerta pesquisa"},"content":{"rendered":"<p><a href=\"https:\/\/espacoecologico.com.br\/arquivo\/?attachment_id=59017\" rel=\"attachment wp-att-59017\"><img loading=\"lazy\" class=\"alignleft size-medium wp-image-59017\" src=\"https:\/\/espacoecologico.com.br\/arquivo\/wp-content\/uploads\/2017\/02\/alimentacao-300x192.jpg\" alt=\"\" width=\"300\" height=\"192\" srcset=\"https:\/\/espacoecologico.com.br\/arquivo\/wp-content\/uploads\/2017\/02\/alimentacao-300x192.jpg 300w, https:\/\/espacoecologico.com.br\/arquivo\/wp-content\/uploads\/2017\/02\/alimentacao.jpg 415w\" sizes=\"(max-width: 300px) 100vw, 300px\" \/><\/a>O planejamento do hor\u00e1rio de lanches e refei\u00e7\u00f5es \u2014 sem esquecer o caf\u00e9 da manh\u00e3 \u2014 \u00e9 um fator fundamental para manter uma dieta saud\u00e1vel, o que poderia reduzir o risco de ataque card\u00edaco, derrame e outras doen\u00e7as cardiovasculares. A conclus\u00e3o \u00e9 de um estudo da Universidade Columbia (EUA), publicado esta semana na revista \u201cCirculation\u201d, da Associa\u00e7\u00e3o Americana do Cora\u00e7\u00e3o.<\/p>\n<p>\u2014 O tempo da refei\u00e7\u00e3o pode afetar a sa\u00fade devido ao seu impacto no rel\u00f3gio interno do corpo \u2014 explica Marie-Pierre St-Onge, professora de Medicina Nutricional de Columbia. \u2014 Vimos em estudos com animais que, quando eles recebem comida em uma fase inicial, como na hora em que est\u00e3o dormindo, seus rel\u00f3gios internos s\u00e3o redefinidos de uma forma que pode alterar o metabolismo de nutrientes, resultando em maior ganho de peso, resist\u00eancia \u00e0 insulina e inflama\u00e7\u00e3o. No entanto, ainda precisamos realizar testes em humanos para saber se nossas conclus\u00f5es s\u00e3o v\u00e1lidas.<\/p>\n<p>Marie-Pierre enfatiza que ainda \u00e9 importante manter uma dieta saud\u00e1vel, priorizando frutas, legumes, gr\u00e3os integrais, produtos l\u00e1cteos com baixo teor de gordura, aves e peixe. O consumo de carne vermelha, sal e alimentos ricos em a\u00e7\u00facares adicionados, por sua vez, deve ser limitado. No entanto, o estabelecimento de um hor\u00e1rio para refei\u00e7\u00e3o tamb\u00e9m \u00e9 um fator importante para prevenir as doen\u00e7as cardiovasculares.<\/p>\n<p>Estudos afirmam que as pessoas que comem diariamente o caf\u00e9 da manh\u00e3 s\u00e3o menos propensas a ter press\u00e3o arterial alta, enquanto quem ignora a refei\u00e7\u00e3o \u2014 cerca de 20% a 30% dos americanos \u2014 s\u00e3o mais propensos \u00e0 obesidade e ao diagn\u00f3stico de diabetes.<\/p>\n<p>\u2014 Sugerimos comer conscientemente, prestando aten\u00e7\u00e3o ao planejamento do que voc\u00ea come e quando voc\u00ea come refei\u00e7\u00f5es e lanches. Dessa forma, combatemos a alimenta\u00e7\u00e3o emocional \u2014 recomenda a pesquisadora. \u2014 Muitas pessoas acham que as emo\u00e7\u00f5es podem nos fazer comer quando n\u00e3o estamos com fome, o que nos faz procurar comidas muito cal\u00f3ricas e de baixo valor nutricional.<\/p>\n<p>Embora a pesquisa ligue os h\u00e1bitos alimentares \u00e0 sa\u00fade cardiovascular, ainda s\u00e3o necess\u00e1rios estudos que acompanhem os pacientes durante um longo per\u00edodo de tempo. Os cientistas tamb\u00e9m recomendam pesquisas cl\u00ednicas que revelem como ocorre o planejamento das refei\u00e7\u00f5es.<\/p>\n<p>Dado o estilo de vida cada vez mais ocupado das pessoas, \u00e9 vital arrumar um tempo para comer sem distra\u00e7\u00f5es.<\/p>\n<p>\u2014 Todas as atividades devem ter seu lugar em uma agenda ocupada, incluindo a alimenta\u00e7\u00e3o saud\u00e1vel e a realiza\u00e7\u00e3o de atividades f\u00edsicas \u2014 assinala Marie-Pierre. \u2014 Essas atividades devem ser planejadas com anteced\u00eancia e um tempo adequado deve ser dedicado a elas.<\/p>\n","protected":false},"excerpt":{"rendered":"<p>O planejamento do hor\u00e1rio de lanches e refei\u00e7\u00f5es \u2014 sem esquecer o caf\u00e9 da manh\u00e3<\/p>\n","protected":false},"author":7,"featured_media":59017,"comment_status":"open","ping_status":"open","sticky":false,"template":"","format":"standard","meta":[],"categories":[],"tags":[],"uagb_featured_image_src":{"full":["https:\/\/espacoecologico.com.br\/arquivo\/wp-content\/uploads\/2017\/02\/alimentacao.jpg",415,265,false],"thumbnail":["https:\/\/espacoecologico.com.br\/arquivo\/wp-content\/uploads\/2017\/02\/alimentacao-150x150.jpg",150,150,true],"medium":["https:\/\/espacoecologico.com.br\/arquivo\/wp-content\/uploads\/2017\/02\/alimentacao-300x192.jpg",300,192,true],"medium_large":["https:\/\/espacoecologico.com.br\/arquivo\/wp-content\/uploads\/2017\/02\/alimentacao.jpg",415,265,false],"large":["https:\/\/espacoecologico.com.br\/arquivo\/wp-content\/uploads\/2017\/02\/alimentacao.jpg",415,265,false],"1536x1536":["https:\/\/espacoecologico.com.br\/arquivo\/wp-content\/uploads\/2017\/02\/alimentacao.jpg",415,265,false],"2048x2048":["https:\/\/espacoecologico.com.br\/arquivo\/wp-content\/uploads\/2017\/02\/alimentacao.jpg",415,265,false],"cream-magazine-thumbnail-2":["https:\/\/espacoecologico.com.br\/arquivo\/wp-content\/uploads\/2017\/02\/alimentacao.jpg",415,265,false],"cream-magazine-thumbnail-3":["https:\/\/espacoecologico.com.br\/arquivo\/wp-content\/uploads\/2017\/02\/alimentacao.jpg",415,265,false],"cream-magazine-thumbnail-4":["https:\/\/espacoecologico.com.br\/arquivo\/wp-content\/uploads\/2017\/02\/alimentacao.jpg",415,265,false]},"uagb_author_info":{"display_name":"","author_link":"https:\/\/espacoecologico.com.br\/arquivo\/author\/"},"uagb_comment_info":0,"uagb_excerpt":"O planejamento do hor\u00e1rio de lanches e refei\u00e7\u00f5es \u2014 sem esquecer o caf\u00e9 da manh\u00e3","_links":{"self":[{"href":"https:\/\/espacoecologico.com.br\/arquivo\/wp-json\/wp\/v2\/posts\/59016"}],"collection":[{"href":"https:\/\/espacoecologico.com.br\/arquivo\/wp-json\/wp\/v2\/posts"}],"about":[{"href":"https:\/\/espacoecologico.com.br\/arquivo\/wp-json\/wp\/v2\/types\/post"}],"author":[{"embeddable":true,"href":"https:\/\/espacoecologico.com.br\/arquivo\/wp-json\/wp\/v2\/users\/7"}],"replies":[{"embeddable":true,"href":"https:\/\/espacoecologico.com.br\/arquivo\/wp-json\/wp\/v2\/comments?post=59016"}],"version-history":[{"count":0,"href":"https:\/\/espacoecologico.com.br\/arquivo\/wp-json\/wp\/v2\/posts\/59016\/revisions"}],"wp:featuredmedia":[{"embeddable":true,"href":"https:\/\/espacoecologico.com.br\/arquivo\/wp-json\/wp\/v2\/media\/59017"}],"wp:attachment":[{"href":"https:\/\/espacoecologico.com.br\/arquivo\/wp-json\/wp\/v2\/media?parent=59016"}],"wp:term":[{"taxonomy":"category","embeddable":true,"href":"https:\/\/espacoecologico.com.br\/arquivo\/wp-json\/wp\/v2\/categories?post=59016"},{"taxonomy":"post_tag","embeddable":true,"href":"https:\/\/espacoecologico.com.br\/arquivo\/wp-json\/wp\/v2\/tags?post=59016"}],"curies":[{"name":"wp","href":"https:\/\/api.w.org\/{rel}","templated":true}]}}