{"id":59005,"date":"2017-02-01T12:00:56","date_gmt":"2017-02-01T15:00:56","guid":{"rendered":"https:\/\/espacoecologico.com.br\/arquivo\/?p=59005"},"modified":"2017-02-01T09:29:05","modified_gmt":"2017-02-01T12:29:05","slug":"ondas-de-gravidade-sonicas-podem-barrar-tsunamis","status":"publish","type":"post","link":"https:\/\/espacoecologico.com.br\/arquivo\/ondas-de-gravidade-sonicas-podem-barrar-tsunamis\/","title":{"rendered":"Ondas de gravidade s\u00f4nicas podem barrar tsunamis, segundo cientista"},"content":{"rendered":"<p><strong><a href=\"https:\/\/espacoecologico.com.br\/arquivo\/?attachment_id=59006\" rel=\"attachment wp-att-59006\"><img loading=\"lazy\" class=\"alignleft size-medium wp-image-59006\" src=\"https:\/\/espacoecologico.com.br\/arquivo\/wp-content\/uploads\/2017\/02\/ondas_gravitacionais-300x192.jpg\" alt=\"\" width=\"300\" height=\"192\" srcset=\"https:\/\/espacoecologico.com.br\/arquivo\/wp-content\/uploads\/2017\/02\/ondas_gravitacionais-300x192.jpg 300w, https:\/\/espacoecologico.com.br\/arquivo\/wp-content\/uploads\/2017\/02\/ondas_gravitacionais.jpg 415w\" sizes=\"(max-width: 300px) 100vw, 300px\" \/><\/a>Ondas de gravidade s\u00f4nicas<\/strong><\/p>\n<p>Pode haver uma defesa contra o efeito devastador das tsunamis, sejam elas geradas por terremotos submarinos, deslizamentos de terra ou outros eventos geol\u00f3gicos violentos.<\/p>\n<p>Quem est\u00e1 propondo o mecanismo antitsunamis \u00e9 o professor Usama Kadri, da Universidade de Cardiff, no Reino Unido.<\/p>\n<p>Segundo Kadri, as tsunamis podem ser enfrentadas usando ondas ac\u00fastico-gravitacionais &#8211; ou ondas de gravidade s\u00f4nicas &#8211; uma esp\u00e9cie de onda sonora que ocorre naturalmente nas profundezas dos oceanos, movimentando-se \u00e0 velocidade do som v\u00e1rios quil\u00f4metros sob a superf\u00edcie.<\/p>\n<p>Essas ondas de gravidade ac\u00fasticas podem deslizar por dezenas ou mesmo centenas de quil\u00f4metros, e acredita-se que certas formas de vida, como o pl\u00e2ncton, que s\u00e3o incapazes de nadar contra uma corrente, dependam dessas ondas de gravidade para ajudar no seu movimento, aumentando sua capacidade de encontrar comida.<\/p>\n<p><strong>Mecanismo antitsunami<\/strong><\/p>\n<p>O professor Kadri calculou matematicamente como devem ser as tecnologias necess\u00e1rias para gerar ondas de gravidade &#8220;de defesa&#8221;, que ser\u00e3o disparadas em dire\u00e7\u00e3o ao oceano quando houver um alerta de tsunami.<\/p>\n<p>Se parece uma ideia muito mirabolante, \u00e9 bom n\u00e3o esquecer que foram os matem\u00e1ticos que idealizaram os <a href=\"http:\/\/www.inovacaotecnologica.com.br\/noticias\/pesquisar.php?keyword=mantos%20invisibilidade%20terremotos\">mantos de invisibilidade contra terremotos<\/a>, ou <a href=\"http:\/\/www.inovacaotecnologica.com.br\/noticias\/noticia.php?artigo=camuflagem-sismica-protecao-antiterremoto&amp;id=010125160830\" target=\"_blank\">camuflagens s\u00edsmicas<\/a>, que j\u00e1 est\u00e3o em est\u00e1gio avan\u00e7ado de testes pr\u00e1ticos, e com bons resultados.<\/p>\n<p>De fato, j\u00e1 existem propostas de um <a href=\"http:\/\/www.inovacaotecnologica.com.br\/noticias\/noticia.php?artigo=tsunamis-manto-invisibilidade-ondas-mar&amp;id=020125111112\" target=\"_blank\">manto da invisibilidade contra ondas do mar<\/a> usando os mesmos <a href=\"http:\/\/www.inovacaotecnologica.com.br\/noticias\/meta.php?meta=Metamateriais\" target=\"_blank\">metamateriais<\/a>.<\/p>\n<div class=\"imgMeioC\">\n<p><img loading=\"lazy\" class=\"\" src=\"http:\/\/www.inovacaotecnologica.com.br\/noticias\/imagens\/010125170130-ondas-contra-tsunamis-2.jpg\" alt=\"Ondas de gravidade s\u00f4nicas podem barrar tsunamis\" width=\"639\" height=\"395\" \/><\/p>\n<div class=\"menor\">Sistemas de detec\u00e7\u00e3o de tsunamis j\u00e1 em opera\u00e7\u00e3o. [Imagem: Usama Kadri &#8211; 10.1016\/j.heliyon.2017.e00234]<\/div>\n<\/div>\n<p><strong>Desafios e prova de conceito<\/strong><\/p>\n<p>Contando a favor de sua proposta, Kadri j\u00e1 demonstrou que as ondas de gravidade s\u00f4nicas podem ser utilizadas em um <a href=\"http:\/\/www.inovacaotecnologica.com.br\/noticias\/noticia.php?artigo=detector-tsunamis-baixo-custo&amp;id=010125151110\" target=\"_blank\">sistema de alerta de tsunamis<\/a> colocando sensores profundos no oceano ao longo da costa.<\/p>\n<p>Mas, para um sistema de mitiga\u00e7\u00e3o de tsunamis, ele afirma que ser\u00e1 necess\u00e1rio projetar moduladores e transmissores que possam gerar as ondas nas frequ\u00eancias adequadas, o que n\u00e3o \u00e9 um desafio pequeno.<\/p>\n<p>&#8220;Na pr\u00e1tica, gerar as ondas de gravidade s\u00f4nicas adequadas apresenta s\u00e9rios desafios devido \u00e0 alta energia necess\u00e1ria para uma intera\u00e7\u00e3o efetiva com uma tsunami. No entanto, este estudo fornece uma prova de conceito de que tsunamis devastadoras poderiam ser atenuados pelo uso de ondas de gravidade ac\u00fasticas para redistribuir as enormes quantidades de energia armazenadas dentro da onda, potencialmente salvando vidas e bilh\u00f5es em danos,&#8221; disse Kadri.<\/p>\n","protected":false},"excerpt":{"rendered":"<p>Ondas de gravidade s\u00f4nicas Pode haver uma defesa contra o efeito devastador das tsunamis, sejam<\/p>\n","protected":false},"author":7,"featured_media":59006,"comment_status":"open","ping_status":"open","sticky":false,"template":"","format":"standard","meta":[],"categories":[],"tags":[],"uagb_featured_image_src":{"full":["https:\/\/espacoecologico.com.br\/arquivo\/wp-content\/uploads\/2017\/02\/ondas_gravitacionais.jpg",415,265,false],"thumbnail":["https:\/\/espacoecologico.com.br\/arquivo\/wp-content\/uploads\/2017\/02\/ondas_gravitacionais-150x150.jpg",150,150,true],"medium":["https:\/\/espacoecologico.com.br\/arquivo\/wp-content\/uploads\/2017\/02\/ondas_gravitacionais-300x192.jpg",300,192,true],"medium_large":["https:\/\/espacoecologico.com.br\/arquivo\/wp-content\/uploads\/2017\/02\/ondas_gravitacionais.jpg",415,265,false],"large":["https:\/\/espacoecologico.com.br\/arquivo\/wp-content\/uploads\/2017\/02\/ondas_gravitacionais.jpg",415,265,false],"1536x1536":["https:\/\/espacoecologico.com.br\/arquivo\/wp-content\/uploads\/2017\/02\/ondas_gravitacionais.jpg",415,265,false],"2048x2048":["https:\/\/espacoecologico.com.br\/arquivo\/wp-content\/uploads\/2017\/02\/ondas_gravitacionais.jpg",415,265,false],"cream-magazine-thumbnail-2":["https:\/\/espacoecologico.com.br\/arquivo\/wp-content\/uploads\/2017\/02\/ondas_gravitacionais.jpg",415,265,false],"cream-magazine-thumbnail-3":["https:\/\/espacoecologico.com.br\/arquivo\/wp-content\/uploads\/2017\/02\/ondas_gravitacionais.jpg",415,265,false],"cream-magazine-thumbnail-4":["https:\/\/espacoecologico.com.br\/arquivo\/wp-content\/uploads\/2017\/02\/ondas_gravitacionais.jpg",415,265,false]},"uagb_author_info":{"display_name":"","author_link":"https:\/\/espacoecologico.com.br\/arquivo\/author\/"},"uagb_comment_info":0,"uagb_excerpt":"Ondas de gravidade s\u00f4nicas Pode haver uma defesa contra o efeito devastador das tsunamis, sejam","_links":{"self":[{"href":"https:\/\/espacoecologico.com.br\/arquivo\/wp-json\/wp\/v2\/posts\/59005"}],"collection":[{"href":"https:\/\/espacoecologico.com.br\/arquivo\/wp-json\/wp\/v2\/posts"}],"about":[{"href":"https:\/\/espacoecologico.com.br\/arquivo\/wp-json\/wp\/v2\/types\/post"}],"author":[{"embeddable":true,"href":"https:\/\/espacoecologico.com.br\/arquivo\/wp-json\/wp\/v2\/users\/7"}],"replies":[{"embeddable":true,"href":"https:\/\/espacoecologico.com.br\/arquivo\/wp-json\/wp\/v2\/comments?post=59005"}],"version-history":[{"count":0,"href":"https:\/\/espacoecologico.com.br\/arquivo\/wp-json\/wp\/v2\/posts\/59005\/revisions"}],"wp:featuredmedia":[{"embeddable":true,"href":"https:\/\/espacoecologico.com.br\/arquivo\/wp-json\/wp\/v2\/media\/59006"}],"wp:attachment":[{"href":"https:\/\/espacoecologico.com.br\/arquivo\/wp-json\/wp\/v2\/media?parent=59005"}],"wp:term":[{"taxonomy":"category","embeddable":true,"href":"https:\/\/espacoecologico.com.br\/arquivo\/wp-json\/wp\/v2\/categories?post=59005"},{"taxonomy":"post_tag","embeddable":true,"href":"https:\/\/espacoecologico.com.br\/arquivo\/wp-json\/wp\/v2\/tags?post=59005"}],"curies":[{"name":"wp","href":"https:\/\/api.w.org\/{rel}","templated":true}]}}