{"id":58999,"date":"2017-02-01T11:00:42","date_gmt":"2017-02-01T14:00:42","guid":{"rendered":"https:\/\/espacoecologico.com.br\/arquivo\/?p=58999"},"modified":"2017-02-01T08:41:30","modified_gmt":"2017-02-01T11:41:30","slug":"expedicao-retira-mais-de-20-mil-colonias-de-corais-do-mar-e-ajuda-a-conservar-o-arquipelago-de-alcatrazes","status":"publish","type":"post","link":"https:\/\/espacoecologico.com.br\/arquivo\/expedicao-retira-mais-de-20-mil-colonias-de-corais-do-mar-e-ajuda-a-conservar-o-arquipelago-de-alcatrazes\/","title":{"rendered":"Expedi\u00e7\u00e3o retira mais de 20 mil col\u00f4nias de corais do mar e ajuda a conservar o arquip\u00e9lago de Alcatrazes"},"content":{"rendered":"<p><a href=\"https:\/\/espacoecologico.com.br\/arquivo\/?attachment_id=59000\" rel=\"attachment wp-att-59000\"><img loading=\"lazy\" class=\"alignleft size-medium wp-image-59000\" src=\"https:\/\/espacoecologico.com.br\/arquivo\/wp-content\/uploads\/2017\/02\/corais_novas-300x192.jpg\" alt=\"\" width=\"300\" height=\"192\" srcset=\"https:\/\/espacoecologico.com.br\/arquivo\/wp-content\/uploads\/2017\/02\/corais_novas-300x192.jpg 300w, https:\/\/espacoecologico.com.br\/arquivo\/wp-content\/uploads\/2017\/02\/corais_novas.jpg 415w\" sizes=\"(max-width: 300px) 100vw, 300px\" \/><\/a>Quem v\u00ea um coral desses no fundo do mar se maravilha com sua exuber\u00e2ncia. O que n\u00e3o sabe \u00e9 que esse tipo de esp\u00e9cie, conhecida como coral-sol, \u00e9 predadora no Oceano Atl\u00e2ntico e invade cada vez mais a Amaz\u00f4nia Azul comprometendo a vida de outros corais nativos, peixes e outros animais que vivem na costa nacional.<\/p>\n<p>Em Alcatrazes, arquip\u00e9lago que fica a 43 km da costa da cidade de S\u00e3o Sebasti\u00e3o (SP), a esp\u00e9cie invasora tem afetado a Unidade de Conserva\u00e7\u00e3o, levando os pesquisadores da regi\u00e3o \u00e0 realiza\u00e7\u00e3o de uma s\u00e9rie de expedi\u00e7\u00f5es desde 2013 para retirada do coral.<\/p>\n<p>Em janeiro de 2017, foi realizada mais uma dessas expedi\u00e7\u00f5es, com a participa\u00e7\u00e3o de 20 pessoas, entre volunt\u00e1rios e funcion\u00e1rios do Instituto Chico Mendes de Conserva\u00e7\u00e3o da Biodiversidade (<a href=\"http:\/\/www.icmbio.gov.br\/portal\">ICMBio<\/a>), do WWF-Brasil e da Universidade Federal de S\u00e3o Paulo (<a href=\"http:\/\/www.unifesp.br\/\">Unifesp<\/a>). Ao todo, foram retirados do fundo do mar 20 mil col\u00f4nias de coral sol durante cinco dias, entre os dias 6 e 10 de janeiro.<\/p>\n<p>As esp\u00e9cies que v\u00eam surgindo em Alcatrazes s\u00e3o do tipo <i>Tubastraea tagusensis<\/i>, de origem equatorial, e <i>Tubastraea coccinea<\/i>, vinda do Indo-Pac\u00edfico. Ambas t\u00eam alto poder danoso ao meio ambiente, j\u00e1 que roubam o espa\u00e7o e os subs\u00eddios de outros corais, dificultando a vida de diferentes tipos de esp\u00e9cies marinhas.<\/p>\n<div class=\"midiaConteudoMateria\"><\/div>\n<p>O mal \u00e9 causado porque as esp\u00e9cies estrangeiras s\u00e3o mais competitivas que as nativas, conseguindo alastrar-se com mais facilidade no ambiente. Assim, a expedi\u00e7\u00e3o busca retirar o coral sol do oceano para que as esp\u00e9cies locais ganhem tempo para se adaptar com a invasora.<\/p>\n<h3>Arquip\u00e9lago de Alcatrazes<\/h3>\n<p>Em um dos cen\u00e1rios mais paradis\u00edacos do Brasil, onde a pesca \u00e9 proibida e um dos poucos usos p\u00fablicos a ser permitido \u00e9 o turismo de mergulho, est\u00e1 o <a href=\"http:\/\/www.wwf.org.br\/natureza_brasileira\/reducao_de_impactos2\/programa_marinho\/?53362\/Refgio-de-Vida-Silvestre-do-Arquiplago-de-Alcatrazes--a-mais-nova-rea-protegida-marinha-do-pas\" target=\"_blank\">N\u00facleo de Gest\u00e3o Integrada ICMBio Alcatrazes<\/a> (NGI Alcatrazes), dividido entre a Esta\u00e7\u00e3o Ecol\u00f3gica Tupinamb\u00e1s e o Ref\u00fagio de Vida Silvestre do Arquip\u00e9lago de Alcatrazes. Ambos prezam pela conserva\u00e7\u00e3o da biodiversidade do arquip\u00e9lago por meio de diferentes objetivos.<\/p>\n<p>A Esta\u00e7\u00e3o Ecol\u00f3gica \u00e9 uma \u00e1rea de abrigo, reprodu\u00e7\u00e3o e alimenta\u00e7\u00e3o da biodiversidade marinha local, permitindo a realiza\u00e7\u00e3o controlada de visitas apenas com objetivos educacionais e pesquisa cient\u00edfica. Em suas \u00e1guas, que totalizam cerca de tr\u00eas mil hectares, \u00e9 poss\u00edvel encontrar esp\u00e9cies amea\u00e7adas de extin\u00e7\u00e3o, como a toninha e a raia-viola.<\/p>\n<p>J\u00e1 no Ref\u00fagio, est\u00e3o protegidas as esp\u00e9cies marinhas amea\u00e7adas e migrat\u00f3rias, como as aves marinhas do arquip\u00e9lago. S\u00e3o ao todo 91 esp\u00e9cies, sendo 12 amea\u00e7adas de extin\u00e7\u00e3o.<\/p>\n<div class=\"midiaConteudoMateria\"><\/div>\n<p>Juntas as \u00e1reas, por n\u00e3o permitirem pesca, possibilitam que muitas esp\u00e9cies comerciais de peixe sobrevivam e repovoem seu entorno, garantindo a subsist\u00eancia de muitas comunidades de pescadores artesanais.<\/p>\n<h3>Unidade de Conserva\u00e7\u00e3o<\/h3>\n<p>A import\u00e2ncia de proteger o arquip\u00e9lago \u00e9 tanta que, durante a expedi\u00e7\u00e3o realizada neste m\u00eas, foram autuados dois barcos fazendo uso irregular da Unidade de Conserva\u00e7\u00e3o. Ou seja, al\u00e9m de auxiliar a biodiversidade de toda a regi\u00e3o, obtendo maior controle de esp\u00e9cies invasoras como o coral sol, a expedi\u00e7\u00e3o ajuda na fiscaliza\u00e7\u00e3o do espa\u00e7o.<\/p>\n<p>Para isso, o NGI Alcatrazes conta com o apoio de volunt\u00e1rios, que ajudam a disseminar a import\u00e2ncia da conserva\u00e7\u00e3o desses ambientes. Quem quiser participar do processo, basta entrar em contato pelo telefone (12) 3892 4427 ou pelo e-mail <a href=\"mailto:ngi.alcatrazes@icmbio.gov.br\">ngi.alcatrazes@icmbio.gov.br<\/a> .<\/p>\n","protected":false},"excerpt":{"rendered":"<p>Quem v\u00ea um coral desses no fundo do mar se maravilha com sua exuber\u00e2ncia. O<\/p>\n","protected":false},"author":7,"featured_media":59000,"comment_status":"open","ping_status":"open","sticky":false,"template":"","format":"standard","meta":[],"categories":[],"tags":[],"uagb_featured_image_src":{"full":["https:\/\/espacoecologico.com.br\/arquivo\/wp-content\/uploads\/2017\/02\/corais_novas.jpg",415,265,false],"thumbnail":["https:\/\/espacoecologico.com.br\/arquivo\/wp-content\/uploads\/2017\/02\/corais_novas-150x150.jpg",150,150,true],"medium":["https:\/\/espacoecologico.com.br\/arquivo\/wp-content\/uploads\/2017\/02\/corais_novas-300x192.jpg",300,192,true],"medium_large":["https:\/\/espacoecologico.com.br\/arquivo\/wp-content\/uploads\/2017\/02\/corais_novas.jpg",415,265,false],"large":["https:\/\/espacoecologico.com.br\/arquivo\/wp-content\/uploads\/2017\/02\/corais_novas.jpg",415,265,false],"1536x1536":["https:\/\/espacoecologico.com.br\/arquivo\/wp-content\/uploads\/2017\/02\/corais_novas.jpg",415,265,false],"2048x2048":["https:\/\/espacoecologico.com.br\/arquivo\/wp-content\/uploads\/2017\/02\/corais_novas.jpg",415,265,false],"cream-magazine-thumbnail-2":["https:\/\/espacoecologico.com.br\/arquivo\/wp-content\/uploads\/2017\/02\/corais_novas.jpg",415,265,false],"cream-magazine-thumbnail-3":["https:\/\/espacoecologico.com.br\/arquivo\/wp-content\/uploads\/2017\/02\/corais_novas.jpg",415,265,false],"cream-magazine-thumbnail-4":["https:\/\/espacoecologico.com.br\/arquivo\/wp-content\/uploads\/2017\/02\/corais_novas.jpg",415,265,false]},"uagb_author_info":{"display_name":"","author_link":"https:\/\/espacoecologico.com.br\/arquivo\/author\/"},"uagb_comment_info":0,"uagb_excerpt":"Quem v\u00ea um coral desses no fundo do mar se maravilha com sua exuber\u00e2ncia. O","_links":{"self":[{"href":"https:\/\/espacoecologico.com.br\/arquivo\/wp-json\/wp\/v2\/posts\/58999"}],"collection":[{"href":"https:\/\/espacoecologico.com.br\/arquivo\/wp-json\/wp\/v2\/posts"}],"about":[{"href":"https:\/\/espacoecologico.com.br\/arquivo\/wp-json\/wp\/v2\/types\/post"}],"author":[{"embeddable":true,"href":"https:\/\/espacoecologico.com.br\/arquivo\/wp-json\/wp\/v2\/users\/7"}],"replies":[{"embeddable":true,"href":"https:\/\/espacoecologico.com.br\/arquivo\/wp-json\/wp\/v2\/comments?post=58999"}],"version-history":[{"count":0,"href":"https:\/\/espacoecologico.com.br\/arquivo\/wp-json\/wp\/v2\/posts\/58999\/revisions"}],"wp:featuredmedia":[{"embeddable":true,"href":"https:\/\/espacoecologico.com.br\/arquivo\/wp-json\/wp\/v2\/media\/59000"}],"wp:attachment":[{"href":"https:\/\/espacoecologico.com.br\/arquivo\/wp-json\/wp\/v2\/media?parent=58999"}],"wp:term":[{"taxonomy":"category","embeddable":true,"href":"https:\/\/espacoecologico.com.br\/arquivo\/wp-json\/wp\/v2\/categories?post=58999"},{"taxonomy":"post_tag","embeddable":true,"href":"https:\/\/espacoecologico.com.br\/arquivo\/wp-json\/wp\/v2\/tags?post=58999"}],"curies":[{"name":"wp","href":"https:\/\/api.w.org\/{rel}","templated":true}]}}