{"id":58991,"date":"2017-02-01T10:00:26","date_gmt":"2017-02-01T13:00:26","guid":{"rendered":"https:\/\/espacoecologico.com.br\/arquivo\/?p=58991"},"modified":"2017-02-01T08:32:29","modified_gmt":"2017-02-01T11:32:29","slug":"pesquisa-mapeia-areas-verdes-em-quintais-de-residencias-do-suburbio-da-zona-norte-do-rio-de-janeiro","status":"publish","type":"post","link":"https:\/\/espacoecologico.com.br\/arquivo\/pesquisa-mapeia-areas-verdes-em-quintais-de-residencias-do-suburbio-da-zona-norte-do-rio-de-janeiro\/","title":{"rendered":"Pesquisa mapeia \u00e1reas verdes em quintais de resid\u00eancias do sub\u00farbio da Zona Norte do RJ"},"content":{"rendered":"<p><strong><em><a href=\"https:\/\/espacoecologico.com.br\/arquivo\/?attachment_id=58992\" rel=\"attachment wp-att-58992\"><img loading=\"lazy\" class=\"alignleft size-medium wp-image-58992\" src=\"https:\/\/espacoecologico.com.br\/arquivo\/wp-content\/uploads\/2017\/02\/mapeamento-300x192.jpg\" alt=\"\" width=\"300\" height=\"192\" srcset=\"https:\/\/espacoecologico.com.br\/arquivo\/wp-content\/uploads\/2017\/02\/mapeamento-300x192.jpg 300w, https:\/\/espacoecologico.com.br\/arquivo\/wp-content\/uploads\/2017\/02\/mapeamento.jpg 415w\" sizes=\"(max-width: 300px) 100vw, 300px\" \/><\/a>Por Carlos Ribeiro*<\/em><\/strong><\/p>\n<p>Apenas 11,40% das \u00e1reas dos quintais de resid\u00eancias do sub\u00farbio da Zona Norte do Rio de Janeiro possuem \u00e1rvores e 2,47% t\u00eam cobertura rasteira, como gramados. A pesquisa, que retrata o percentual de \u00e1reas verdes que restou em resid\u00eancias localizadas nessa regi\u00e3o, onde residem 38% dos habitantes do munic\u00edpio, cerca de 2,4 milh\u00f5es de pessoas, foi tema da tese de doutorado da pesquisadora Vera Ruffato, defendida recentemente no Programa de Planejamento Energ\u00e9tico da Coppe. Trata-se do maior mapeamento de \u00e1reas verdes residenciais j\u00e1 realizado at\u00e9 o momento no pa\u00eds.<\/p>\n<p>Composta por 79 bairros, distribu\u00eddos em 203 mil km2, essa regi\u00e3o, que \u00e9 a ambientalmente mais degradada da cidade, vem sofrendo grande altera\u00e7\u00e3o de sua estrutura de ocupa\u00e7\u00e3o, principalmente pela substitui\u00e7\u00e3o de casas por pr\u00e9dios. \u201cA proposta foi estudar a contribui\u00e7\u00e3o dos quintais das resid\u00eancias da Zona Norte para a manuten\u00e7\u00e3o das \u00e1reas verdes urbanas no uso e ocupa\u00e7\u00e3o do solo da cidade, tendo em vista que a Prefeitura s\u00f3 possui o mapeamento das \u00e1reas verdes acima de 1 mil m2 (1 hectare)\u201d, explica Vera.<\/p>\n<p>A pesquisadora diz que uma forma de amenizar o impacto da urbaniza\u00e7\u00e3o nessa regi\u00e3o seria incentivar o plantio de \u00e1rvores nos chamados espa\u00e7os perme\u00e1veis, que permitem a absor\u00e7\u00e3o da \u00e1gua. Essas \u00e1reas est\u00e3o sendo regulamentadas por meio dos Projetos de Estrutura Urbana (PEUs), que v\u00eam sendo discutidos para serem votados na c\u00e2mara dos vereadores. No caso de novas constru\u00e7\u00f5es, o Plano Diretor do Munic\u00edpio do Rio de Janeiro de 2011 j\u00e1 estabeleceu que todas devem ter um percentual de \u00e1rea perme\u00e1vel, a ser definido por leis complementares.<\/p>\n<p>Segundo Vera as \u00e1rvores protegem as resid\u00eancias da incid\u00eancia do sol, podendo diminuir a conta de energia das resid\u00eancias entre 15 e 35%, devido a redu\u00e7\u00e3o dos custos com climatiza\u00e7\u00e3o. Suas folhas absorvem parte dos ru\u00eddos e o sombreamento nas paredes e no ch\u00e3o resulta na redu\u00e7\u00e3o de ilhas de calor, podendo reduzir a temperatura do ar em uma cidade em at\u00e9 5\u00baC. \u201cAs \u00e1rvores tamb\u00e9m diminuem a quantidade de poluentes, a exemplo de particulados como mon\u00f3xido de carbono. Ruas com resid\u00eancias arborizadas propiciam redu\u00e7\u00e3o de 70% da polui\u00e7\u00e3o na \u00e1rea\u201d, afirma Vera Ruffato, acrescentando que a copa da \u00e1rvore tamb\u00e9m ret\u00e9m e faz evaporar parte da \u00e1gua da chuva, contribuindo para um volume menor de \u00e1gua a ser escoado, amortizando assim os impactos dos temporais.<\/p>\n<p>Algumas sugest\u00f5es apontadas por Vera em sua tese de doutorado, defendida em setembro de 2015, come\u00e7am a ser implementadas por meio de dois decretos baixados pela prefeitura dia 1\u00ba de janeiro. Um deles estipula o prazo de 180 (cento e oitenta) dias para que a Secretaria de Conserva\u00e7\u00e3o e Meio Ambiente apresente plano para cria\u00e7\u00e3o de dois viveiros municipais de mudas em Campo Grande e Guaratiba, visando a ampliar a \u00e1rea arborizada da cidade em 300 hectares at\u00e9 o final de 2019. As mudas dever\u00e3o ser replantadas, com \u00eanfase, exatamente nas \u00e1reas abordadas pela pesquisadora em sua tese: nos sub\u00farbio da Zona Norte do Rio.<\/p>\n<p>O segundo decreto estipula um prazo de 120 dias para que a Secretaria Municipal de Conserva\u00e7\u00e3o e Meio Ambiente e a Secretaria Municipal de Fazenda apresentem um plano para instituir o IPTU Verde na Cidade do Rio de Janeiro, que dever\u00e1 ter, entre outras medidas, sistemas de aquecimento solar e capta\u00e7\u00e3o de \u00e1guas da chuva para reaproveitamento. Com rela\u00e7\u00e3o a esse decreto, a pesquisadora da Coppe criticou o fato de que as \u00e1reas verdes n\u00e3o tenham sido sequer citada no texto entre as medidas recomendadas. \u201cElas foram relegadas ao item \u201coutros\u201d, quando deveriam estar entre os destaques\u201d, ressaltou. <em>(Assessoria de Comunica\u00e7\u00e3o da COPPE\/UFRJ\/ #Envolverde)<\/em><\/p>\n<p><em>* <strong>Carlos Ribeiro<\/strong> \u00e9 jornalista.<\/em><\/p>\n","protected":false},"excerpt":{"rendered":"<p>Por Carlos Ribeiro* Apenas 11,40% das \u00e1reas dos quintais de resid\u00eancias do sub\u00farbio da Zona<\/p>\n","protected":false},"author":7,"featured_media":58992,"comment_status":"open","ping_status":"open","sticky":false,"template":"","format":"standard","meta":[],"categories":[],"tags":[],"uagb_featured_image_src":{"full":["https:\/\/espacoecologico.com.br\/arquivo\/wp-content\/uploads\/2017\/02\/mapeamento.jpg",415,265,false],"thumbnail":["https:\/\/espacoecologico.com.br\/arquivo\/wp-content\/uploads\/2017\/02\/mapeamento-150x150.jpg",150,150,true],"medium":["https:\/\/espacoecologico.com.br\/arquivo\/wp-content\/uploads\/2017\/02\/mapeamento-300x192.jpg",300,192,true],"medium_large":["https:\/\/espacoecologico.com.br\/arquivo\/wp-content\/uploads\/2017\/02\/mapeamento.jpg",415,265,false],"large":["https:\/\/espacoecologico.com.br\/arquivo\/wp-content\/uploads\/2017\/02\/mapeamento.jpg",415,265,false],"1536x1536":["https:\/\/espacoecologico.com.br\/arquivo\/wp-content\/uploads\/2017\/02\/mapeamento.jpg",415,265,false],"2048x2048":["https:\/\/espacoecologico.com.br\/arquivo\/wp-content\/uploads\/2017\/02\/mapeamento.jpg",415,265,false],"cream-magazine-thumbnail-2":["https:\/\/espacoecologico.com.br\/arquivo\/wp-content\/uploads\/2017\/02\/mapeamento.jpg",415,265,false],"cream-magazine-thumbnail-3":["https:\/\/espacoecologico.com.br\/arquivo\/wp-content\/uploads\/2017\/02\/mapeamento.jpg",415,265,false],"cream-magazine-thumbnail-4":["https:\/\/espacoecologico.com.br\/arquivo\/wp-content\/uploads\/2017\/02\/mapeamento.jpg",415,265,false]},"uagb_author_info":{"display_name":"","author_link":"https:\/\/espacoecologico.com.br\/arquivo\/author\/"},"uagb_comment_info":0,"uagb_excerpt":"Por Carlos Ribeiro* Apenas 11,40% das \u00e1reas dos quintais de resid\u00eancias do sub\u00farbio da Zona","_links":{"self":[{"href":"https:\/\/espacoecologico.com.br\/arquivo\/wp-json\/wp\/v2\/posts\/58991"}],"collection":[{"href":"https:\/\/espacoecologico.com.br\/arquivo\/wp-json\/wp\/v2\/posts"}],"about":[{"href":"https:\/\/espacoecologico.com.br\/arquivo\/wp-json\/wp\/v2\/types\/post"}],"author":[{"embeddable":true,"href":"https:\/\/espacoecologico.com.br\/arquivo\/wp-json\/wp\/v2\/users\/7"}],"replies":[{"embeddable":true,"href":"https:\/\/espacoecologico.com.br\/arquivo\/wp-json\/wp\/v2\/comments?post=58991"}],"version-history":[{"count":0,"href":"https:\/\/espacoecologico.com.br\/arquivo\/wp-json\/wp\/v2\/posts\/58991\/revisions"}],"wp:featuredmedia":[{"embeddable":true,"href":"https:\/\/espacoecologico.com.br\/arquivo\/wp-json\/wp\/v2\/media\/58992"}],"wp:attachment":[{"href":"https:\/\/espacoecologico.com.br\/arquivo\/wp-json\/wp\/v2\/media?parent=58991"}],"wp:term":[{"taxonomy":"category","embeddable":true,"href":"https:\/\/espacoecologico.com.br\/arquivo\/wp-json\/wp\/v2\/categories?post=58991"},{"taxonomy":"post_tag","embeddable":true,"href":"https:\/\/espacoecologico.com.br\/arquivo\/wp-json\/wp\/v2\/tags?post=58991"}],"curies":[{"name":"wp","href":"https:\/\/api.w.org\/{rel}","templated":true}]}}