{"id":58979,"date":"2017-02-01T09:00:00","date_gmt":"2017-02-01T12:00:00","guid":{"rendered":"https:\/\/espacoecologico.com.br\/arquivo\/?p=58979"},"modified":"2017-02-01T08:20:31","modified_gmt":"2017-02-01T11:20:31","slug":"empresa-de-bali-na-indonesia-cria-sacolas-descartaveis-comestiveis","status":"publish","type":"post","link":"https:\/\/espacoecologico.com.br\/arquivo\/empresa-de-bali-na-indonesia-cria-sacolas-descartaveis-comestiveis\/","title":{"rendered":"Empresa de Bali, na Indon\u00e9sia cria sacolas descart\u00e1veis comest\u00edveis"},"content":{"rendered":"<p><a href=\"https:\/\/espacoecologico.com.br\/arquivo\/?attachment_id=58980\" rel=\"attachment wp-att-58980\"><img loading=\"lazy\" class=\"alignleft size-medium wp-image-58980\" src=\"https:\/\/espacoecologico.com.br\/arquivo\/wp-content\/uploads\/2017\/02\/sacola_comestivel-300x192.jpg\" alt=\"\" width=\"300\" height=\"192\" srcset=\"https:\/\/espacoecologico.com.br\/arquivo\/wp-content\/uploads\/2017\/02\/sacola_comestivel-300x192.jpg 300w, https:\/\/espacoecologico.com.br\/arquivo\/wp-content\/uploads\/2017\/02\/sacola_comestivel.jpg 415w\" sizes=\"(max-width: 300px) 100vw, 300px\" \/><\/a>As sacolas pl\u00e1sticas s\u00e3o grandes vil\u00f5es ambientais. Mesmo sendo usadas durante poucos minutos, elas s\u00e3o um problema que dura centenas de anos. Mas, uma empresa de Bali, na Indon\u00e9sia, tem trabalhado em uma solu\u00e7\u00e3o para este problema: sacolas biodegrad\u00e1veis comest\u00edveis.<\/p>\n<p>Quando se fala em res\u00edduos pl\u00e1sticos, \u00e9 muito comum associar este material ao lixo dos oceanos. Em todo o mundo, animais marinhos s\u00e3o encontrados com pl\u00e1stico em seu organismo. As sacolas descart\u00e1veis est\u00e3o na lista desses res\u00edduos ingeridos por diferentes esp\u00e9cies.<\/p>\n<p>A empresa indon\u00e9sia possui uma linha com v\u00e1rios produtos descart\u00e1veis totalmente biodegrad\u00e1veis, entre eles: talheres, x\u00edcaras de caf\u00e9, capas de chuva, entre outros. Mas, os sacos pl\u00e1sticos s\u00e3o os mais interessantes.<\/p>\n<p>As sacolas feitas pela Avani s\u00e3o fabricadas com amido de mandioca e outras resinas naturais. De acordo com a fabricante, nada derivado do petr\u00f3leo \u00e9 usado no processo de fabrica\u00e7\u00e3o. Segundo eles, o material se degrada inteiramente dentro de tr\u00eas a seis meses, dependendo da condi\u00e7\u00e3o do solo, sem deixar nenhum rastro de res\u00edduos t\u00f3xicos.<\/p>\n<div id=\"attachment_42319\" class=\"wp-caption alignnone\">\n<p><a href=\"http:\/\/ciclovivo.com.br\/wp-content\/uploads\/2017\/01\/fullsizeoutput_2169.jpeg.662x0_q70_crop-scale.jpg\"><img loading=\"lazy\" class=\"size-full wp-image-42319\" src=\"http:\/\/ciclovivo.com.br\/wp-content\/uploads\/2017\/01\/fullsizeoutput_2169.jpeg.662x0_q70_crop-scale.jpg\" sizes=\"(max-width: 662px) 100vw, 662px\" srcset=\"http:\/\/ciclovivo.com.br\/wp-content\/uploads\/2017\/01\/fullsizeoutput_2169.jpeg.662x0_q70_crop-scale.jpg 662w, http:\/\/ciclovivo.com.br\/wp-content\/uploads\/2017\/01\/fullsizeoutput_2169.jpeg.662x0_q70_crop-scale-300x198.jpg 300w, http:\/\/ciclovivo.com.br\/wp-content\/uploads\/2017\/01\/fullsizeoutput_2169.jpeg.662x0_q70_crop-scale-279x184.jpg 279w, http:\/\/ciclovivo.com.br\/wp-content\/uploads\/2017\/01\/fullsizeoutput_2169.jpeg.662x0_q70_crop-scale-250x165.jpg 250w, http:\/\/ciclovivo.com.br\/wp-content\/uploads\/2017\/01\/fullsizeoutput_2169.jpeg.662x0_q70_crop-scale-288x190.jpg 288w, http:\/\/ciclovivo.com.br\/wp-content\/uploads\/2017\/01\/fullsizeoutput_2169.jpeg.662x0_q70_crop-scale-103x68.jpg 103w\" alt=\"Foto: Reprodu\u00e7\u00e3o\/Facebook\" width=\"662\" height=\"437\" \/><\/a><\/p>\n<p class=\"wp-caption-text\">Foto: Reprodu\u00e7\u00e3o\/Facebook<\/p>\n<\/div>\n<p>Como os oceanos s\u00e3o grandes preocupa\u00e7\u00f5es quando se fala em pl\u00e1stico, a companhia se preocupou em fazer testes para saber como seria a degrada\u00e7\u00e3o do material em \u00e1gua e, em pouco tempo, ele se desfaz.<\/p>\n<p>Se algum animal cruzar com uma dessas sacolas, eles podem, inclusive, us\u00e1-las como alimento. Em alguns testes, os animais chegaram a disputar o material. A empresa explica que, se dissolvida em \u00e1gua quente, ela pode ser ingerida at\u00e9 por seres humanos.<\/p>\n","protected":false},"excerpt":{"rendered":"<p>As sacolas pl\u00e1sticas s\u00e3o grandes vil\u00f5es ambientais. Mesmo sendo usadas durante poucos minutos, elas s\u00e3o<\/p>\n","protected":false},"author":7,"featured_media":58980,"comment_status":"open","ping_status":"open","sticky":false,"template":"","format":"standard","meta":[],"categories":[],"tags":[],"uagb_featured_image_src":{"full":["https:\/\/espacoecologico.com.br\/arquivo\/wp-content\/uploads\/2017\/02\/sacola_comestivel.jpg",415,265,false],"thumbnail":["https:\/\/espacoecologico.com.br\/arquivo\/wp-content\/uploads\/2017\/02\/sacola_comestivel-150x150.jpg",150,150,true],"medium":["https:\/\/espacoecologico.com.br\/arquivo\/wp-content\/uploads\/2017\/02\/sacola_comestivel-300x192.jpg",300,192,true],"medium_large":["https:\/\/espacoecologico.com.br\/arquivo\/wp-content\/uploads\/2017\/02\/sacola_comestivel.jpg",415,265,false],"large":["https:\/\/espacoecologico.com.br\/arquivo\/wp-content\/uploads\/2017\/02\/sacola_comestivel.jpg",415,265,false],"1536x1536":["https:\/\/espacoecologico.com.br\/arquivo\/wp-content\/uploads\/2017\/02\/sacola_comestivel.jpg",415,265,false],"2048x2048":["https:\/\/espacoecologico.com.br\/arquivo\/wp-content\/uploads\/2017\/02\/sacola_comestivel.jpg",415,265,false],"cream-magazine-thumbnail-2":["https:\/\/espacoecologico.com.br\/arquivo\/wp-content\/uploads\/2017\/02\/sacola_comestivel.jpg",415,265,false],"cream-magazine-thumbnail-3":["https:\/\/espacoecologico.com.br\/arquivo\/wp-content\/uploads\/2017\/02\/sacola_comestivel.jpg",415,265,false],"cream-magazine-thumbnail-4":["https:\/\/espacoecologico.com.br\/arquivo\/wp-content\/uploads\/2017\/02\/sacola_comestivel.jpg",415,265,false]},"uagb_author_info":{"display_name":"","author_link":"https:\/\/espacoecologico.com.br\/arquivo\/author\/"},"uagb_comment_info":0,"uagb_excerpt":"As sacolas pl\u00e1sticas s\u00e3o grandes vil\u00f5es ambientais. Mesmo sendo usadas durante poucos minutos, elas s\u00e3o","_links":{"self":[{"href":"https:\/\/espacoecologico.com.br\/arquivo\/wp-json\/wp\/v2\/posts\/58979"}],"collection":[{"href":"https:\/\/espacoecologico.com.br\/arquivo\/wp-json\/wp\/v2\/posts"}],"about":[{"href":"https:\/\/espacoecologico.com.br\/arquivo\/wp-json\/wp\/v2\/types\/post"}],"author":[{"embeddable":true,"href":"https:\/\/espacoecologico.com.br\/arquivo\/wp-json\/wp\/v2\/users\/7"}],"replies":[{"embeddable":true,"href":"https:\/\/espacoecologico.com.br\/arquivo\/wp-json\/wp\/v2\/comments?post=58979"}],"version-history":[{"count":0,"href":"https:\/\/espacoecologico.com.br\/arquivo\/wp-json\/wp\/v2\/posts\/58979\/revisions"}],"wp:featuredmedia":[{"embeddable":true,"href":"https:\/\/espacoecologico.com.br\/arquivo\/wp-json\/wp\/v2\/media\/58980"}],"wp:attachment":[{"href":"https:\/\/espacoecologico.com.br\/arquivo\/wp-json\/wp\/v2\/media?parent=58979"}],"wp:term":[{"taxonomy":"category","embeddable":true,"href":"https:\/\/espacoecologico.com.br\/arquivo\/wp-json\/wp\/v2\/categories?post=58979"},{"taxonomy":"post_tag","embeddable":true,"href":"https:\/\/espacoecologico.com.br\/arquivo\/wp-json\/wp\/v2\/tags?post=58979"}],"curies":[{"name":"wp","href":"https:\/\/api.w.org\/{rel}","templated":true}]}}