{"id":58974,"date":"2017-02-01T15:00:20","date_gmt":"2017-02-01T18:00:20","guid":{"rendered":"https:\/\/espacoecologico.com.br\/arquivo\/?p=58974"},"modified":"2017-02-01T08:09:56","modified_gmt":"2017-02-01T11:09:56","slug":"populacao-imune-a-virus-zika-apos-1o-surto-e-menor-do-que-se-imaginava-diz-estudo","status":"publish","type":"post","link":"https:\/\/espacoecologico.com.br\/arquivo\/populacao-imune-a-virus-zika-apos-1o-surto-e-menor-do-que-se-imaginava-diz-estudo\/","title":{"rendered":"Popula\u00e7\u00e3o imune a v\u00edrus Zika ap\u00f3s 1\u00ba surto \u00e9 menor do que se imaginava, diz estudo"},"content":{"rendered":"<div class=\"mc-column content-text active-extra-styles active-capital-letter\" data-block-type=\"unstyled\" data-block-weight=\"32\">\n<p class=\"content-text__container theme-color-primary-first-letter\" data-track-category=\"Link no Texto\" data-track-links=\"\"><a href=\"https:\/\/espacoecologico.com.br\/arquivo\/?attachment_id=58975\" rel=\"attachment wp-att-58975\"><img loading=\"lazy\" class=\"alignleft size-medium wp-image-58975\" src=\"https:\/\/espacoecologico.com.br\/arquivo\/wp-content\/uploads\/2017\/02\/zika-300x192.jpg\" alt=\"\" width=\"300\" height=\"192\" srcset=\"https:\/\/espacoecologico.com.br\/arquivo\/wp-content\/uploads\/2017\/02\/zika-300x192.jpg 300w, https:\/\/espacoecologico.com.br\/arquivo\/wp-content\/uploads\/2017\/02\/zika.jpg 415w\" sizes=\"(max-width: 300px) 100vw, 300px\" \/><\/a>Um ano ap\u00f3s ter sido considerado emerg\u00eancia global pela Organiza\u00e7\u00e3o Mundial de Sa\u00fade (OMS), em meio a um surto no Nordeste brasileiro, o <a href=\"http:\/\/g1.globo.com\/bemestar\/zika-virus\/\">v\u00edrus zika<\/a> volta a ser uma preocupa\u00e7\u00e3o para pesquisadores.<\/p>\n<\/div>\n<div class=\"mc-column content-text active-extra-styles \" data-block-type=\"unstyled\" data-block-weight=\"42\">\n<p class=\"content-text__container \" data-track-category=\"Link no Texto\" data-track-links=\"\">A doen\u00e7a causada pelo v\u00edrus, a zika, raramente leva \u00e0 morte, mas, em mulheres gr\u00e1vidas, pode causar malforma\u00e7\u00f5es no feto &#8211; e foi ligada ao nascimento de milhares de beb\u00eas com microcefalia desde o segundo semestre de 2015, principalmente na regi\u00e3o Nordeste.<\/p>\n<\/div>\n<div class=\"mc-column content-text active-extra-styles \" data-block-type=\"unstyled\" data-block-weight=\"35\">\n<p class=\"content-text__container \" data-track-category=\"Link no Texto\" data-track-links=\"\">Novas descobertas sobre o comportamento do v\u00edrus, divulgadas na revista do Centro de Controle e Preven\u00e7\u00e3o de Doen\u00e7as americano (CDC), indicam que o Nordeste poderia ter um novo surto de grandes propor\u00e7\u00f5es ainda este ano.<\/p>\n<\/div>\n<div class=\"mc-column content-text active-extra-styles \" data-block-type=\"unstyled\" data-block-weight=\"43\">\n<p class=\"content-text__container \" data-track-category=\"Link no Texto\" data-track-links=\"\">&#8220;Havia uma percep\u00e7\u00e3o de que a maioria da popula\u00e7\u00e3o estaria imune ao v\u00edrus ap\u00f3s o primeiro surto, mas agora isso caiu por terra. Devemos acender o alerta&#8221;, disse \u00e0 BBC Brasil Carlos Brito, membro do Comit\u00ea T\u00e9cnico de Arboviroses do Minist\u00e9rio da Sa\u00fade.<\/p>\n<\/div>\n<div class=\"mc-column content-text active-extra-styles \" data-block-type=\"unstyled\" data-block-weight=\"49\">\n<p class=\"content-text__container \" data-track-category=\"Link no Texto\" data-track-links=\"\">At\u00e9 agora, os pesquisadores consideravam que, ao entrar em contato com uma popula\u00e7\u00e3o ainda n\u00e3o exposta a ele, o v\u00edrus Zika tinha a capacidade de atacar cerca de 80% das pessoas &#8211; o que significaria, em teoria, que a maior parte da popula\u00e7\u00e3o estaria imunizada contra um segundo ataque.<\/p>\n<\/div>\n<div class=\"mc-column content-text active-extra-styles \" data-block-type=\"unstyled\" data-block-weight=\"32\">\n<p class=\"content-text__container \" data-track-category=\"Link no Texto\" data-track-links=\"\">A estimativa, feita pela OMS e utilizada pelo Minist\u00e9rio da Sa\u00fade, se baseava em um estudo sobre o surto de zika nas ilhas Yap, na Micron\u00e9sia que, segundo Brito, n\u00e3o parecia correto.<\/p>\n<\/div>\n<div class=\"mc-column content-text active-extra-styles \" data-block-type=\"unstyled\" data-block-weight=\"26\">\n<p class=\"content-text__container \" data-track-category=\"Link no Texto\" data-track-links=\"\">&#8220;Aquele estudo tinha muitas lacunas de metodologia e de amostra. Com base na nossa observa\u00e7\u00e3o cotidiana dos casos j\u00e1 perceb\u00edamos que aqueles dados n\u00e3o eram coerentes.&#8221;<\/p>\n<\/div>\n<div class=\"mc-column content-text active-extra-styles \" data-block-type=\"unstyled\" data-block-weight=\"31\">\n<p class=\"content-text__container \" data-track-category=\"Link no Texto\" data-track-links=\"\">Uma revis\u00e3o dos dados da epidemia na Polin\u00e9sia Francesa feita por cientistas franceses e polin\u00e9sios, mostra que, na verdade, o v\u00edrus ataca cerca de 49% de uma popula\u00e7\u00e3o no primeiro contato.<\/p>\n<\/div>\n<div class=\"mc-column content-text active-extra-styles \" data-block-type=\"unstyled\" data-block-weight=\"45\">\n<p class=\"content-text__container \" data-track-category=\"Link no Texto\" data-track-links=\"\">&#8220;Esse resultado significa que metade da popula\u00e7\u00e3o entrou em contato com o v\u00edrus e a outra metade ainda est\u00e1 exposta. O medo agora \u00e9 que em 2017 ou 2018 possamos ter um retorno da doen\u00e7a para esses 50% que ainda n\u00e3o foram atingidos&#8221;, explica Brito.<\/p>\n<\/div>\n<div class=\"content-ads content-ads--reveal\"><\/div>\n<div class=\"mc-column content-text active-extra-styles \" data-block-type=\"unstyled\" data-block-weight=\"38\">\n<p class=\"content-text__container \" data-track-category=\"Link no Texto\" data-track-links=\"\">&#8220;E ainda n\u00e3o temos evid\u00eancias concretas de que as pessoas que j\u00e1 foram infectadas ficam realmente imunes. \u00c9 o que geralmente acontece com as arboviroses (doen\u00e7as transmitidas por mosquitos), mas ainda n\u00e3o h\u00e1 certeza no caso do Zika.&#8221;<\/p>\n<\/div>\n<div class=\"mc-column content-text active-extra-styles\" data-block-type=\"raw\" data-block-weight=\"2\">\n<div class=\"content-intertitle\">\n<h2>Sem sintomas?<\/h2>\n<\/div>\n<\/div>\n<div class=\"mc-column content-text active-extra-styles \" data-block-type=\"unstyled\" data-block-weight=\"31\">\n<p class=\"content-text__container \" data-track-category=\"Link no Texto\" data-track-links=\"\">Outra estimativa inicial da OMS, tamb\u00e9m baseada nas estat\u00edsticas da Micron\u00e9sia e agora questionada pelos novos dados, \u00e9 a de que 80% das pessoas que contraem a doen\u00e7a n\u00e3o apresentam sintomas.<\/p>\n<\/div>\n<div class=\"mc-column content-text active-extra-styles \" data-block-type=\"unstyled\" data-block-weight=\"47\">\n<p class=\"content-text__container \" data-track-category=\"Link no Texto\" data-track-links=\"\">&#8220;Neste novo estudo sobre a Polin\u00e9sia, eles j\u00e1 dizem que s\u00f3 56% das pessoas que tiveram a doen\u00e7a n\u00e3o apresentavam sintomas. Ainda n\u00e3o temos um novo percentual definitivo, eu vejo um percentual at\u00e9 menor na cl\u00ednica, mas j\u00e1 sabemos que \u00e9 bem menos que 80%&#8221;, afirma Brito.<\/p>\n<\/div>\n<div class=\"mc-column content-text active-extra-styles \" data-block-type=\"unstyled\" data-block-weight=\"33\">\n<p class=\"content-text__container \" data-track-category=\"Link no Texto\" data-track-links=\"\">&#8220;N\u00f3s analisamos 87 gestantes que tiveram Zika e 70% delas tinham sintomas, especialmente o rash (vermelhid\u00e3o e coceira no corpo). No surto aqui, as emerg\u00eancias ficavam lotadas com pacientes com o mesmo sintoma.&#8221;<\/p>\n<\/div>\n<div class=\"mc-column content-text active-extra-styles \" data-block-type=\"unstyled\" data-block-weight=\"26\">\n<p class=\"content-text__container \" data-track-category=\"Link no Texto\" data-track-links=\"\">Se o Nordeste, que j\u00e1 foi atingido fortemente pelo v\u00edrus, n\u00e3o est\u00e1 imune, outros Estados brasileiros t\u00eam ainda mais raz\u00f5es para se preocupar, segundo o pesquisador.<\/p>\n<\/div>\n<div class=\"mc-column content-text active-extra-styles \" data-block-type=\"unstyled\" data-block-weight=\"46\">\n<p class=\"content-text__container \" data-track-category=\"Link no Texto\" data-track-links=\"\">&#8220;Nem sempre se tem um surto grande em todo o pa\u00eds quando um v\u00edrus entra. Os surtos ocorrem com intensidades diferentes em locais diferentes. A dengue est\u00e1 no Brasil h\u00e1 30 anos e s\u00f3 agora consideramos que S\u00e3o Paulo teve um surto expressivo, por exemplo&#8221;, diz.<\/p>\n<\/div>\n<div class=\"mc-column content-text active-extra-styles \" data-block-type=\"unstyled\" data-block-weight=\"32\">\n<p class=\"content-text__container \" data-track-category=\"Link no Texto\" data-track-links=\"\">O Brasil ainda n\u00e3o tem, segundo ele, estimativas da soropreval\u00eancia do v\u00edrus em cada Estado. Por isso, ainda n\u00e3o \u00e9 poss\u00edvel saber quantas pessoas foram infectadas no primeiro surto em cada local.<\/p>\n<\/div>\n<div class=\"mc-column content-text active-extra-styles \" data-block-type=\"unstyled\" data-block-weight=\"21\">\n<p class=\"content-text__container \" data-track-category=\"Link no Texto\" data-track-links=\"\">&#8220;\u00c9 um grande erro achar que o Zika e a microcefalia foram um problema s\u00f3 de Pernambuco. Ou s\u00f3 do Nordeste.&#8221;<\/p>\n<\/div>\n<div class=\"mc-column content-text active-extra-styles\" data-block-type=\"raw\" data-block-weight=\"2\">\n<div class=\"content-intertitle\">\n<h2>&#8216;Para ficar&#8217;<\/h2>\n<\/div>\n<\/div>\n<div class=\"mc-column content-text active-extra-styles \" data-block-type=\"unstyled\" data-block-weight=\"38\">\n<p class=\"content-text__container \" data-track-category=\"Link no Texto\" data-track-links=\"\">No segundo semestre de 2015, quando m\u00e9dicos registraram um aumento incomum no n\u00famero de beb\u00eas nascendo com microcefalia em Pernambuco, Carlos Brito foi o primeiro especialista a levantar uma poss\u00edvel conex\u00e3o entre as malforma\u00e7\u00f5es e o v\u00edrus Zika.<\/p>\n<\/div>\n<div class=\"mc-column content-text active-extra-styles \" data-block-type=\"unstyled\" data-block-weight=\"30\">\n<p class=\"content-text__container \" data-track-category=\"Link no Texto\" data-track-links=\"\">Come\u00e7avam a aparecer as consequ\u00eancias mais graves do surto da doen\u00e7a, que tinha atingido pela primeira vez o Estado, e que teve um pico entre mar\u00e7o e abril daquele ano.<\/p>\n<\/div>\n<div class=\"mc-column content-text active-extra-styles \" data-block-type=\"unstyled\" data-block-weight=\"44\">\n<p class=\"content-text__container \" data-track-category=\"Link no Texto\" data-track-links=\"\">Com o aumento de casos de microcefalia &#8211; uma malforma\u00e7\u00e3o no c\u00e9rebro &#8211; e de outras complica\u00e7\u00f5es causadas pelo Zika, que tamb\u00e9m chegava a outros pa\u00edses das Am\u00e9ricas, a OMS declarou, em 1\u00ba de fevereiro de 2016, que o v\u00edrus era uma &#8220;emerg\u00eancia global&#8221;.<\/p>\n<\/div>\n<div class=\"mc-column content-text active-extra-styles \" data-block-type=\"unstyled\" data-block-weight=\"18\">\n<p class=\"content-text__container \" data-track-category=\"Link no Texto\" data-track-links=\"\">Nos meses seguintes, o v\u00edrus chegou a 75 pa\u00edses e passou a circular em todos os Estados brasileiros.<\/p>\n<\/div>\n<div class=\"mc-column content-text active-extra-styles \" data-block-type=\"unstyled\" data-block-weight=\"38\">\n<p class=\"content-text__container \" data-track-category=\"Link no Texto\" data-track-links=\"\">Segundo o Minist\u00e9rio da Sa\u00fade, o Brasil teve 214 mil casos prov\u00e1veis de Zika desde fevereiro de 2016, quando a notifica\u00e7\u00e3o dos casos tornou-se obrigat\u00f3ria, at\u00e9 17 de dezembro. Cerca de 11 mil infec\u00e7\u00f5es em gestantes foram comprovadas.<\/p>\n<\/div>\n<div class=\"mc-column content-text active-extra-styles \" data-block-type=\"unstyled\" data-block-weight=\"35\">\n<p class=\"content-text__container \" data-track-category=\"Link no Texto\" data-track-links=\"\">Em novembro do ano passado, o status emergencial foi retirado pela OMS, mas em entrevista coletiva, o diretor-executivo do Programa de Emerg\u00eancias de Sa\u00fade do \u00f3rg\u00e3o, Pete Salama, disse que o v\u00edrus &#8220;veio para ficar&#8221;.<\/p>\n<\/div>\n<div class=\"mc-column content-text active-extra-styles \" data-block-type=\"unstyled\" data-block-weight=\"25\">\n<p class=\"content-text__container \" data-track-category=\"Link no Texto\" data-track-links=\"\">No Nordeste, especialmente em Pernambuco, o surto de Zika foi seguido pelo forte ataque do v\u00edrus da febre <a href=\"http:\/\/g1.globo.com\/bemestar\/chikungunya\/\">chikungunya<\/a>, tamb\u00e9m transmitido pelo mosquito <a href=\"http:\/\/g1.globo.com\/bemestar\/aedes-aegypti\/\">Aedes aegypti<\/a>.<\/p>\n<\/div>\n<div class=\"mc-column content-text active-extra-styles \" data-block-type=\"unstyled\" data-block-weight=\"42\">\n<p class=\"content-text__container \" data-track-category=\"Link no Texto\" data-track-links=\"\">Os v\u00edrus da dengue, da chikungunya e da zika competem entre si dentro do mosquito, de acordo com Carlos Brito. Isso explica por que os surtos n\u00e3o ocorrem ao mesmo tempo e tamb\u00e9m indica que um retorno do Zika pode estar pr\u00f3ximo.<\/p>\n<\/div>\n<div class=\"mc-column content-text active-extra-styles \" data-block-type=\"unstyled\" data-block-weight=\"52\">\n<p class=\"content-text__container \" data-track-category=\"Link no Texto\" data-track-links=\"\">&#8220;Os Estados do Nordeste que tiveram agora surtos de chikungunya tendem a ser atacados por outro arbov\u00edrus em seguida. Geralmente \u00e9 assim que ocorre. E o n\u00famero de casos de dengue aqui tem sido baixo, porque o v\u00edrus j\u00e1 circula h\u00e1 30 anos. Por isso, o Zika \u00e9 novamente o principal candidato.&#8221;<\/p>\n<\/div>\n<div class=\"mc-column content-text active-extra-styles \" data-block-type=\"unstyled\" data-block-weight=\"40\">\n<p class=\"content-text__container \" data-track-category=\"Link no Texto\" data-track-links=\"\">&#8220;Imaginamos que, com os tr\u00eas v\u00edrus circulando, uma nova epidemia de Zika n\u00e3o seria t\u00e3o grande quanto em 2015, mas ainda n\u00e3o podemos afastar essa possibilidade. A popula\u00e7\u00e3o n\u00e3o est\u00e1 protegida dos casos de microcefalia e de complica\u00e7\u00f5es neurol\u00f3gicas&#8221;, afirma.<\/p>\n<\/div>\n<div class=\"mc-column content-text active-extra-styles\" data-block-type=\"raw\" data-block-weight=\"1\">\n<div class=\"content-intertitle\">\n<h2>Sudeste<\/h2>\n<\/div>\n<\/div>\n<div class=\"mc-column content-text active-extra-styles \" data-block-type=\"unstyled\" data-block-weight=\"23\">\n<p class=\"content-text__container \" data-track-category=\"Link no Texto\" data-track-links=\"\">Pelo mesmo motivo, a regi\u00e3o Sudeste, especialmente S\u00e3o Paulo, tamb\u00e9m pode estar mais vulner\u00e1vel aos v\u00edrus da zika e da chikungunya, diz ele.<\/p>\n<\/div>\n<div class=\"mc-column content-text active-extra-styles \" data-block-type=\"unstyled\" data-block-weight=\"47\">\n<p class=\"content-text__container \" data-track-category=\"Link no Texto\" data-track-links=\"\">&#8220;Baixamos um pouco a guarda na vigil\u00e2ncia e o mosquito est\u00e1 disseminado. Tanto \u00e9 que batemos recordes de casos de dengue em 2015 e em 2016. Em S\u00e3o Paulo tivemos o primeiro surto expressivo de dengue em 30 anos. Este ano, zika ou chikungunya s\u00e3o candidatos fortes.&#8221;<\/p>\n<\/div>\n<div class=\"mc-column content-text active-extra-styles \" data-block-type=\"unstyled\" data-block-weight=\"33\">\n<p class=\"content-text__container \" data-track-category=\"Link no Texto\" data-track-links=\"\">De acordo com o Minist\u00e9rio da Sa\u00fade, o Brasil teve quase 1,5 milh\u00e3o de casos de dengue de janeiro a 24 de dezembro de 2016 &#8211; o surto foi maior na regi\u00e3o Sudeste.<\/p>\n<\/div>\n<div class=\"mc-column content-text active-extra-styles \" data-block-type=\"unstyled\" data-block-weight=\"27\">\n<p class=\"content-text__container \" data-track-category=\"Link no Texto\" data-track-links=\"\">No in\u00edcio de janeiro, o Minist\u00e9rio da Sa\u00fade afirmou ter repassado R$ 178 milh\u00f5es a Estados e munic\u00edpios para a\u00e7\u00f5es de vigil\u00e2ncia e combate ao Aedes aegypti.<\/p>\n<\/div>\n<div class=\"mc-column content-text active-extra-styles \" data-block-type=\"unstyled\" data-block-weight=\"50\">\n<p class=\"content-text__container \" data-track-category=\"Link no Texto\" data-track-links=\"\">A pasta tamb\u00e9m anunciou que ser\u00e1 obrigat\u00f3rio para todos os munic\u00edpios de mais de 2 mil habitantes realizar o Levantamento R\u00e1pido do \u00cdndice de Infesta\u00e7\u00e3o para Aedes aegypti (LIRAa), que identifica os locais onde h\u00e1 focos do mosquito. At\u00e9 ent\u00e3o, os munic\u00edpios podiam escolher se aderiam ou n\u00e3o ao levantamento.<\/p>\n<\/div>\n","protected":false},"excerpt":{"rendered":"<p>Um ano ap\u00f3s ter sido considerado emerg\u00eancia global pela Organiza\u00e7\u00e3o Mundial de Sa\u00fade (OMS), em<\/p>\n","protected":false},"author":7,"featured_media":58975,"comment_status":"open","ping_status":"open","sticky":false,"template":"","format":"standard","meta":[],"categories":[],"tags":[],"uagb_featured_image_src":{"full":["https:\/\/espacoecologico.com.br\/arquivo\/wp-content\/uploads\/2017\/02\/zika.jpg",415,265,false],"thumbnail":["https:\/\/espacoecologico.com.br\/arquivo\/wp-content\/uploads\/2017\/02\/zika-150x150.jpg",150,150,true],"medium":["https:\/\/espacoecologico.com.br\/arquivo\/wp-content\/uploads\/2017\/02\/zika-300x192.jpg",300,192,true],"medium_large":["https:\/\/espacoecologico.com.br\/arquivo\/wp-content\/uploads\/2017\/02\/zika.jpg",415,265,false],"large":["https:\/\/espacoecologico.com.br\/arquivo\/wp-content\/uploads\/2017\/02\/zika.jpg",415,265,false],"1536x1536":["https:\/\/espacoecologico.com.br\/arquivo\/wp-content\/uploads\/2017\/02\/zika.jpg",415,265,false],"2048x2048":["https:\/\/espacoecologico.com.br\/arquivo\/wp-content\/uploads\/2017\/02\/zika.jpg",415,265,false],"cream-magazine-thumbnail-2":["https:\/\/espacoecologico.com.br\/arquivo\/wp-content\/uploads\/2017\/02\/zika.jpg",415,265,false],"cream-magazine-thumbnail-3":["https:\/\/espacoecologico.com.br\/arquivo\/wp-content\/uploads\/2017\/02\/zika.jpg",415,265,false],"cream-magazine-thumbnail-4":["https:\/\/espacoecologico.com.br\/arquivo\/wp-content\/uploads\/2017\/02\/zika.jpg",415,265,false]},"uagb_author_info":{"display_name":"","author_link":"https:\/\/espacoecologico.com.br\/arquivo\/author\/"},"uagb_comment_info":0,"uagb_excerpt":"Um ano ap\u00f3s ter sido considerado emerg\u00eancia global pela Organiza\u00e7\u00e3o Mundial de Sa\u00fade (OMS), em","_links":{"self":[{"href":"https:\/\/espacoecologico.com.br\/arquivo\/wp-json\/wp\/v2\/posts\/58974"}],"collection":[{"href":"https:\/\/espacoecologico.com.br\/arquivo\/wp-json\/wp\/v2\/posts"}],"about":[{"href":"https:\/\/espacoecologico.com.br\/arquivo\/wp-json\/wp\/v2\/types\/post"}],"author":[{"embeddable":true,"href":"https:\/\/espacoecologico.com.br\/arquivo\/wp-json\/wp\/v2\/users\/7"}],"replies":[{"embeddable":true,"href":"https:\/\/espacoecologico.com.br\/arquivo\/wp-json\/wp\/v2\/comments?post=58974"}],"version-history":[{"count":0,"href":"https:\/\/espacoecologico.com.br\/arquivo\/wp-json\/wp\/v2\/posts\/58974\/revisions"}],"wp:featuredmedia":[{"embeddable":true,"href":"https:\/\/espacoecologico.com.br\/arquivo\/wp-json\/wp\/v2\/media\/58975"}],"wp:attachment":[{"href":"https:\/\/espacoecologico.com.br\/arquivo\/wp-json\/wp\/v2\/media?parent=58974"}],"wp:term":[{"taxonomy":"category","embeddable":true,"href":"https:\/\/espacoecologico.com.br\/arquivo\/wp-json\/wp\/v2\/categories?post=58974"},{"taxonomy":"post_tag","embeddable":true,"href":"https:\/\/espacoecologico.com.br\/arquivo\/wp-json\/wp\/v2\/tags?post=58974"}],"curies":[{"name":"wp","href":"https:\/\/api.w.org\/{rel}","templated":true}]}}