{"id":58966,"date":"2017-02-01T07:59:21","date_gmt":"2017-02-01T10:59:21","guid":{"rendered":"https:\/\/espacoecologico.com.br\/arquivo\/?p=58966"},"modified":"2017-02-01T07:59:23","modified_gmt":"2017-02-01T10:59:23","slug":"as-primeiras-imagens-das-recem-descobertas-formacoes-de-corais-na-foz-do-amazonas","status":"publish","type":"post","link":"https:\/\/espacoecologico.com.br\/arquivo\/as-primeiras-imagens-das-recem-descobertas-formacoes-de-corais-na-foz-do-amazonas\/","title":{"rendered":"As primeiras imagens das rec\u00e9m-descobertas forma\u00e7\u00f5es de corais na foz do Amazonas"},"content":{"rendered":"<div class=\"mc-column content-text active-extra-styles active-capital-letter\" data-block-type=\"unstyled\" data-block-weight=\"23\">\n<p class=\"content-text__container theme-color-primary-first-letter\" data-track-category=\"Link no Texto\" data-track-links=\"\"><a href=\"https:\/\/espacoecologico.com.br\/arquivo\/as-primeiras-imagens-das-recem-descobertas-formacoes-de-corais-na-foz-do-amazonas\/corais_-2\/\" rel=\"attachment wp-att-58967\"><img loading=\"lazy\" class=\"alignleft size-medium wp-image-58967\" src=\"https:\/\/espacoecologico.com.br\/arquivo\/wp-content\/uploads\/2017\/02\/corais_-300x192.jpg\" alt=\"\" width=\"300\" height=\"192\" srcset=\"https:\/\/espacoecologico.com.br\/arquivo\/wp-content\/uploads\/2017\/02\/corais_-300x192.jpg 300w, https:\/\/espacoecologico.com.br\/arquivo\/wp-content\/uploads\/2017\/02\/corais_.jpg 415w\" sizes=\"(max-width: 300px) 100vw, 300px\" \/><\/a>As primeiras imagens de um grande recife de corais descoberto na regi\u00e3o amaz\u00f4nica no ano passado forram divulgadas por ativistas de preserva\u00e7\u00e3o ambiental.<\/p>\n<\/div>\n<div class=\"mc-column content-text active-extra-styles \" data-block-type=\"unstyled\" data-block-weight=\"25\">\n<p class=\"content-text__container \" data-track-category=\"Link no Texto\" data-track-links=\"\">O Recife de Corais da Amaz\u00f4nia \u00e9 um sistema de 9,5 mil quil\u00f4metros quadrados formado por corais, esponjas e algas calc\u00e1rias, segundo a ONG Greenpeace.<\/p>\n<\/div>\n<div class=\"mc-column content-text active-extra-styles \" data-block-type=\"unstyled\" data-block-weight=\"23\">\n<p class=\"content-text__container \" data-track-category=\"Link no Texto\" data-track-links=\"\">A barreira de corais tem quase 1 mil km de extens\u00e3o e fica na regi\u00e3o onde o rio Amazonas encontra o oceano Atl\u00e2ntico.<\/p>\n<\/div>\n<div class=\"mc-column content-text active-extra-styles \" data-block-type=\"unstyled\" data-block-weight=\"20\">\n<p class=\"content-text__container \" data-track-category=\"Link no Texto\" data-track-links=\"\">Mas os ativistas alertam que algumas empresas podem come\u00e7ar a prospectar petr\u00f3leo na regi\u00e3o se obtiverem permiss\u00e3o do governo brasileiro.<\/p>\n<\/div>\n<div class=\"mc-column content-text active-extra-styles \" data-block-type=\"unstyled\" data-block-weight=\"45\">\n<p class=\"content-text__container \" data-track-category=\"Link no Texto\" data-track-links=\"\">&#8220;Esse sistema de recifes \u00e9 importante por muitas raz\u00f5es, incluindo o fato de que ele tem caracter\u00edsticas \u00fanicas em rela\u00e7\u00e3o \u00e0 disponibilidade de luz e condi\u00e7\u00f5es f\u00edsicas e qu\u00edmicas da \u00e1gua&#8221;, segundo afirmou em um comunicado o pesquisador Nils Asp, da Universidade Federal do Par\u00e1.<\/p>\n<\/div>\n<div class=\"mc-column content-media content-media--normal\" data-block-type=\"backstage-photo\">\n<div class=\"content-media__container\">\n<div class=\"content-media__image-centered\">\n<div class=\"progressive-img\"><img class=\"progressive-draft\" title=\"Corais se desenvolveram em condi\u00e7\u00f5es \u00fanicas de disponibilidade de luz (Foto: Greenpeace)\" src=\"data:image\/jpeg;base64,\/9j\/4AAQSkZJRgABAQAAAQABAAD\/2wBDAAMCAgMCAgMDAwMEAwMEBQgFBQQEBQoHBwYIDAoMDAsKCwsNDhIQDQ4RDgsLEBYQERMUFRUVDA8XGBYUGBIUFRT\/2wBDAQMEBAUEBQkFBQkUDQsNFBQUFBQUFBQUFBQUFBQUFBQUFBQUFBQUFBQUFBQUFBQUFBQUFBQUFBQUFBQUFBQUFBT\/wgARCAAOABkDASIAAhEBAxEB\/8QAGQAAAgMBAAAAAAAAAAAAAAAAAgMABAUG\/8QAFgEBAQEAAAAAAAAAAAAAAAAABgQF\/9oADAMBAAIQAxAAAAHgRajRh0pbBAb\/AP\/EAB4QAAIBAwUAAAAAAAAAAAAAAAEDAgAEExESFBUi\/9oACAEBAAEFAtfSy8zUF3UOCKzQIerE3rY4d7a\/\/8QAGxEAAQUBAQAAAAAAAAAAAAAAAQACAwURBBL\/2gAIAQMBAT8BdX8xGeVNXmN2RuX\/xAAbEQABBAMAAAAAAAAAAAAAAAACAAEEEQMSMv\/aAAgBAgEBPwEZ8i+linbjZsv\/xAAkEAACAgECBQUAAAAAAAAAAAABAgAREgMhEyIxMmFRcZGh8P\/aAAgBAQAGPwI1qrQvlG9e8LkXpbDETJPudsXAHGwtH94hQMyqRlt6QajO3FRjTjwBOq\/E\/8QAIRAAAgIABQUAAAAAAAAAAAAAAREAIRAxQVFhcZGh0fD\/2gAIAQEAAT8hN5UKogVNtzBh1p7BaYOtuZzBtQ9sA8EMRp6DKAkdSrVK8wcpUKwBfWfV9z\/\/2gAMAwEAAgADAAAAENqv\/8QAGREAAgMBAAAAAAAAAAAAAAAAASEAYfAR\/9oACAEDAQE\/ECoRavX2GKF5z\/\/EABoRAAICAwAAAAAAAAAAAAAAAAARASExYfD\/2gAIAQIBAT8QUS+eoU2tH\/\/EAB0QAQADAQACAwAAAAAAAAAAAAERITEAQVFhofH\/2gAIAQEAAT8QQZYrhJolhKUr3yH1ADfCeQqpj64hbyIBwoymfDffF+uQn5CyEVSlmFd1zvRsKAUKEa4xTvQMDCjFE0iMYSw2a\/Zc\/9k=\" alt=\"Corais se desenvolveram em condi\u00e7\u00f5es \u00fanicas de disponibilidade de luz (Foto: Greenpeace)\" \/> <picture><source srcset=\"http:\/\/s2.glbimg.com\/ihf19UR0YMwHxs82dotW-CNgBbE=\/0x0:976x549\/600x0\/smart\/filters:strip_icc()\/i.s3.glbimg.com\/v1\/AUTH_59edd422c0c84a879bd37670ae4f538a\/internal_photos\/bs\/2017\/I\/V\/YySzrLQneWzuuGkFdXzw\/2-corais-se-desenvolveram-em-condicoes-unicas-de-disponibilidade-de-luz.jpg 1x, http:\/\/s2.glbimg.com\/9uzD7to2A3zdViYILqX3bwjRfec=\/0x0:976x549\/1200x0\/smart\/filters:strip_icc()\/i.s3.glbimg.com\/v1\/AUTH_59edd422c0c84a879bd37670ae4f538a\/internal_photos\/bs\/2017\/I\/V\/YySzrLQneWzuuGkFdXzw\/2-corais-se-desenvolveram-em-condicoes-unicas-de-disponibilidade-de-luz.jpg 2x\" media=\"(max-width: 1024px)\" data-src=\"http:\/\/s2.glbimg.com\/ihf19UR0YMwHxs82dotW-CNgBbE=\/0x0:976x549\/600x0\/smart\/filters:strip_icc()\/i.s3.glbimg.com\/v1\/AUTH_59edd422c0c84a879bd37670ae4f538a\/internal_photos\/bs\/2017\/I\/V\/YySzrLQneWzuuGkFdXzw\/2-corais-se-desenvolveram-em-condicoes-unicas-de-disponibilidade-de-luz.jpg 1x, http:\/\/s2.glbimg.com\/9uzD7to2A3zdViYILqX3bwjRfec=\/0x0:976x549\/1200x0\/smart\/filters:strip_icc()\/i.s3.glbimg.com\/v1\/AUTH_59edd422c0c84a879bd37670ae4f538a\/internal_photos\/bs\/2017\/I\/V\/YySzrLQneWzuuGkFdXzw\/2-corais-se-desenvolveram-em-condicoes-unicas-de-disponibilidade-de-luz.jpg 2x\" \/><source srcset=\"http:\/\/s2.glbimg.com\/izKzZca47f8nwydSwm1qT69wVt0=\/0x0:976x549\/640x0\/smart\/filters:strip_icc()\/i.s3.glbimg.com\/v1\/AUTH_59edd422c0c84a879bd37670ae4f538a\/internal_photos\/bs\/2017\/I\/V\/YySzrLQneWzuuGkFdXzw\/2-corais-se-desenvolveram-em-condicoes-unicas-de-disponibilidade-de-luz.jpg 1x, http:\/\/s2.glbimg.com\/rX-KeVcu-2oECUJr67Z2opkp_CM=\/0x0:976x549\/1280x0\/smart\/filters:strip_icc()\/i.s3.glbimg.com\/v1\/AUTH_59edd422c0c84a879bd37670ae4f538a\/internal_photos\/bs\/2017\/I\/V\/YySzrLQneWzuuGkFdXzw\/2-corais-se-desenvolveram-em-condicoes-unicas-de-disponibilidade-de-luz.jpg 2x\" media=\"(max-width: 1280px)\" data-src=\"http:\/\/s2.glbimg.com\/izKzZca47f8nwydSwm1qT69wVt0=\/0x0:976x549\/640x0\/smart\/filters:strip_icc()\/i.s3.glbimg.com\/v1\/AUTH_59edd422c0c84a879bd37670ae4f538a\/internal_photos\/bs\/2017\/I\/V\/YySzrLQneWzuuGkFdXzw\/2-corais-se-desenvolveram-em-condicoes-unicas-de-disponibilidade-de-luz.jpg 1x, http:\/\/s2.glbimg.com\/rX-KeVcu-2oECUJr67Z2opkp_CM=\/0x0:976x549\/1280x0\/smart\/filters:strip_icc()\/i.s3.glbimg.com\/v1\/AUTH_59edd422c0c84a879bd37670ae4f538a\/internal_photos\/bs\/2017\/I\/V\/YySzrLQneWzuuGkFdXzw\/2-corais-se-desenvolveram-em-condicoes-unicas-de-disponibilidade-de-luz.jpg 2x\" \/><source srcset=\"http:\/\/s2.glbimg.com\/bJXNt8Y0ALCla0V7lhIvZzruphU=\/0x0:976x549\/984x0\/smart\/filters:strip_icc()\/i.s3.glbimg.com\/v1\/AUTH_59edd422c0c84a879bd37670ae4f538a\/internal_photos\/bs\/2017\/I\/V\/YySzrLQneWzuuGkFdXzw\/2-corais-se-desenvolveram-em-condicoes-unicas-de-disponibilidade-de-luz.jpg 1x, http:\/\/s2.glbimg.com\/gDQ-J5FvlAy2h26zhHYa7kXaQVk=\/0x0:976x549\/1968x0\/smart\/filters:strip_icc()\/i.s3.glbimg.com\/v1\/AUTH_59edd422c0c84a879bd37670ae4f538a\/internal_photos\/bs\/2017\/I\/V\/YySzrLQneWzuuGkFdXzw\/2-corais-se-desenvolveram-em-condicoes-unicas-de-disponibilidade-de-luz.jpg 2x\" media=\"(max-width: 1360px)\" data-src=\"http:\/\/s2.glbimg.com\/bJXNt8Y0ALCla0V7lhIvZzruphU=\/0x0:976x549\/984x0\/smart\/filters:strip_icc()\/i.s3.glbimg.com\/v1\/AUTH_59edd422c0c84a879bd37670ae4f538a\/internal_photos\/bs\/2017\/I\/V\/YySzrLQneWzuuGkFdXzw\/2-corais-se-desenvolveram-em-condicoes-unicas-de-disponibilidade-de-luz.jpg 1x, http:\/\/s2.glbimg.com\/gDQ-J5FvlAy2h26zhHYa7kXaQVk=\/0x0:976x549\/1968x0\/smart\/filters:strip_icc()\/i.s3.glbimg.com\/v1\/AUTH_59edd422c0c84a879bd37670ae4f538a\/internal_photos\/bs\/2017\/I\/V\/YySzrLQneWzuuGkFdXzw\/2-corais-se-desenvolveram-em-condicoes-unicas-de-disponibilidade-de-luz.jpg 2x\" \/><source srcset=\"http:\/\/s2.glbimg.com\/c1s2NXR-skh6iQuqn3kClVLYz-o=\/0x0:976x549\/1000x0\/smart\/filters:strip_icc()\/i.s3.glbimg.com\/v1\/AUTH_59edd422c0c84a879bd37670ae4f538a\/internal_photos\/bs\/2017\/I\/V\/YySzrLQneWzuuGkFdXzw\/2-corais-se-desenvolveram-em-condicoes-unicas-de-disponibilidade-de-luz.jpg 1x, http:\/\/s2.glbimg.com\/f_HDcE5X4L4RePWnIiZk886aGpw=\/0x0:976x549\/2000x0\/smart\/filters:strip_icc()\/i.s3.glbimg.com\/v1\/AUTH_59edd422c0c84a879bd37670ae4f538a\/internal_photos\/bs\/2017\/I\/V\/YySzrLQneWzuuGkFdXzw\/2-corais-se-desenvolveram-em-condicoes-unicas-de-disponibilidade-de-luz.jpg 2x\" media=\"(min-width: 1361px)\" data-src=\"http:\/\/s2.glbimg.com\/c1s2NXR-skh6iQuqn3kClVLYz-o=\/0x0:976x549\/1000x0\/smart\/filters:strip_icc()\/i.s3.glbimg.com\/v1\/AUTH_59edd422c0c84a879bd37670ae4f538a\/internal_photos\/bs\/2017\/I\/V\/YySzrLQneWzuuGkFdXzw\/2-corais-se-desenvolveram-em-condicoes-unicas-de-disponibilidade-de-luz.jpg 1x, http:\/\/s2.glbimg.com\/f_HDcE5X4L4RePWnIiZk886aGpw=\/0x0:976x549\/2000x0\/smart\/filters:strip_icc()\/i.s3.glbimg.com\/v1\/AUTH_59edd422c0c84a879bd37670ae4f538a\/internal_photos\/bs\/2017\/I\/V\/YySzrLQneWzuuGkFdXzw\/2-corais-se-desenvolveram-em-condicoes-unicas-de-disponibilidade-de-luz.jpg 2x\" \/><source srcset=\"http:\/\/s2.glbimg.com\/bJXNt8Y0ALCla0V7lhIvZzruphU=\/0x0:976x549\/984x0\/smart\/filters:strip_icc()\/i.s3.glbimg.com\/v1\/AUTH_59edd422c0c84a879bd37670ae4f538a\/internal_photos\/bs\/2017\/I\/V\/YySzrLQneWzuuGkFdXzw\/2-corais-se-desenvolveram-em-condicoes-unicas-de-disponibilidade-de-luz.jpg\" data-src=\"http:\/\/s2.glbimg.com\/bJXNt8Y0ALCla0V7lhIvZzruphU=\/0x0:976x549\/984x0\/smart\/filters:strip_icc()\/i.s3.glbimg.com\/v1\/AUTH_59edd422c0c84a879bd37670ae4f538a\/internal_photos\/bs\/2017\/I\/V\/YySzrLQneWzuuGkFdXzw\/2-corais-se-desenvolveram-em-condicoes-unicas-de-disponibilidade-de-luz.jpg\" \/><img class=\"image content-media__image progressive-loaded\" title=\"Corais se desenvolveram em condi\u00e7\u00f5es \u00fanicas de disponibilidade de luz (Foto: Greenpeace)\" srcset=\"http:\/\/s2.glbimg.com\/bJXNt8Y0ALCla0V7lhIvZzruphU=\/0x0:976x549\/984x0\/smart\/filters:strip_icc()\/i.s3.glbimg.com\/v1\/AUTH_59edd422c0c84a879bd37670ae4f538a\/internal_photos\/bs\/2017\/I\/V\/YySzrLQneWzuuGkFdXzw\/2-corais-se-desenvolveram-em-condicoes-unicas-de-disponibilidade-de-luz.jpg\" alt=\"Corais se desenvolveram em condi\u00e7\u00f5es \u00fanicas de disponibilidade de luz (Foto: Greenpeace)\" width=\"637\" height=\"359\" data-src=\"http:\/\/s2.glbimg.com\/bJXNt8Y0ALCla0V7lhIvZzruphU=\/0x0:976x549\/984x0\/smart\/filters:strip_icc()\/i.s3.glbimg.com\/v1\/AUTH_59edd422c0c84a879bd37670ae4f538a\/internal_photos\/bs\/2017\/I\/V\/YySzrLQneWzuuGkFdXzw\/2-corais-se-desenvolveram-em-condicoes-unicas-de-disponibilidade-de-luz.jpg\" \/> <\/picture><\/div>\n<\/div>\n<div class=\"content-media__description-centered \">\n<p class=\"content-media__description \"><i class=\"content-media__description__icon theme-color-primary\"> <\/i> <span class=\"content-media__description__caption\"> Corais se desenvolveram em condi\u00e7\u00f5es \u00fanicas de disponibilidade de luz (Foto: Greenpeace) <\/span><\/p>\n<\/div>\n<\/div>\n<\/div>\n<div class=\"mc-column content-text active-extra-styles \" data-block-type=\"unstyled\" data-block-weight=\"26\">\n<p class=\"content-text__container \" data-track-category=\"Link no Texto\" data-track-links=\"\">&#8220;Ele tem um grande potencial para novas esp\u00e9cies e tamb\u00e9m \u00e9 importante para o bem-estar econ\u00f4mico de comunidades de pescadores ao longo da zona costeira amaz\u00f4nica.&#8221;<\/p>\n<\/div>\n<div class=\"mc-column content-text active-extra-styles \" data-block-type=\"unstyled\" data-block-weight=\"37\">\n<p class=\"content-text__container \" data-track-category=\"Link no Texto\" data-track-links=\"\">Os cientistas ficaram surpresos com a descoberta, ocorrida em abril de 2016. Isso porque eles pensavam ser improv\u00e1vel a descoberta de recifes na \u00e1rea devido a condi\u00e7\u00f5es desfavor\u00e1veis, segundo um estudo publicado no jornal cient\u00edfico Science Advances.<\/p>\n<\/div>\n<div class=\"mc-column content-text active-extra-styles \" data-block-type=\"unstyled\" data-block-weight=\"16\">\n<p class=\"content-text__container \" data-track-category=\"Link no Texto\" data-track-links=\"\">O sistema de recifes fica em profundidades que variam entre 25 e 120 metros de profundidade.<\/p>\n<\/div>\n<div class=\"mc-column content-text active-extra-styles \" data-block-type=\"unstyled\" data-block-weight=\"17\">\n<p class=\"content-text__container \" data-track-category=\"Link no Texto\" data-track-links=\"\">Asp afirma que sua equipe quer mapear o sistema gradualmente. At\u00e9 agora, somente 5% dele foi mapeado.<\/p>\n<\/div>\n<div class=\"mc-column content-text active-extra-styles \" data-block-type=\"unstyled\" data-block-weight=\"25\">\n<p class=\"content-text__container \" data-track-category=\"Link no Texto\" data-track-links=\"\">&#8220;Nossa equipe quer ter um melhor entendimento de como esse ecossistema funciona, incluindo quest\u00f5es importantes como seus mecanismos de fotoss\u00edntese com condi\u00e7\u00f5es limitadas de luz.&#8221;<\/p>\n<\/div>\n<div class=\"mc-column content-text active-extra-styles \" data-block-type=\"unstyled\" data-block-weight=\"17\">\n<p class=\"content-text__container \" data-track-category=\"Link no Texto\" data-track-links=\"\">Para o Greenpeace, a atividade de prospec\u00e7\u00e3o na \u00e1rea significa &#8220;um risco constante de derramamento de petr\u00f3leo&#8221;.<\/p>\n<\/div>\n<div class=\"mc-column content-media content-media--normal\" data-block-type=\"backstage-photo\">\n<div class=\"content-media__container\">\n<div class=\"content-media__image-centered\">\n<div class=\"progressive-img\"><img class=\"progressive-draft\" title=\"Exist\u00eancia de recifes na \u00e1rea da foz do rio Amazonas era considerada improv\u00e1vel (Foto: Greenpeace)\" src=\"data:image\/jpeg;base64,\/9j\/4AAQSkZJRgABAQAAAQABAAD\/2wBDAAMCAgMCAgMDAwMEAwMEBQgFBQQEBQoHBwYIDAoMDAsKCwsNDhIQDQ4RDgsLEBYQERMUFRUVDA8XGBYUGBIUFRT\/2wBDAQMEBAUEBQkFBQkUDQsNFBQUFBQUFBQUFBQUFBQUFBQUFBQUFBQUFBQUFBQUFBQUFBQUFBQUFBQUFBQUFBQUFBT\/wgARCAAOABkDASIAAhEBAxEB\/8QAFwABAQEBAAAAAAAAAAAAAAAABwQFBv\/EABYBAQEBAAAAAAAAAAAAAAAAAAIAAf\/aAAwDAQACEAMQAAABFZ1PScEToXMrP\/\/EABwQAAIDAQADAAAAAAAAAAAAAAIDAQQFABIUFf\/aAAgBAQABBQKMmRgs\/wAQZViA9OOpJrvE8xba9jIW1nwz7\/\/EABcRAQEBAQAAAAAAAAAAAAAAAAEAAxH\/2gAIAQMBAT8BMOzml\/\/EABcRAQEBAQAAAAAAAAAAAAAAAAEAAxL\/2gAIAQIBAT8Bdbsb\/8QAIhAAAQMDAwUAAAAAAAAAAAAAAQACEQMSMgQTkSIxM0FR\/9oACAEBAAY\/AjLCICLjAgxCuxHxZDkLeqU8SQQPaNVnSwd22rUhxkgSzleZf\/\/EAB4QAAICAgIDAAAAAAAAAAAAAAERACExUWHwcaHB\/9oACAEBAAE\/IQfcGLyrlMzI31wMNY7252L7C9rgwDHiGqChKFjb36hRbIFLAPe53if\/2gAMAwEAAgADAAAAELef\/8QAFxEAAwEAAAAAAAAAAAAAAAAAAAERMf\/aAAgBAwEBPxCapmMf\/8QAFhEBAQEAAAAAAAAAAAAAAAAAAQAR\/9oACAECAQE\/EGAYBrf\/xAAeEAEAAwEAAQUAAAAAAAAAAAABESExAEEQYXGR8P\/aAAgBAQABPxCGhUxeQRiTM5HzCSE6GrrEsY8qbImv898TPxF+hhb0G03SFSETVghVrys1TLsyTiaRSzWc7K2B6JrV9e\/fqu\/\/2Q==\" alt=\"Exist\u00eancia de recifes na \u00e1rea da foz do rio Amazonas era considerada improv\u00e1vel (Foto: Greenpeace)\" \/> <picture><source srcset=\"http:\/\/s2.glbimg.com\/qNn7pA7iV1etYnAqzdl06VAuFS8=\/0x0:976x549\/600x0\/smart\/filters:strip_icc()\/i.s3.glbimg.com\/v1\/AUTH_59edd422c0c84a879bd37670ae4f538a\/internal_photos\/bs\/2017\/V\/x\/kMCnyZQgmC389TdXI6Tg\/3-existencia-de-recifes-na-area-da-foz-do-rio-amazonas-era-considerada-improvavel.jpg 1x, http:\/\/s2.glbimg.com\/1B0PR_BQVQwaPsDEvDKjUFWEDME=\/0x0:976x549\/1200x0\/smart\/filters:strip_icc()\/i.s3.glbimg.com\/v1\/AUTH_59edd422c0c84a879bd37670ae4f538a\/internal_photos\/bs\/2017\/V\/x\/kMCnyZQgmC389TdXI6Tg\/3-existencia-de-recifes-na-area-da-foz-do-rio-amazonas-era-considerada-improvavel.jpg 2x\" media=\"(max-width: 1024px)\" data-src=\"http:\/\/s2.glbimg.com\/qNn7pA7iV1etYnAqzdl06VAuFS8=\/0x0:976x549\/600x0\/smart\/filters:strip_icc()\/i.s3.glbimg.com\/v1\/AUTH_59edd422c0c84a879bd37670ae4f538a\/internal_photos\/bs\/2017\/V\/x\/kMCnyZQgmC389TdXI6Tg\/3-existencia-de-recifes-na-area-da-foz-do-rio-amazonas-era-considerada-improvavel.jpg 1x, http:\/\/s2.glbimg.com\/1B0PR_BQVQwaPsDEvDKjUFWEDME=\/0x0:976x549\/1200x0\/smart\/filters:strip_icc()\/i.s3.glbimg.com\/v1\/AUTH_59edd422c0c84a879bd37670ae4f538a\/internal_photos\/bs\/2017\/V\/x\/kMCnyZQgmC389TdXI6Tg\/3-existencia-de-recifes-na-area-da-foz-do-rio-amazonas-era-considerada-improvavel.jpg 2x\" \/><source srcset=\"http:\/\/s2.glbimg.com\/fXFXDbwG_O64KQbDMiAewDcGUQM=\/0x0:976x549\/640x0\/smart\/filters:strip_icc()\/i.s3.glbimg.com\/v1\/AUTH_59edd422c0c84a879bd37670ae4f538a\/internal_photos\/bs\/2017\/V\/x\/kMCnyZQgmC389TdXI6Tg\/3-existencia-de-recifes-na-area-da-foz-do-rio-amazonas-era-considerada-improvavel.jpg 1x, http:\/\/s2.glbimg.com\/oViXqU07UmjiC0xMacDfWO0nUdI=\/0x0:976x549\/1280x0\/smart\/filters:strip_icc()\/i.s3.glbimg.com\/v1\/AUTH_59edd422c0c84a879bd37670ae4f538a\/internal_photos\/bs\/2017\/V\/x\/kMCnyZQgmC389TdXI6Tg\/3-existencia-de-recifes-na-area-da-foz-do-rio-amazonas-era-considerada-improvavel.jpg 2x\" media=\"(max-width: 1280px)\" data-src=\"http:\/\/s2.glbimg.com\/fXFXDbwG_O64KQbDMiAewDcGUQM=\/0x0:976x549\/640x0\/smart\/filters:strip_icc()\/i.s3.glbimg.com\/v1\/AUTH_59edd422c0c84a879bd37670ae4f538a\/internal_photos\/bs\/2017\/V\/x\/kMCnyZQgmC389TdXI6Tg\/3-existencia-de-recifes-na-area-da-foz-do-rio-amazonas-era-considerada-improvavel.jpg 1x, http:\/\/s2.glbimg.com\/oViXqU07UmjiC0xMacDfWO0nUdI=\/0x0:976x549\/1280x0\/smart\/filters:strip_icc()\/i.s3.glbimg.com\/v1\/AUTH_59edd422c0c84a879bd37670ae4f538a\/internal_photos\/bs\/2017\/V\/x\/kMCnyZQgmC389TdXI6Tg\/3-existencia-de-recifes-na-area-da-foz-do-rio-amazonas-era-considerada-improvavel.jpg 2x\" \/><source srcset=\"http:\/\/s2.glbimg.com\/-1sOlbey0oBuKXUyE40JSulkCps=\/0x0:976x549\/984x0\/smart\/filters:strip_icc()\/i.s3.glbimg.com\/v1\/AUTH_59edd422c0c84a879bd37670ae4f538a\/internal_photos\/bs\/2017\/V\/x\/kMCnyZQgmC389TdXI6Tg\/3-existencia-de-recifes-na-area-da-foz-do-rio-amazonas-era-considerada-improvavel.jpg 1x, http:\/\/s2.glbimg.com\/-9WTUoesMDF92595RTdEfMbx0DM=\/0x0:976x549\/1968x0\/smart\/filters:strip_icc()\/i.s3.glbimg.com\/v1\/AUTH_59edd422c0c84a879bd37670ae4f538a\/internal_photos\/bs\/2017\/V\/x\/kMCnyZQgmC389TdXI6Tg\/3-existencia-de-recifes-na-area-da-foz-do-rio-amazonas-era-considerada-improvavel.jpg 2x\" media=\"(max-width: 1360px)\" data-src=\"http:\/\/s2.glbimg.com\/-1sOlbey0oBuKXUyE40JSulkCps=\/0x0:976x549\/984x0\/smart\/filters:strip_icc()\/i.s3.glbimg.com\/v1\/AUTH_59edd422c0c84a879bd37670ae4f538a\/internal_photos\/bs\/2017\/V\/x\/kMCnyZQgmC389TdXI6Tg\/3-existencia-de-recifes-na-area-da-foz-do-rio-amazonas-era-considerada-improvavel.jpg 1x, http:\/\/s2.glbimg.com\/-9WTUoesMDF92595RTdEfMbx0DM=\/0x0:976x549\/1968x0\/smart\/filters:strip_icc()\/i.s3.glbimg.com\/v1\/AUTH_59edd422c0c84a879bd37670ae4f538a\/internal_photos\/bs\/2017\/V\/x\/kMCnyZQgmC389TdXI6Tg\/3-existencia-de-recifes-na-area-da-foz-do-rio-amazonas-era-considerada-improvavel.jpg 2x\" \/><source srcset=\"http:\/\/s2.glbimg.com\/g2XRP10iQ9QrqFf7aM0cVFd09Pw=\/0x0:976x549\/1000x0\/smart\/filters:strip_icc()\/i.s3.glbimg.com\/v1\/AUTH_59edd422c0c84a879bd37670ae4f538a\/internal_photos\/bs\/2017\/V\/x\/kMCnyZQgmC389TdXI6Tg\/3-existencia-de-recifes-na-area-da-foz-do-rio-amazonas-era-considerada-improvavel.jpg 1x, http:\/\/s2.glbimg.com\/bL4fiz84BmEjnt-T55nrdRNLhic=\/0x0:976x549\/2000x0\/smart\/filters:strip_icc()\/i.s3.glbimg.com\/v1\/AUTH_59edd422c0c84a879bd37670ae4f538a\/internal_photos\/bs\/2017\/V\/x\/kMCnyZQgmC389TdXI6Tg\/3-existencia-de-recifes-na-area-da-foz-do-rio-amazonas-era-considerada-improvavel.jpg 2x\" media=\"(min-width: 1361px)\" data-src=\"http:\/\/s2.glbimg.com\/g2XRP10iQ9QrqFf7aM0cVFd09Pw=\/0x0:976x549\/1000x0\/smart\/filters:strip_icc()\/i.s3.glbimg.com\/v1\/AUTH_59edd422c0c84a879bd37670ae4f538a\/internal_photos\/bs\/2017\/V\/x\/kMCnyZQgmC389TdXI6Tg\/3-existencia-de-recifes-na-area-da-foz-do-rio-amazonas-era-considerada-improvavel.jpg 1x, http:\/\/s2.glbimg.com\/bL4fiz84BmEjnt-T55nrdRNLhic=\/0x0:976x549\/2000x0\/smart\/filters:strip_icc()\/i.s3.glbimg.com\/v1\/AUTH_59edd422c0c84a879bd37670ae4f538a\/internal_photos\/bs\/2017\/V\/x\/kMCnyZQgmC389TdXI6Tg\/3-existencia-de-recifes-na-area-da-foz-do-rio-amazonas-era-considerada-improvavel.jpg 2x\" \/><source srcset=\"http:\/\/s2.glbimg.com\/-1sOlbey0oBuKXUyE40JSulkCps=\/0x0:976x549\/984x0\/smart\/filters:strip_icc()\/i.s3.glbimg.com\/v1\/AUTH_59edd422c0c84a879bd37670ae4f538a\/internal_photos\/bs\/2017\/V\/x\/kMCnyZQgmC389TdXI6Tg\/3-existencia-de-recifes-na-area-da-foz-do-rio-amazonas-era-considerada-improvavel.jpg\" data-src=\"http:\/\/s2.glbimg.com\/-1sOlbey0oBuKXUyE40JSulkCps=\/0x0:976x549\/984x0\/smart\/filters:strip_icc()\/i.s3.glbimg.com\/v1\/AUTH_59edd422c0c84a879bd37670ae4f538a\/internal_photos\/bs\/2017\/V\/x\/kMCnyZQgmC389TdXI6Tg\/3-existencia-de-recifes-na-area-da-foz-do-rio-amazonas-era-considerada-improvavel.jpg\" \/><img class=\"image content-media__image progressive-loaded\" title=\"Exist\u00eancia de recifes na \u00e1rea da foz do rio Amazonas era considerada improv\u00e1vel (Foto: Greenpeace)\" srcset=\"http:\/\/s2.glbimg.com\/-1sOlbey0oBuKXUyE40JSulkCps=\/0x0:976x549\/984x0\/smart\/filters:strip_icc()\/i.s3.glbimg.com\/v1\/AUTH_59edd422c0c84a879bd37670ae4f538a\/internal_photos\/bs\/2017\/V\/x\/kMCnyZQgmC389TdXI6Tg\/3-existencia-de-recifes-na-area-da-foz-do-rio-amazonas-era-considerada-improvavel.jpg\" alt=\"Exist\u00eancia de recifes na \u00e1rea da foz do rio Amazonas era considerada improv\u00e1vel (Foto: Greenpeace)\" width=\"639\" height=\"360\" data-src=\"http:\/\/s2.glbimg.com\/-1sOlbey0oBuKXUyE40JSulkCps=\/0x0:976x549\/984x0\/smart\/filters:strip_icc()\/i.s3.glbimg.com\/v1\/AUTH_59edd422c0c84a879bd37670ae4f538a\/internal_photos\/bs\/2017\/V\/x\/kMCnyZQgmC389TdXI6Tg\/3-existencia-de-recifes-na-area-da-foz-do-rio-amazonas-era-considerada-improvavel.jpg\" \/> <\/picture><\/div>\n<\/div>\n<div class=\"content-media__description-centered \">\n<p class=\"content-media__description \"><i class=\"content-media__description__icon theme-color-primary\"> <\/i> <span class=\"content-media__description__caption\"> Exist\u00eancia de recifes na \u00e1rea da foz do rio Amazonas era considerada improv\u00e1vel (Foto: Greenpeace) <\/span><\/p>\n<\/div>\n<\/div>\n<\/div>\n<div class=\"mc-column content-text active-extra-styles \" data-block-type=\"unstyled\" data-block-weight=\"18\">\n<p class=\"content-text__container \" data-track-category=\"Link no Texto\" data-track-links=\"\">Segundo o ativista Thiago Almeida, o processo de licenciamento ambiental para a explora\u00e7\u00e3o de petr\u00f3leo j\u00e1 est\u00e1 ocorrendo.<\/p>\n<\/div>\n<div class=\"mc-column content-text active-extra-styles \" data-block-type=\"unstyled\" data-block-weight=\"39\">\n<p class=\"content-text__container \" data-track-category=\"Link no Texto\" data-track-links=\"\">&#8220;O Parque Nacional do Cabo Orange, o ponto mais ao norte do Estado do Amap\u00e1, abriga o maior ecossistema cont\u00ednuo de mangues do mundo, e n\u00e3o h\u00e1 tecnologia capaz de limpar petr\u00f3leo de um lugar com essas caracter\u00edsticas&#8221;, afirmou.<\/p>\n<\/div>\n<div class=\"mc-column content-text active-extra-styles \" data-block-type=\"unstyled\" data-block-weight=\"21\">\n<p class=\"content-text__container \" data-track-category=\"Link no Texto\" data-track-links=\"\">&#8220;Al\u00e9m disso, os riscos nessa \u00e1rea se elevam por causa de fortes correntes e sedimentos que s\u00e3o carregados pelo rio Amazonas.&#8221;<\/p>\n<\/div>\n<div class=\"mc-column content-text active-extra-styles \" data-block-type=\"unstyled\" data-block-weight=\"50\">\n<p class=\"content-text__container \" data-track-category=\"Link no Texto\" data-track-links=\"\">A organiza\u00e7\u00e3o afirma ainda que um eventual acidente com petr\u00f3leo na regi\u00e3o poderia em tese colocar em risco n\u00e3o s\u00f3 os corais, mas tamb\u00e9m esp\u00e9cies como o peixe-boi-marinho, o tracaj\u00e1 e a ariranha, amea\u00e7adas de extin\u00e7\u00e3o segundo a lista da IUCN (Uni\u00e3o Internacional para a Conserva\u00e7\u00e3o da Natureza) de 2014.<\/p>\n<\/div>\n<div class=\"mc-column content-text active-extra-styles \" data-block-type=\"unstyled\" data-block-weight=\"22\">\n<p class=\"content-text__container \" data-track-category=\"Link no Texto\" data-track-links=\"\">O Greenpeace enviou seu navio Esperanza \u00e0 regi\u00e3o para retratar os corais e fazer campanha pela n\u00e3o prospec\u00e7\u00e3o de petr\u00f3leo no local.<\/p>\n<\/div>\n<div class=\"mc-column content-text active-extra-styles \" data-block-type=\"unstyled\" data-block-weight=\"33\">\n<p class=\"content-text__container \" data-track-category=\"Link no Texto\" data-track-links=\"\">O grupo afirmou que at\u00e9 agora 95 po\u00e7os foram cavados na regi\u00e3o. Deles, 27 foram abandonados devido a problemas mec\u00e2nicos e o restante n\u00e3o foi adiante por n\u00e3o serem t\u00e9cnica ou economicamente vi\u00e1veis.<\/p>\n<\/div>\n<div class=\"mc-column content-media content-media--normal\" data-block-type=\"backstage-photo\">\n<div class=\"content-media__container\">\n<div class=\"content-media__image-centered\">\n<div class=\"progressive-img\"><img class=\"progressive-draft\" title=\"Recife encontrado no ano passado na costa da regi\u00e3o amaz\u00f4nica foi fotogrado pela primeira vez com um minisubmarino (Foto: Marizilda Cruppe\/Greenpeace )\" src=\"data:image\/jpeg;base64,\/9j\/4AAQSkZJRgABAQAAAQABAAD\/2wBDAAMCAgMCAgMDAwMEAwMEBQgFBQQEBQoHBwYIDAoMDAsKCwsNDhIQDQ4RDgsLEBYQERMUFRUVDA8XGBYUGBIUFRT\/2wBDAQMEBAUEBQkFBQkUDQsNFBQUFBQUFBQUFBQUFBQUFBQUFBQUFBQUFBQUFBQUFBQUFBQUFBQUFBQUFBQUFBQUFBT\/wgARCAAOABkDASIAAhEBAxEB\/8QAGAAAAgMAAAAAAAAAAAAAAAAABAUCAwf\/xAAWAQEBAQAAAAAAAAAAAAAAAAACAQT\/2gAMAwEAAhADEAAAAS8nbI4qkI0nn\/\/EAB0QAAIBBAMAAAAAAAAAAAAAAAMFBAACBhUBERP\/2gAIAQEAAQUCeZOAhjPz9TsqYS7N7MpjBsMwYR4Y6Oq87tLxX\/\/EABoRAAICAwAAAAAAAAAAAAAAAAARARICIVH\/2gAIAQMBAT8Bwiz2kW6f\/8QAFxEAAwEAAAAAAAAAAAAAAAAAAAECE\/\/aAAgBAgEBPwGpZnR\/\/8QAJhAAAQMCBAYDAAAAAAAAAAAAAgABAxESBCEiMRMUIzM1kVKh8f\/aAAgBAQAGPwJ8O4iEcR3cQS3yUfL16dAEiKmlv1CMmLAbdnEal7XksQprpZIoze4gipT0o442Nw+Rs1ybXk7ru\/S\/\/8QAHxAAAgIBBAMAAAAAAAAAAAAAAREAITFBYXGBUfDx\/9oACAEBAAE\/IQ3QtgwqyMBnmA1C1AYVvZWZ24O08uBPoymOOA58UEOn5Vl7hdAgyzfU3Xvmf\/\/aAAwDAQACAAMAAAAQBV\/\/xAAaEQEBAAIDAAAAAAAAAAAAAAABEQAhQWGR\/9oACAEDAQE\/EFLmF3W9EE9hiOWf\/8QAFxEBAQEBAAAAAAAAAAAAAAAAAQARIf\/aAAgBAgEBPxAKc2I\/\/8QAHRABAQACAgMBAAAAAAAAAAAAAREhMQBBEFFh8f\/aAAgBAQABPxBmS9ChNHti\/CYT4Z2yg0soeEpsiwU12k6ZpKow9Tn63iIxCkKgZCg5nznZW5I7YUFbnIGjmeEaMBp068H\/AP\/Z\" alt=\"Recife encontrado no ano passado na costa da regi\u00e3o amaz\u00f4nica foi fotogrado pela primeira vez com um minisubmarino (Foto: Marizilda Cruppe\/Greenpeace )\" \/> <picture><source srcset=\"http:\/\/s2.glbimg.com\/DUsZIMGWcwVJGPs2jdSlWsU7p9k=\/0x0:976x549\/600x0\/smart\/filters:strip_icc()\/i.s3.glbimg.com\/v1\/AUTH_59edd422c0c84a879bd37670ae4f538a\/internal_photos\/bs\/2017\/7\/V\/hqcpTXR0Wz6DVoV9onDg\/4-recife-encontrado-no-ano-passado-na-costa-da-regiao-amazonica-foi-fotogrado-pela-primeira-vez-com-um-minisubmarino.jpg 1x, http:\/\/s2.glbimg.com\/LwogZYOcqJaBywwUG9RX82YAwyE=\/0x0:976x549\/1200x0\/smart\/filters:strip_icc()\/i.s3.glbimg.com\/v1\/AUTH_59edd422c0c84a879bd37670ae4f538a\/internal_photos\/bs\/2017\/7\/V\/hqcpTXR0Wz6DVoV9onDg\/4-recife-encontrado-no-ano-passado-na-costa-da-regiao-amazonica-foi-fotogrado-pela-primeira-vez-com-um-minisubmarino.jpg 2x\" media=\"(max-width: 1024px)\" data-src=\"http:\/\/s2.glbimg.com\/DUsZIMGWcwVJGPs2jdSlWsU7p9k=\/0x0:976x549\/600x0\/smart\/filters:strip_icc()\/i.s3.glbimg.com\/v1\/AUTH_59edd422c0c84a879bd37670ae4f538a\/internal_photos\/bs\/2017\/7\/V\/hqcpTXR0Wz6DVoV9onDg\/4-recife-encontrado-no-ano-passado-na-costa-da-regiao-amazonica-foi-fotogrado-pela-primeira-vez-com-um-minisubmarino.jpg 1x, http:\/\/s2.glbimg.com\/LwogZYOcqJaBywwUG9RX82YAwyE=\/0x0:976x549\/1200x0\/smart\/filters:strip_icc()\/i.s3.glbimg.com\/v1\/AUTH_59edd422c0c84a879bd37670ae4f538a\/internal_photos\/bs\/2017\/7\/V\/hqcpTXR0Wz6DVoV9onDg\/4-recife-encontrado-no-ano-passado-na-costa-da-regiao-amazonica-foi-fotogrado-pela-primeira-vez-com-um-minisubmarino.jpg 2x\" \/><source srcset=\"http:\/\/s2.glbimg.com\/6ZVO2pgpV0VRoE5QkCuyUqJ6BsA=\/0x0:976x549\/640x0\/smart\/filters:strip_icc()\/i.s3.glbimg.com\/v1\/AUTH_59edd422c0c84a879bd37670ae4f538a\/internal_photos\/bs\/2017\/7\/V\/hqcpTXR0Wz6DVoV9onDg\/4-recife-encontrado-no-ano-passado-na-costa-da-regiao-amazonica-foi-fotogrado-pela-primeira-vez-com-um-minisubmarino.jpg 1x, http:\/\/s2.glbimg.com\/trljXGJiIRjrzM9ChLzYu9NUyVo=\/0x0:976x549\/1280x0\/smart\/filters:strip_icc()\/i.s3.glbimg.com\/v1\/AUTH_59edd422c0c84a879bd37670ae4f538a\/internal_photos\/bs\/2017\/7\/V\/hqcpTXR0Wz6DVoV9onDg\/4-recife-encontrado-no-ano-passado-na-costa-da-regiao-amazonica-foi-fotogrado-pela-primeira-vez-com-um-minisubmarino.jpg 2x\" media=\"(max-width: 1280px)\" data-src=\"http:\/\/s2.glbimg.com\/6ZVO2pgpV0VRoE5QkCuyUqJ6BsA=\/0x0:976x549\/640x0\/smart\/filters:strip_icc()\/i.s3.glbimg.com\/v1\/AUTH_59edd422c0c84a879bd37670ae4f538a\/internal_photos\/bs\/2017\/7\/V\/hqcpTXR0Wz6DVoV9onDg\/4-recife-encontrado-no-ano-passado-na-costa-da-regiao-amazonica-foi-fotogrado-pela-primeira-vez-com-um-minisubmarino.jpg 1x, http:\/\/s2.glbimg.com\/trljXGJiIRjrzM9ChLzYu9NUyVo=\/0x0:976x549\/1280x0\/smart\/filters:strip_icc()\/i.s3.glbimg.com\/v1\/AUTH_59edd422c0c84a879bd37670ae4f538a\/internal_photos\/bs\/2017\/7\/V\/hqcpTXR0Wz6DVoV9onDg\/4-recife-encontrado-no-ano-passado-na-costa-da-regiao-amazonica-foi-fotogrado-pela-primeira-vez-com-um-minisubmarino.jpg 2x\" \/><source srcset=\"http:\/\/s2.glbimg.com\/j8XuhJfwpVfBhx_ChhUc0M3hxJs=\/0x0:976x549\/984x0\/smart\/filters:strip_icc()\/i.s3.glbimg.com\/v1\/AUTH_59edd422c0c84a879bd37670ae4f538a\/internal_photos\/bs\/2017\/7\/V\/hqcpTXR0Wz6DVoV9onDg\/4-recife-encontrado-no-ano-passado-na-costa-da-regiao-amazonica-foi-fotogrado-pela-primeira-vez-com-um-minisubmarino.jpg 1x, http:\/\/s2.glbimg.com\/t75paEvpRGp3-qmja_jjiMTU8CE=\/0x0:976x549\/1968x0\/smart\/filters:strip_icc()\/i.s3.glbimg.com\/v1\/AUTH_59edd422c0c84a879bd37670ae4f538a\/internal_photos\/bs\/2017\/7\/V\/hqcpTXR0Wz6DVoV9onDg\/4-recife-encontrado-no-ano-passado-na-costa-da-regiao-amazonica-foi-fotogrado-pela-primeira-vez-com-um-minisubmarino.jpg 2x\" media=\"(max-width: 1360px)\" data-src=\"http:\/\/s2.glbimg.com\/j8XuhJfwpVfBhx_ChhUc0M3hxJs=\/0x0:976x549\/984x0\/smart\/filters:strip_icc()\/i.s3.glbimg.com\/v1\/AUTH_59edd422c0c84a879bd37670ae4f538a\/internal_photos\/bs\/2017\/7\/V\/hqcpTXR0Wz6DVoV9onDg\/4-recife-encontrado-no-ano-passado-na-costa-da-regiao-amazonica-foi-fotogrado-pela-primeira-vez-com-um-minisubmarino.jpg 1x, http:\/\/s2.glbimg.com\/t75paEvpRGp3-qmja_jjiMTU8CE=\/0x0:976x549\/1968x0\/smart\/filters:strip_icc()\/i.s3.glbimg.com\/v1\/AUTH_59edd422c0c84a879bd37670ae4f538a\/internal_photos\/bs\/2017\/7\/V\/hqcpTXR0Wz6DVoV9onDg\/4-recife-encontrado-no-ano-passado-na-costa-da-regiao-amazonica-foi-fotogrado-pela-primeira-vez-com-um-minisubmarino.jpg 2x\" \/><source srcset=\"http:\/\/s2.glbimg.com\/RwuzSrdKuBVgVZjxgOtV3xk6r-8=\/0x0:976x549\/1000x0\/smart\/filters:strip_icc()\/i.s3.glbimg.com\/v1\/AUTH_59edd422c0c84a879bd37670ae4f538a\/internal_photos\/bs\/2017\/7\/V\/hqcpTXR0Wz6DVoV9onDg\/4-recife-encontrado-no-ano-passado-na-costa-da-regiao-amazonica-foi-fotogrado-pela-primeira-vez-com-um-minisubmarino.jpg 1x, http:\/\/s2.glbimg.com\/b2aX6dhMOL9gn55ehfm5HBRzKjQ=\/0x0:976x549\/2000x0\/smart\/filters:strip_icc()\/i.s3.glbimg.com\/v1\/AUTH_59edd422c0c84a879bd37670ae4f538a\/internal_photos\/bs\/2017\/7\/V\/hqcpTXR0Wz6DVoV9onDg\/4-recife-encontrado-no-ano-passado-na-costa-da-regiao-amazonica-foi-fotogrado-pela-primeira-vez-com-um-minisubmarino.jpg 2x\" media=\"(min-width: 1361px)\" data-src=\"http:\/\/s2.glbimg.com\/RwuzSrdKuBVgVZjxgOtV3xk6r-8=\/0x0:976x549\/1000x0\/smart\/filters:strip_icc()\/i.s3.glbimg.com\/v1\/AUTH_59edd422c0c84a879bd37670ae4f538a\/internal_photos\/bs\/2017\/7\/V\/hqcpTXR0Wz6DVoV9onDg\/4-recife-encontrado-no-ano-passado-na-costa-da-regiao-amazonica-foi-fotogrado-pela-primeira-vez-com-um-minisubmarino.jpg 1x, http:\/\/s2.glbimg.com\/b2aX6dhMOL9gn55ehfm5HBRzKjQ=\/0x0:976x549\/2000x0\/smart\/filters:strip_icc()\/i.s3.glbimg.com\/v1\/AUTH_59edd422c0c84a879bd37670ae4f538a\/internal_photos\/bs\/2017\/7\/V\/hqcpTXR0Wz6DVoV9onDg\/4-recife-encontrado-no-ano-passado-na-costa-da-regiao-amazonica-foi-fotogrado-pela-primeira-vez-com-um-minisubmarino.jpg 2x\" \/><source srcset=\"http:\/\/s2.glbimg.com\/j8XuhJfwpVfBhx_ChhUc0M3hxJs=\/0x0:976x549\/984x0\/smart\/filters:strip_icc()\/i.s3.glbimg.com\/v1\/AUTH_59edd422c0c84a879bd37670ae4f538a\/internal_photos\/bs\/2017\/7\/V\/hqcpTXR0Wz6DVoV9onDg\/4-recife-encontrado-no-ano-passado-na-costa-da-regiao-amazonica-foi-fotogrado-pela-primeira-vez-com-um-minisubmarino.jpg\" data-src=\"http:\/\/s2.glbimg.com\/j8XuhJfwpVfBhx_ChhUc0M3hxJs=\/0x0:976x549\/984x0\/smart\/filters:strip_icc()\/i.s3.glbimg.com\/v1\/AUTH_59edd422c0c84a879bd37670ae4f538a\/internal_photos\/bs\/2017\/7\/V\/hqcpTXR0Wz6DVoV9onDg\/4-recife-encontrado-no-ano-passado-na-costa-da-regiao-amazonica-foi-fotogrado-pela-primeira-vez-com-um-minisubmarino.jpg\" \/><img class=\"image content-media__image progressive-loaded\" title=\"Recife encontrado no ano passado na costa da regi\u00e3o amaz\u00f4nica foi fotogrado pela primeira vez com um minisubmarino (Foto: Marizilda Cruppe\/Greenpeace )\" srcset=\"http:\/\/s2.glbimg.com\/j8XuhJfwpVfBhx_ChhUc0M3hxJs=\/0x0:976x549\/984x0\/smart\/filters:strip_icc()\/i.s3.glbimg.com\/v1\/AUTH_59edd422c0c84a879bd37670ae4f538a\/internal_photos\/bs\/2017\/7\/V\/hqcpTXR0Wz6DVoV9onDg\/4-recife-encontrado-no-ano-passado-na-costa-da-regiao-amazonica-foi-fotogrado-pela-primeira-vez-com-um-minisubmarino.jpg\" alt=\"Recife encontrado no ano passado na costa da regi\u00e3o amaz\u00f4nica foi fotogrado pela primeira vez com um minisubmarino (Foto: Marizilda Cruppe\/Greenpeace )\" width=\"639\" height=\"360\" data-src=\"http:\/\/s2.glbimg.com\/j8XuhJfwpVfBhx_ChhUc0M3hxJs=\/0x0:976x549\/984x0\/smart\/filters:strip_icc()\/i.s3.glbimg.com\/v1\/AUTH_59edd422c0c84a879bd37670ae4f538a\/internal_photos\/bs\/2017\/7\/V\/hqcpTXR0Wz6DVoV9onDg\/4-recife-encontrado-no-ano-passado-na-costa-da-regiao-amazonica-foi-fotogrado-pela-primeira-vez-com-um-minisubmarino.jpg\" \/> <\/picture><\/div>\n<\/div>\n<div class=\"content-media__description-centered \">\n<p class=\"content-media__description \"><i class=\"content-media__description__icon theme-color-primary\"> <\/i> <span class=\"content-media__description__caption\"> Recife encontrado no ano passado na costa da regi\u00e3o amaz\u00f4nica foi fotogrado pela primeira vez com um minisubmarino (Foto: Marizilda Cruppe\/Greenpeace ) <\/span><\/p>\n<\/div>\n<\/div>\n<\/div>\n","protected":false},"excerpt":{"rendered":"<p>As primeiras imagens de um grande recife de corais descoberto na regi\u00e3o amaz\u00f4nica no ano<\/p>\n","protected":false},"author":7,"featured_media":58967,"comment_status":"open","ping_status":"open","sticky":false,"template":"","format":"standard","meta":[],"categories":[],"tags":[],"uagb_featured_image_src":{"full":["https:\/\/espacoecologico.com.br\/arquivo\/wp-content\/uploads\/2017\/02\/corais_.jpg",415,265,false],"thumbnail":["https:\/\/espacoecologico.com.br\/arquivo\/wp-content\/uploads\/2017\/02\/corais_-150x150.jpg",150,150,true],"medium":["https:\/\/espacoecologico.com.br\/arquivo\/wp-content\/uploads\/2017\/02\/corais_-300x192.jpg",300,192,true],"medium_large":["https:\/\/espacoecologico.com.br\/arquivo\/wp-content\/uploads\/2017\/02\/corais_.jpg",415,265,false],"large":["https:\/\/espacoecologico.com.br\/arquivo\/wp-content\/uploads\/2017\/02\/corais_.jpg",415,265,false],"1536x1536":["https:\/\/espacoecologico.com.br\/arquivo\/wp-content\/uploads\/2017\/02\/corais_.jpg",415,265,false],"2048x2048":["https:\/\/espacoecologico.com.br\/arquivo\/wp-content\/uploads\/2017\/02\/corais_.jpg",415,265,false],"cream-magazine-thumbnail-2":["https:\/\/espacoecologico.com.br\/arquivo\/wp-content\/uploads\/2017\/02\/corais_.jpg",415,265,false],"cream-magazine-thumbnail-3":["https:\/\/espacoecologico.com.br\/arquivo\/wp-content\/uploads\/2017\/02\/corais_.jpg",415,265,false],"cream-magazine-thumbnail-4":["https:\/\/espacoecologico.com.br\/arquivo\/wp-content\/uploads\/2017\/02\/corais_.jpg",415,265,false]},"uagb_author_info":{"display_name":"","author_link":"https:\/\/espacoecologico.com.br\/arquivo\/author\/"},"uagb_comment_info":0,"uagb_excerpt":"As primeiras imagens de um grande recife de corais descoberto na regi\u00e3o amaz\u00f4nica no ano","_links":{"self":[{"href":"https:\/\/espacoecologico.com.br\/arquivo\/wp-json\/wp\/v2\/posts\/58966"}],"collection":[{"href":"https:\/\/espacoecologico.com.br\/arquivo\/wp-json\/wp\/v2\/posts"}],"about":[{"href":"https:\/\/espacoecologico.com.br\/arquivo\/wp-json\/wp\/v2\/types\/post"}],"author":[{"embeddable":true,"href":"https:\/\/espacoecologico.com.br\/arquivo\/wp-json\/wp\/v2\/users\/7"}],"replies":[{"embeddable":true,"href":"https:\/\/espacoecologico.com.br\/arquivo\/wp-json\/wp\/v2\/comments?post=58966"}],"version-history":[{"count":0,"href":"https:\/\/espacoecologico.com.br\/arquivo\/wp-json\/wp\/v2\/posts\/58966\/revisions"}],"wp:featuredmedia":[{"embeddable":true,"href":"https:\/\/espacoecologico.com.br\/arquivo\/wp-json\/wp\/v2\/media\/58967"}],"wp:attachment":[{"href":"https:\/\/espacoecologico.com.br\/arquivo\/wp-json\/wp\/v2\/media?parent=58966"}],"wp:term":[{"taxonomy":"category","embeddable":true,"href":"https:\/\/espacoecologico.com.br\/arquivo\/wp-json\/wp\/v2\/categories?post=58966"},{"taxonomy":"post_tag","embeddable":true,"href":"https:\/\/espacoecologico.com.br\/arquivo\/wp-json\/wp\/v2\/tags?post=58966"}],"curies":[{"name":"wp","href":"https:\/\/api.w.org\/{rel}","templated":true}]}}