{"id":58956,"date":"2017-01-31T14:30:46","date_gmt":"2017-01-31T17:30:46","guid":{"rendered":"https:\/\/espacoecologico.com.br\/arquivo\/?p=58956"},"modified":"2017-01-30T21:36:58","modified_gmt":"2017-01-31T00:36:58","slug":"ibama-apreende-116-toneladas-de-agrotoxicos-contrabandeados-do-paraguai","status":"publish","type":"post","link":"https:\/\/espacoecologico.com.br\/arquivo\/ibama-apreende-116-toneladas-de-agrotoxicos-contrabandeados-do-paraguai\/","title":{"rendered":"Ibama apreende 11,6 toneladas de agrot\u00f3xicos contrabandeados do Paraguai"},"content":{"rendered":"<h4><a href=\"https:\/\/espacoecologico.com.br\/arquivo\/?attachment_id=58957\" rel=\"attachment wp-att-58957\"><img loading=\"lazy\" class=\"alignleft size-medium wp-image-58957\" src=\"https:\/\/espacoecologico.com.br\/arquivo\/wp-content\/uploads\/2017\/01\/agrotoxico-300x192.jpg\" alt=\"\" width=\"300\" height=\"192\" srcset=\"https:\/\/espacoecologico.com.br\/arquivo\/wp-content\/uploads\/2017\/01\/agrotoxico-300x192.jpg 300w, https:\/\/espacoecologico.com.br\/arquivo\/wp-content\/uploads\/2017\/01\/agrotoxico.jpg 415w\" sizes=\"(max-width: 300px) 100vw, 300px\" \/><\/a>Inseticidas e herbicidas sem classifica\u00e7\u00e3o do n\u00edvel toxicol\u00f3gico e do grau de periculosidade ambiental<\/h4>\n<p>Opera\u00e7\u00e3o realizada pelo Ibama com a Receita Federal, a Pol\u00edcia Federal e a Pol\u00edcia Rodovi\u00e1ria Federal em dezembro e janeiro resultou na apreens\u00e3o de 11,6 toneladas de agrot\u00f3xicos contrabandeados do Paraguai no Mato Grosso do Sul. Foram aplicadas multas que totalizam R$ 4 milh\u00f5es pelo transporte ilegal de produtos sem registro no Brasil.<\/p>\n<p>Os agrot\u00f3xicos ilegais s\u00e3o inseticidas e herbicidas sem classifica\u00e7\u00e3o do n\u00edvel toxicol\u00f3gico e do grau de periculosidade ambiental. Seriam utilizados em lavouras de soja e algod\u00e3o nos estados de Mato Grosso do Sul e Mato Grosso.<\/p>\n<div class=\"midiaConteudoMateria\"><\/div>\n<p>A importa\u00e7\u00e3o de agrot\u00f3xicos \u00e9 regulamentada pela\u00a0<a href=\"http:\/\/www.planalto.gov.br\/ccivil_03\/leis\/L7802.htm\" target=\"_blank\" rel=\"alternate\">Lei n\u00ba 7.802 de 11\/07\/1989<\/a> e pelo\u00a0<a href=\"http:\/\/www.planalto.gov.br\/ccivil_03\/decreto\/2002\/d4074.htm\" target=\"_blank\" rel=\"alternate\">Decreto Federal n\u00ba 4.074\/2002<\/a>. Os registros precisam ser feitos no Ibama, no Minist\u00e9rio da Agricultura, Pecu\u00e1ria e Abastecimento (Mapa) e na Ag\u00eancia Nacional de Vigil\u00e2ncia Sanit\u00e1ria (Anvisa).<\/p>\n<p>A extensa fronteira seca com o Paraguai de quase 800 km no estado de Mato Grasso do Sul facilita a entrada de agrot\u00f3xicos contrabandeados e falsificados, que causam graves danos \u00e0 sa\u00fade p\u00fablica, ao meio ambiente e \u00e0 cadeia de produ\u00e7\u00e3o e comercializa\u00e7\u00e3o de agrot\u00f3xicos no pa\u00eds.<\/p>\n<p>O Ibama tem intensificado as a\u00e7\u00f5es de fiscaliza\u00e7\u00e3o em toda a regi\u00e3o de fronteira com o objetivo de combater o contrabando, a produ\u00e7\u00e3o e o uso ilegal de agrot\u00f3xicos, aplicando as san\u00e7\u00f5es previstas no\u00a0<a href=\"http:\/\/www.planalto.gov.br\/ccivil_03\/_ato2007-2010\/2008\/decreto\/d6514.htm\" target=\"_blank\" rel=\"alternate\">Decreto Federal n\u00ba 6.514\/2008<\/a> e na\u00a0<a href=\"http:\/\/www.planalto.gov.br\/ccivil_03\/leis\/L9605.htm\" target=\"_blank\" rel=\"alternate\">Lei de Crimes Ambientais (n\u00ba 9.605\/1998)<\/a>.<\/p>\n","protected":false},"excerpt":{"rendered":"<p>Inseticidas e herbicidas sem classifica\u00e7\u00e3o do n\u00edvel toxicol\u00f3gico e do grau de periculosidade ambiental Opera\u00e7\u00e3o<\/p>\n","protected":false},"author":7,"featured_media":58957,"comment_status":"open","ping_status":"open","sticky":false,"template":"","format":"standard","meta":[],"categories":[],"tags":[],"uagb_featured_image_src":{"full":["https:\/\/espacoecologico.com.br\/arquivo\/wp-content\/uploads\/2017\/01\/agrotoxico.jpg",415,265,false],"thumbnail":["https:\/\/espacoecologico.com.br\/arquivo\/wp-content\/uploads\/2017\/01\/agrotoxico-150x150.jpg",150,150,true],"medium":["https:\/\/espacoecologico.com.br\/arquivo\/wp-content\/uploads\/2017\/01\/agrotoxico-300x192.jpg",300,192,true],"medium_large":["https:\/\/espacoecologico.com.br\/arquivo\/wp-content\/uploads\/2017\/01\/agrotoxico.jpg",415,265,false],"large":["https:\/\/espacoecologico.com.br\/arquivo\/wp-content\/uploads\/2017\/01\/agrotoxico.jpg",415,265,false],"1536x1536":["https:\/\/espacoecologico.com.br\/arquivo\/wp-content\/uploads\/2017\/01\/agrotoxico.jpg",415,265,false],"2048x2048":["https:\/\/espacoecologico.com.br\/arquivo\/wp-content\/uploads\/2017\/01\/agrotoxico.jpg",415,265,false],"cream-magazine-thumbnail-2":["https:\/\/espacoecologico.com.br\/arquivo\/wp-content\/uploads\/2017\/01\/agrotoxico.jpg",415,265,false],"cream-magazine-thumbnail-3":["https:\/\/espacoecologico.com.br\/arquivo\/wp-content\/uploads\/2017\/01\/agrotoxico.jpg",415,265,false],"cream-magazine-thumbnail-4":["https:\/\/espacoecologico.com.br\/arquivo\/wp-content\/uploads\/2017\/01\/agrotoxico.jpg",415,265,false]},"uagb_author_info":{"display_name":"","author_link":"https:\/\/espacoecologico.com.br\/arquivo\/author\/"},"uagb_comment_info":0,"uagb_excerpt":"Inseticidas e herbicidas sem classifica\u00e7\u00e3o do n\u00edvel toxicol\u00f3gico e do grau de periculosidade ambiental Opera\u00e7\u00e3o","_links":{"self":[{"href":"https:\/\/espacoecologico.com.br\/arquivo\/wp-json\/wp\/v2\/posts\/58956"}],"collection":[{"href":"https:\/\/espacoecologico.com.br\/arquivo\/wp-json\/wp\/v2\/posts"}],"about":[{"href":"https:\/\/espacoecologico.com.br\/arquivo\/wp-json\/wp\/v2\/types\/post"}],"author":[{"embeddable":true,"href":"https:\/\/espacoecologico.com.br\/arquivo\/wp-json\/wp\/v2\/users\/7"}],"replies":[{"embeddable":true,"href":"https:\/\/espacoecologico.com.br\/arquivo\/wp-json\/wp\/v2\/comments?post=58956"}],"version-history":[{"count":0,"href":"https:\/\/espacoecologico.com.br\/arquivo\/wp-json\/wp\/v2\/posts\/58956\/revisions"}],"wp:featuredmedia":[{"embeddable":true,"href":"https:\/\/espacoecologico.com.br\/arquivo\/wp-json\/wp\/v2\/media\/58957"}],"wp:attachment":[{"href":"https:\/\/espacoecologico.com.br\/arquivo\/wp-json\/wp\/v2\/media?parent=58956"}],"wp:term":[{"taxonomy":"category","embeddable":true,"href":"https:\/\/espacoecologico.com.br\/arquivo\/wp-json\/wp\/v2\/categories?post=58956"},{"taxonomy":"post_tag","embeddable":true,"href":"https:\/\/espacoecologico.com.br\/arquivo\/wp-json\/wp\/v2\/tags?post=58956"}],"curies":[{"name":"wp","href":"https:\/\/api.w.org\/{rel}","templated":true}]}}