{"id":58951,"date":"2017-01-31T14:00:29","date_gmt":"2017-01-31T17:00:29","guid":{"rendered":"https:\/\/espacoecologico.com.br\/arquivo\/?p=58951"},"modified":"2017-01-30T21:32:44","modified_gmt":"2017-01-31T00:32:44","slug":"via-lactea-se-move-ao-ser-empurrada-e-puxada-ao-mesmo-tempo","status":"publish","type":"post","link":"https:\/\/espacoecologico.com.br\/arquivo\/via-lactea-se-move-ao-ser-empurrada-e-puxada-ao-mesmo-tempo\/","title":{"rendered":"Via L\u00e1ctea se move ao ser empurrada e puxada ao mesmo tempo"},"content":{"rendered":"<p><a href=\"https:\/\/espacoecologico.com.br\/arquivo\/?attachment_id=58952\" rel=\"attachment wp-att-58952\"><img loading=\"lazy\" class=\"alignleft size-medium wp-image-58952\" src=\"https:\/\/espacoecologico.com.br\/arquivo\/wp-content\/uploads\/2017\/01\/vialactea-1-300x192.jpg\" alt=\"\" width=\"300\" height=\"192\" srcset=\"https:\/\/espacoecologico.com.br\/arquivo\/wp-content\/uploads\/2017\/01\/vialactea-1-300x192.jpg 300w, https:\/\/espacoecologico.com.br\/arquivo\/wp-content\/uploads\/2017\/01\/vialactea-1.jpg 415w\" sizes=\"(max-width: 300px) 100vw, 300px\" \/><\/a>Nossa gal\u00e1xia se desloca a uma velocidade de mais de dois milh\u00f5es de km\/h, e um dos respons\u00e1veis por esse movimento seria um imenso vazio no espa\u00e7o profundo que a \u201cempurra\u201d \u2013 revela um <strong><a href=\"http:\/\/exame.abril.com.br\/noticias-sobre\/pesquisas-cientificas\/\">estudo<\/a><\/strong> publicado na segunda-feira (30) na revista Nature Astronomy.<\/p>\n<p>Embora n\u00e3o percebamos, a Terra gira sobre seu eixo a 1.600 km\/h, e em volta do Sol a 100.000 km\/h. O astro orbita o centro da Via L\u00e1ctea a 850.000 km\/h. E nossa gal\u00e1xia navega a quase 2,3 milh\u00f5es de km\/h, ou seja, 630 km por segundo.<\/p>\n<p>H\u00e1 40 anos, os astrof\u00edsicos tentam compreender o que causa o deslocamento da Via L\u00e1ctea e sua dire\u00e7\u00e3o.<\/p>\n<p>Nos anos 1980, os astr\u00f4nomos descobriram que uma regi\u00e3o de aglomerados de gal\u00e1xias situada a cerca de 150 milh\u00f5es de anos-luz da Terra atra\u00eda a Via L\u00e1ctea sob o efeito da gravidade.<\/p>\n<p>Posteriormente, perceberam que um grupo de mais de duas d\u00fazias de gal\u00e1xias chamado Concentra\u00e7\u00e3o Shapley, situado a 600 milh\u00f5es de anos-luz, exercia o mesmo efeito.<\/p>\n<p>Ambos os fen\u00f4menos eram insuficientes, por\u00e9m, para explicar o movimento da Via L\u00e1ctea.<\/p>\n<p>O novo estudo revela o papel de um \u201cvazio\u201d extragal\u00e1ctico, quase totalmente desprovido de mat\u00e9ria vis\u00edvel e invis\u00edvel.<\/p>\n<p>\u201cSe voc\u00ea cria um v\u00e1cuo em uma regi\u00e3o do universo, os elementos que se encontram na periferia se afastar\u00e3o, porque eles v\u00e3o ser atra\u00eddos por outras regi\u00f5es sob o efeito da gravidade\u201d, explicou \u00e0 AFP o engenheiro franc\u00eas Daniel Pomarede, integrante da equipe internacional de astrof\u00edsicos que fez o estudo, dirigida por Yehuda Hoffman, da Universidade Hebraica de Jerusal\u00e9m.<\/p>\n<p>\u201cCartografamos em 3D o fluxo das gal\u00e1xias atrav\u00e9s do espa\u00e7o e descobrimos que a Via L\u00e1ctea estava se afastando a grande velocidade de uma vasta regi\u00e3o muito pouco densa, at\u00e9 ent\u00e3o n\u00e3o identificada\u201d, que foi chamada de Dipole Repeller, relatou Hoffman.<\/p>\n<p>\u201cAl\u00e9m de ser puxada em dire\u00e7\u00e3o \u00e0 conhecida Concentra\u00e7\u00e3o Shapley, a Via L\u00e1ctea tamb\u00e9m est\u00e1 sendo empurrada para longe do rec\u00e9m-descoberto Dipole Repeller\u201d, acrescentou.<\/p>\n","protected":false},"excerpt":{"rendered":"<p>Nossa gal\u00e1xia se desloca a uma velocidade de mais de dois milh\u00f5es de km\/h, e<\/p>\n","protected":false},"author":7,"featured_media":58952,"comment_status":"open","ping_status":"open","sticky":false,"template":"","format":"standard","meta":[],"categories":[],"tags":[],"uagb_featured_image_src":{"full":["https:\/\/espacoecologico.com.br\/arquivo\/wp-content\/uploads\/2017\/01\/vialactea-1.jpg",415,265,false],"thumbnail":["https:\/\/espacoecologico.com.br\/arquivo\/wp-content\/uploads\/2017\/01\/vialactea-1-150x150.jpg",150,150,true],"medium":["https:\/\/espacoecologico.com.br\/arquivo\/wp-content\/uploads\/2017\/01\/vialactea-1-300x192.jpg",300,192,true],"medium_large":["https:\/\/espacoecologico.com.br\/arquivo\/wp-content\/uploads\/2017\/01\/vialactea-1.jpg",415,265,false],"large":["https:\/\/espacoecologico.com.br\/arquivo\/wp-content\/uploads\/2017\/01\/vialactea-1.jpg",415,265,false],"1536x1536":["https:\/\/espacoecologico.com.br\/arquivo\/wp-content\/uploads\/2017\/01\/vialactea-1.jpg",415,265,false],"2048x2048":["https:\/\/espacoecologico.com.br\/arquivo\/wp-content\/uploads\/2017\/01\/vialactea-1.jpg",415,265,false],"cream-magazine-thumbnail-2":["https:\/\/espacoecologico.com.br\/arquivo\/wp-content\/uploads\/2017\/01\/vialactea-1.jpg",415,265,false],"cream-magazine-thumbnail-3":["https:\/\/espacoecologico.com.br\/arquivo\/wp-content\/uploads\/2017\/01\/vialactea-1.jpg",415,265,false],"cream-magazine-thumbnail-4":["https:\/\/espacoecologico.com.br\/arquivo\/wp-content\/uploads\/2017\/01\/vialactea-1.jpg",415,265,false]},"uagb_author_info":{"display_name":"","author_link":"https:\/\/espacoecologico.com.br\/arquivo\/author\/"},"uagb_comment_info":0,"uagb_excerpt":"Nossa gal\u00e1xia se desloca a uma velocidade de mais de dois milh\u00f5es de km\/h, e","_links":{"self":[{"href":"https:\/\/espacoecologico.com.br\/arquivo\/wp-json\/wp\/v2\/posts\/58951"}],"collection":[{"href":"https:\/\/espacoecologico.com.br\/arquivo\/wp-json\/wp\/v2\/posts"}],"about":[{"href":"https:\/\/espacoecologico.com.br\/arquivo\/wp-json\/wp\/v2\/types\/post"}],"author":[{"embeddable":true,"href":"https:\/\/espacoecologico.com.br\/arquivo\/wp-json\/wp\/v2\/users\/7"}],"replies":[{"embeddable":true,"href":"https:\/\/espacoecologico.com.br\/arquivo\/wp-json\/wp\/v2\/comments?post=58951"}],"version-history":[{"count":0,"href":"https:\/\/espacoecologico.com.br\/arquivo\/wp-json\/wp\/v2\/posts\/58951\/revisions"}],"wp:featuredmedia":[{"embeddable":true,"href":"https:\/\/espacoecologico.com.br\/arquivo\/wp-json\/wp\/v2\/media\/58952"}],"wp:attachment":[{"href":"https:\/\/espacoecologico.com.br\/arquivo\/wp-json\/wp\/v2\/media?parent=58951"}],"wp:term":[{"taxonomy":"category","embeddable":true,"href":"https:\/\/espacoecologico.com.br\/arquivo\/wp-json\/wp\/v2\/categories?post=58951"},{"taxonomy":"post_tag","embeddable":true,"href":"https:\/\/espacoecologico.com.br\/arquivo\/wp-json\/wp\/v2\/tags?post=58951"}],"curies":[{"name":"wp","href":"https:\/\/api.w.org\/{rel}","templated":true}]}}