{"id":58946,"date":"2017-01-31T13:30:29","date_gmt":"2017-01-31T16:30:29","guid":{"rendered":"https:\/\/espacoecologico.com.br\/arquivo\/?p=58946"},"modified":"2017-01-30T21:29:01","modified_gmt":"2017-01-31T00:29:01","slug":"manchester-vai-plantar-3-milhoes-de-arvores-para-mudar-passado-industrial","status":"publish","type":"post","link":"https:\/\/espacoecologico.com.br\/arquivo\/manchester-vai-plantar-3-milhoes-de-arvores-para-mudar-passado-industrial\/","title":{"rendered":"Manchester vai plantar 3 milh\u00f5es de \u00e1rvores para mudar passado industrial"},"content":{"rendered":"<p><a href=\"https:\/\/espacoecologico.com.br\/arquivo\/?attachment_id=58947\" rel=\"attachment wp-att-58947\"><img loading=\"lazy\" class=\"alignleft size-medium wp-image-58947\" src=\"https:\/\/espacoecologico.com.br\/arquivo\/wp-content\/uploads\/2017\/01\/mancheste-300x192.jpg\" alt=\"\" width=\"300\" height=\"192\" srcset=\"https:\/\/espacoecologico.com.br\/arquivo\/wp-content\/uploads\/2017\/01\/mancheste-300x192.jpg 300w, https:\/\/espacoecologico.com.br\/arquivo\/wp-content\/uploads\/2017\/01\/mancheste.jpg 415w\" sizes=\"(max-width: 300px) 100vw, 300px\" \/><\/a>A cidade de Manchester n\u00e3o \u00e9 conhecida no mundo por suas \u00e1reas verdes, que ali\u00e1s est\u00e3o em falta na cidade. Ao longo dos \u00faltimos s\u00e9culos, o munic\u00edpio brit\u00e2nico ficou mais conhecido por sua import\u00e2ncia industrial e depois pelo desenvolvimento cient\u00edfico e cultural. Mas, este passado est\u00e1 muito perto de ganhar novos tons de verde.<\/p>\n<p>Um programa de arboriza\u00e7\u00e3o urbana anunciado pelas autoridades locais inclui o plantio de tr\u00eas milh\u00f5es de novas \u00e1rvores em Manchester ao longo dos pr\u00f3ximos 25 anos. Para se ter uma ideia do tamanho deste projeto, h\u00e1 alguns anos Nova York iniciou um projeto parecido, mas com o intuito de plantar um milh\u00e3o de \u00e1rvores em dez anos (veja os detalhes de NY <a href=\"http:\/\/ciclovivo.com.br\/noticia\/nova-york-tem-1-milhao-de-novas-arvores\/\" target=\"_blank\"><strong>aqui<\/strong><\/a>). Os brit\u00e2nicos querem triplicar este montante.<\/p>\n<p>O plano foi chamado de \u201cManchester, cidade das \u00e1rvores\u201d e a ideia \u00e9 plantar, pelo menos, uma \u00e1rvore por cada habitante da cidade, al\u00e9m de recuperar \u00e1reas verdes degradadas ou simplesmente abandonadas, que somam, atualmente, mais de dois mil hectares.<\/p>\n<p>Para apresentar o projeto um plantio de quase cem mil \u00e1rvores j\u00e1 foi realizado, incluindo esp\u00e9cies frut\u00edferas e \u201curbanas\u201d. Em entrevista \u00e0 BBC, o diretor do programa, Tony Hothershall, explicou que, mais do que plantar os tr\u00eas milh\u00f5es de novas \u00e1rvores, a prefeitura pretende focar esfor\u00e7os em \u00e1reas que j\u00e1 existem, mas n\u00e3o est\u00e3o bem cuidadas.<\/p>\n<p>Outro ponto importante da iniciativa \u00e9 a conscientiza\u00e7\u00e3o da popula\u00e7\u00e3o. \u201cQueremos envolver as pessoas muito mais em seu ambiente natural, com o plantio de \u00e1rvores, com a gest\u00e3o das \u00e1reas verdes e compreendendo os benef\u00edcios que as \u00e1rvores e florestas podem trazer \u00e0 sociedade\u201d, disse Hothershall.<\/p>\n","protected":false},"excerpt":{"rendered":"<p>A cidade de Manchester n\u00e3o \u00e9 conhecida no mundo por suas \u00e1reas verdes, que ali\u00e1s<\/p>\n","protected":false},"author":7,"featured_media":58947,"comment_status":"open","ping_status":"open","sticky":false,"template":"","format":"standard","meta":[],"categories":[],"tags":[],"uagb_featured_image_src":{"full":["https:\/\/espacoecologico.com.br\/arquivo\/wp-content\/uploads\/2017\/01\/mancheste.jpg",415,265,false],"thumbnail":["https:\/\/espacoecologico.com.br\/arquivo\/wp-content\/uploads\/2017\/01\/mancheste-150x150.jpg",150,150,true],"medium":["https:\/\/espacoecologico.com.br\/arquivo\/wp-content\/uploads\/2017\/01\/mancheste-300x192.jpg",300,192,true],"medium_large":["https:\/\/espacoecologico.com.br\/arquivo\/wp-content\/uploads\/2017\/01\/mancheste.jpg",415,265,false],"large":["https:\/\/espacoecologico.com.br\/arquivo\/wp-content\/uploads\/2017\/01\/mancheste.jpg",415,265,false],"1536x1536":["https:\/\/espacoecologico.com.br\/arquivo\/wp-content\/uploads\/2017\/01\/mancheste.jpg",415,265,false],"2048x2048":["https:\/\/espacoecologico.com.br\/arquivo\/wp-content\/uploads\/2017\/01\/mancheste.jpg",415,265,false],"cream-magazine-thumbnail-2":["https:\/\/espacoecologico.com.br\/arquivo\/wp-content\/uploads\/2017\/01\/mancheste.jpg",415,265,false],"cream-magazine-thumbnail-3":["https:\/\/espacoecologico.com.br\/arquivo\/wp-content\/uploads\/2017\/01\/mancheste.jpg",415,265,false],"cream-magazine-thumbnail-4":["https:\/\/espacoecologico.com.br\/arquivo\/wp-content\/uploads\/2017\/01\/mancheste.jpg",415,265,false]},"uagb_author_info":{"display_name":"","author_link":"https:\/\/espacoecologico.com.br\/arquivo\/author\/"},"uagb_comment_info":0,"uagb_excerpt":"A cidade de Manchester n\u00e3o \u00e9 conhecida no mundo por suas \u00e1reas verdes, que ali\u00e1s","_links":{"self":[{"href":"https:\/\/espacoecologico.com.br\/arquivo\/wp-json\/wp\/v2\/posts\/58946"}],"collection":[{"href":"https:\/\/espacoecologico.com.br\/arquivo\/wp-json\/wp\/v2\/posts"}],"about":[{"href":"https:\/\/espacoecologico.com.br\/arquivo\/wp-json\/wp\/v2\/types\/post"}],"author":[{"embeddable":true,"href":"https:\/\/espacoecologico.com.br\/arquivo\/wp-json\/wp\/v2\/users\/7"}],"replies":[{"embeddable":true,"href":"https:\/\/espacoecologico.com.br\/arquivo\/wp-json\/wp\/v2\/comments?post=58946"}],"version-history":[{"count":0,"href":"https:\/\/espacoecologico.com.br\/arquivo\/wp-json\/wp\/v2\/posts\/58946\/revisions"}],"wp:featuredmedia":[{"embeddable":true,"href":"https:\/\/espacoecologico.com.br\/arquivo\/wp-json\/wp\/v2\/media\/58947"}],"wp:attachment":[{"href":"https:\/\/espacoecologico.com.br\/arquivo\/wp-json\/wp\/v2\/media?parent=58946"}],"wp:term":[{"taxonomy":"category","embeddable":true,"href":"https:\/\/espacoecologico.com.br\/arquivo\/wp-json\/wp\/v2\/categories?post=58946"},{"taxonomy":"post_tag","embeddable":true,"href":"https:\/\/espacoecologico.com.br\/arquivo\/wp-json\/wp\/v2\/tags?post=58946"}],"curies":[{"name":"wp","href":"https:\/\/api.w.org\/{rel}","templated":true}]}}