{"id":58936,"date":"2017-01-31T12:30:19","date_gmt":"2017-01-31T15:30:19","guid":{"rendered":"https:\/\/espacoecologico.com.br\/arquivo\/?p=58936"},"modified":"2017-01-30T21:19:41","modified_gmt":"2017-01-31T00:19:41","slug":"programa-alimentar-pode-ser-seguido-por-gestantes-e-criancas","status":"publish","type":"post","link":"https:\/\/espacoecologico.com.br\/arquivo\/programa-alimentar-pode-ser-seguido-por-gestantes-e-criancas\/","title":{"rendered":"Programa alimentar pode ser seguido por gestantes e crian\u00e7as?"},"content":{"rendered":"<p><a href=\"https:\/\/espacoecologico.com.br\/arquivo\/?attachment_id=58937\" rel=\"attachment wp-att-58937\"><img loading=\"lazy\" class=\"alignleft size-medium wp-image-58937\" src=\"https:\/\/espacoecologico.com.br\/arquivo\/wp-content\/uploads\/2017\/01\/super_bacteria-300x192.jpg\" alt=\"\" width=\"300\" height=\"192\" srcset=\"https:\/\/espacoecologico.com.br\/arquivo\/wp-content\/uploads\/2017\/01\/super_bacteria-300x192.jpg 300w, https:\/\/espacoecologico.com.br\/arquivo\/wp-content\/uploads\/2017\/01\/super_bacteria.jpg 415w\" sizes=\"(max-width: 300px) 100vw, 300px\" \/><\/a>Se houvesse um bot\u00e3o \u201creiniciar\u201d em nosso corpo para come\u00e7ar do zero novos <a href=\"http:\/\/revistacrescer.globo.com\/Criancas\/Alimentacao\/noticia\/2016\/10\/pesquisa-revela-maus-habitos-alimentares-na-infancia.html\">h\u00e1bitos alimentares<\/a>, voc\u00ea\u00a0 o pressionaria? \u00c9 mais ou menos esse o efeito do programa <strong>Whole 30<\/strong>, segundo seus criadores, os nutricionistas norte-americanos Melissa e Dallas Hartwig. A dieta, que tem ganhado fama no Brasil, consiste em retirar totalmente da alimenta\u00e7\u00e3o por um per\u00edodo de trinta dias algumas categorias de comidas consideradas ruins para o funcionamento do corpo, como <a href=\"http:\/\/revistacrescer.globo.com\/Criancas\/Saude\/noticia\/2016\/08\/nova-recomendacao-criancas-devem-ingerir-no-maximo-6-colheres-de-cha-de-acucar.html\">a\u00e7\u00facares<\/a>, latic\u00ednios e at\u00e9 alguns gr\u00e3os e leguminosas.<br \/>\nUma r\u00e1pida olhada em grupos de redes sociais que falam sobre o Whole 30 basta para perceber a quantidade de pessoas, entre elas, gr\u00e1vidas e lactantes no p\u00f3s-parto, que recorrem ao plano para tentar perder peso, embora a proposta, de acordo com os Hartwig, n\u00e3o seja essa. \u201cN\u00e3o \u00e9 uma dieta e nem um plano de emagrecimento. Trata-se de uma transforma\u00e7\u00e3o monumental no modo de pensar sobre suas refei\u00e7\u00f5es, seu corpo, sua vida e o que voc\u00ea quer fazer com o tempo que ainda tem neste planeta\u201d, diz o pref\u00e1cio do livro <em>Whole 30 \u2013 30 dias para mudar<\/em> (Editora Sextante, R$ 59,90).<\/p>\n<div id=\"aep-placement-SKlS\" class=\"aep-ads aep-inline\">\n<div id=\"crescer-native\">\n<div class=\"criteo-advertiser\"><\/div>\n<\/div>\n<\/div>\n<div class=\"foto componente_materia midia-largura-620\"><img loading=\"lazy\" class=\"\" title=\"Whole 30 - 30 dias para mudar (Foto: Divulga\u00e7\u00e3o)\" src=\"http:\/\/s2.glbimg.com\/iLjulMehjjjP2IFRNSP4t431mcA=\/620x670\/e.glbimg.com\/og\/ed\/f\/original\/2017\/01\/30\/30_dias_para_mudar_-_whole30_imprensa.jpg\" alt=\"Whole 30 - 30 dias para mudar (Foto: Divulga\u00e7\u00e3o)\" width=\"640\" height=\"692\" \/><label class=\"foto-legenda\">Whole 30 &#8211; 30 dias para mudar (Foto: Divulga\u00e7\u00e3o)<\/label><\/div>\n<div class=\"componente_materia\">\n<div class=\"intertitulo\">Whole 30: como funciona o programa?<\/div>\n<\/div>\n<p>O Whole 30 deve ser seguido apenas por 30 dias. Depois, voc\u00ea fica livre para reinserir, aos poucos, o que foi retirado da dieta, mas de maneira mais consciente, por ter criado uma rela\u00e7\u00e3o menos dependente e menos t\u00f3xica com a comida. Durante esse per\u00edodo, a ideia \u00e9 riscar completamente do card\u00e1pio itens como \u00e1lcool, a\u00e7\u00facar (nem ado\u00e7ante ou outros, como mel, agave, etc), gr\u00e3os e cereais (como milho, centeio, arroz e trigo, por exemplo), leguminosas (que incluem feij\u00f5es de todos os tipos, ervilha, gr\u00e3o de bico, etc), latic\u00ednios (leite de vaca, de cabra, de ovelha e seus derivados), glutamato monoss\u00f3dico ou sulfitos (presentes em muitos alimentos industrializados). Al\u00e9m disso, voc\u00ea tamb\u00e9m n\u00e3o deve fazer vers\u00f5es de produtos <em>junk food <\/em>ou doces com ingredientes aprovados, como brigadeiro de biomassa de banana ou panquecas de bananas com ovos. \u201cSeus desejos e h\u00e1bitos alimentares n\u00e3o v\u00e3o mudar, se voc\u00ea continuar comendo esses alimentos, ainda que sejam preparados com ingredientes aprovados no programa Whole 30\u201d, diz o livro. Tamb\u00e9m n\u00e3o \u00e9 recomendado tirar medidas ou se pesar durante a execu\u00e7\u00e3o do plano.<\/p>\n<div class=\"componente_materia\">\n<div class=\"intertitulo\">Gr\u00e1vidas e crian\u00e7as podem seguir o Whole 30?<\/div>\n<\/div>\n<p>De acordo com os nutricionistas e criadores do programa, n\u00e3o costuma haver nenhum tipo de problema quanto a isso. \u201cSempre recomendamos checar com seu m\u00e9dico antes de come\u00e7ar qualquer dieta ou programa de estilo de vida, mas especialistas que trabalham conosco acreditam que comer alimentos integrais, reais e densos em nutrientes, como recomendamos no Whole 30, \u00e9 uma proposta saud\u00e1vel para todos, incluindo gr\u00e1vidas, lactantes e crian\u00e7as\u201d, diz Melissa Hartwig, em entrevista \u00e0 CRESCER.<\/p>\n<p>Outros profissionais, no entanto, s\u00e3o cautelosos com a ideia. \u201c<a href=\"http:\/\/revistacrescer.globo.com\/Gravidez\/Saude\/noticia\/2015\/11\/alimentacao-na-gravidez-lista-de-alimentos-que-gravidas-precisam-comer.html\">A gravidez \u00e9 um momento de demanda aumentada de todos os nutrientes<\/a>. Mulheres gr\u00e1vidas n\u00e3o podem restringir carboidratos, fibras, latic\u00ednios, calorias&#8230; Algumas restri\u00e7\u00f5es podem impactar no desenvolvimento fetal. Fazer uma mudan\u00e7a t\u00e3o abrupta com a rotina alimentar poderia trazer preju\u00edzos para a sa\u00fade da m\u00e3e e do beb\u00ea\u201d, explica Eveline Duarte, especializada em nutri\u00e7\u00e3o materno-infantil. Para ela, restringir a <a href=\"http:\/\/revistacrescer.globo.com\/Por-Uma-Infancia-Mais-Saudavel\/noticia\/2015\/04\/mae-que-amamenta-por-que-cuidar-da-saude-e-fundamental.html\">dieta tamb\u00e9m durante a amamenta\u00e7\u00e3o<\/a> pode ser perigoso para a m\u00e3e e para o beb\u00ea, j\u00e1 que isso pode interferir na <a href=\"http:\/\/revistacrescer.globo.com\/Por-Uma-Infancia-Mais-Saudavel\/noticia\/2015\/04\/tudo-sobre-producao-do-leite-materno.html\">produ\u00e7\u00e3o de leite<\/a> e na nutri\u00e7\u00e3o materna.<\/p>\n<p>Embora acredite que a ideia geral do programa, de cortar a\u00e7\u00facares, aromatizantes e corantes, apostando mais em alimentos de verdade e menos em industrializados seja uma boa escolha, Evelyn ressalta que \u00e9 preciso ter cuidado tamb\u00e9m quando se trata de aplic\u00e1-los no card\u00e1pio das crian\u00e7as. \u201cO programa adota uma mudan\u00e7a radical de 30 dias com restri\u00e7\u00f5es a alguns legumes, frutas, latic\u00ednios, aveia, milho, que s\u00e3o alimentos nutritivos e ben\u00e9ficos para o desenvolvimento infantil. Crian\u00e7as n\u00e3o podem ter uma diminui\u00e7\u00e3o de calorias acentuada para n\u00e3o interferir nos horm\u00f4nios do <a href=\"http:\/\/revistacrescer.globo.com\/Por-Uma-Infancia-Mais-Saudavel\/noticia\/2015\/06\/crescimento-o-que-e-normal.html\">crescimento<\/a> e sexuais\u201d, aponta.<\/p>\n","protected":false},"excerpt":{"rendered":"<p>Se houvesse um bot\u00e3o \u201creiniciar\u201d em nosso corpo para come\u00e7ar do zero novos h\u00e1bitos alimentares,<\/p>\n","protected":false},"author":7,"featured_media":58937,"comment_status":"open","ping_status":"open","sticky":false,"template":"","format":"standard","meta":[],"categories":[],"tags":[],"uagb_featured_image_src":{"full":["https:\/\/espacoecologico.com.br\/arquivo\/wp-content\/uploads\/2017\/01\/super_bacteria.jpg",415,265,false],"thumbnail":["https:\/\/espacoecologico.com.br\/arquivo\/wp-content\/uploads\/2017\/01\/super_bacteria-150x150.jpg",150,150,true],"medium":["https:\/\/espacoecologico.com.br\/arquivo\/wp-content\/uploads\/2017\/01\/super_bacteria-300x192.jpg",300,192,true],"medium_large":["https:\/\/espacoecologico.com.br\/arquivo\/wp-content\/uploads\/2017\/01\/super_bacteria.jpg",415,265,false],"large":["https:\/\/espacoecologico.com.br\/arquivo\/wp-content\/uploads\/2017\/01\/super_bacteria.jpg",415,265,false],"1536x1536":["https:\/\/espacoecologico.com.br\/arquivo\/wp-content\/uploads\/2017\/01\/super_bacteria.jpg",415,265,false],"2048x2048":["https:\/\/espacoecologico.com.br\/arquivo\/wp-content\/uploads\/2017\/01\/super_bacteria.jpg",415,265,false],"cream-magazine-thumbnail-2":["https:\/\/espacoecologico.com.br\/arquivo\/wp-content\/uploads\/2017\/01\/super_bacteria.jpg",415,265,false],"cream-magazine-thumbnail-3":["https:\/\/espacoecologico.com.br\/arquivo\/wp-content\/uploads\/2017\/01\/super_bacteria.jpg",415,265,false],"cream-magazine-thumbnail-4":["https:\/\/espacoecologico.com.br\/arquivo\/wp-content\/uploads\/2017\/01\/super_bacteria.jpg",415,265,false]},"uagb_author_info":{"display_name":"","author_link":"https:\/\/espacoecologico.com.br\/arquivo\/author\/"},"uagb_comment_info":0,"uagb_excerpt":"Se houvesse um bot\u00e3o \u201creiniciar\u201d em nosso corpo para come\u00e7ar do zero novos h\u00e1bitos alimentares,","_links":{"self":[{"href":"https:\/\/espacoecologico.com.br\/arquivo\/wp-json\/wp\/v2\/posts\/58936"}],"collection":[{"href":"https:\/\/espacoecologico.com.br\/arquivo\/wp-json\/wp\/v2\/posts"}],"about":[{"href":"https:\/\/espacoecologico.com.br\/arquivo\/wp-json\/wp\/v2\/types\/post"}],"author":[{"embeddable":true,"href":"https:\/\/espacoecologico.com.br\/arquivo\/wp-json\/wp\/v2\/users\/7"}],"replies":[{"embeddable":true,"href":"https:\/\/espacoecologico.com.br\/arquivo\/wp-json\/wp\/v2\/comments?post=58936"}],"version-history":[{"count":0,"href":"https:\/\/espacoecologico.com.br\/arquivo\/wp-json\/wp\/v2\/posts\/58936\/revisions"}],"wp:featuredmedia":[{"embeddable":true,"href":"https:\/\/espacoecologico.com.br\/arquivo\/wp-json\/wp\/v2\/media\/58937"}],"wp:attachment":[{"href":"https:\/\/espacoecologico.com.br\/arquivo\/wp-json\/wp\/v2\/media?parent=58936"}],"wp:term":[{"taxonomy":"category","embeddable":true,"href":"https:\/\/espacoecologico.com.br\/arquivo\/wp-json\/wp\/v2\/categories?post=58936"},{"taxonomy":"post_tag","embeddable":true,"href":"https:\/\/espacoecologico.com.br\/arquivo\/wp-json\/wp\/v2\/tags?post=58936"}],"curies":[{"name":"wp","href":"https:\/\/api.w.org\/{rel}","templated":true}]}}