{"id":58929,"date":"2017-01-31T12:00:58","date_gmt":"2017-01-31T15:00:58","guid":{"rendered":"https:\/\/espacoecologico.com.br\/arquivo\/?p=58929"},"modified":"2017-01-30T21:15:53","modified_gmt":"2017-01-31T00:15:53","slug":"o-que-as-criacoes-de-porcos-revelam-sobre-os-antibioticos-e-a-ameaca-das-superbacterias","status":"publish","type":"post","link":"https:\/\/espacoecologico.com.br\/arquivo\/o-que-as-criacoes-de-porcos-revelam-sobre-os-antibioticos-e-a-ameaca-das-superbacterias\/","title":{"rendered":"O que as cria\u00e7\u00f5es de porcos revelam sobre os antibi\u00f3ticos e a amea\u00e7a das superbact\u00e9rias"},"content":{"rendered":"<p class=\"story-body__introduction\"><a href=\"https:\/\/espacoecologico.com.br\/arquivo\/?attachment_id=58930\" rel=\"attachment wp-att-58930\"><img loading=\"lazy\" class=\"alignleft size-medium wp-image-58930\" src=\"https:\/\/espacoecologico.com.br\/arquivo\/wp-content\/uploads\/2017\/01\/suoerbacteria-300x192.jpg\" alt=\"\" width=\"300\" height=\"192\" srcset=\"https:\/\/espacoecologico.com.br\/arquivo\/wp-content\/uploads\/2017\/01\/suoerbacteria-300x192.jpg 300w, https:\/\/espacoecologico.com.br\/arquivo\/wp-content\/uploads\/2017\/01\/suoerbacteria.jpg 415w\" sizes=\"(max-width: 300px) 100vw, 300px\" \/><\/a>Em uma fazenda de porcos em ru\u00ednas perto de Wuxi, na prov\u00edncia chinesa de Jiangsu, um estrangeiro desce de um t\u00e1xi. A fam\u00edlia que mora ali se surpreende: sua pequena propriedade fica no fim de uma estrada acidentada em meio a arrozais. Logo, raramente chegam estrangeiros em t\u00e1xis pedindo licen\u00e7a para usar o banheiro.<\/p>\n<p>O estrangeiro era o ativista ingl\u00eas Philip Lymbery, diretor da organiza\u00e7\u00e3o n\u00e3o governamental Compassion in World Farming (Compaix\u00e3o na Produ\u00e7\u00e3o Pecu\u00e1ria Mundial, em ingl\u00eas).<\/p>\n<p>Ele n\u00e3o tinha ido at\u00e9 l\u00e1 para critic\u00e1-los por causa das condi\u00e7\u00f5es em que vivem seus porcos &#8211; embora elas fossem deprimentes -, mas para investigar a contamina\u00e7\u00e3o das \u00e1guas de Jiangsu.<\/p>\n<p>Os animais est\u00e3o apertados em jaulas, sem espa\u00e7o para se movimentar. E as condi\u00e7\u00f5es de vida da fam\u00edlia n\u00e3o s\u00e3o muito melhores: o banheiro, descobre o visitante, \u00e9 um buraco no ch\u00e3o, entre a casa e o chiqueiro.<\/p>\n<figure class=\"media-landscape has-caption full-width\"><\/figure>\n<figure class=\"media-landscape has-caption full-width\"><span class=\"image-and-copyright-container\">\u00a0 <span class=\"story-image-copyright\"><img loading=\"lazy\" class=\"responsive-image__img js-image-replace\" src=\"http:\/\/ichef.bbci.co.uk\/news\/624\/cpsprodpb\/13926\/production\/_93866108_gettyimages-450693179.jpg\" alt=\"Porcos enjaulados\" width=\"640\" height=\"360\" data-highest-encountered-width=\"624\" \/><\/span><\/span><figcaption class=\"media-caption\"><span class=\"off-screen\">Image caption<\/span> <span class=\"media-caption__text\"> Em muitos lugares, porcos vivem em jaulas sujas e apertadas e recebem muitos antibi\u00f3ticos <\/span><\/figcaption><\/figure>\n<h2 class=\"story-body__crosshead\">Um monte de seringas<\/h2>\n<p>Lymbery est\u00e1 na regi\u00e3o para investigar se as fezes dos porcos est\u00e3o contaminando a \u00e1gua.<\/p>\n<p>Ele tentou visitar grandes fazendas comerciais na vizinhan\u00e7a, mas n\u00e3o foi recebido. Por isso, foi a uma fazenda familiar em busca de acesso.<\/p>\n<p>A fazendeira aceita conversar com ele. Confirma que joga os detritos no rio e saber que n\u00e3o deveria fazer isso, mas revela que n\u00e3o enfrenta problemas, pois basta subornar um funcion\u00e1rio local.<\/p>\n<figure class=\"media-portrait has-caption full-width\"><\/figure>\n<figure class=\"media-portrait has-caption full-width\"><span class=\"image-and-copyright-container\">\u00a0 <span class=\"story-image-copyright\"><img loading=\"lazy\" class=\"responsive-image__img js-image-replace\" src=\"http:\/\/ichef-1.bbci.co.uk\/news\/624\/cpsprodpb\/048E\/production\/_93866110_thinkstockphotos-488504611.jpg\" alt=\"Porquinho com comprimidos\" width=\"639\" height=\"741\" data-highest-encountered-width=\"624\" \/><\/span><\/span><figcaption class=\"media-caption\"><span class=\"off-screen\">Image caption<\/span> <span class=\"media-caption__text\"> Uso indiscriminado de subst\u00e2ncias est\u00e1 diretamente relacionado \u00e0 busca do lucro r\u00e1pido, segundo os analistas <\/span><\/figcaption><\/figure>\n<p>Uma coisa chama a aten\u00e7\u00e3o de Lymbery: uma pilha de seringas.<\/p>\n<p>S\u00e3o antibi\u00f3ticos. Foram receitados por um veterin\u00e1rio?<\/p>\n<p>N\u00e3o, explica a fazendeira, n\u00e3o \u00e9 preciso receita para compr\u00e1-los.<\/p>\n<p>Al\u00e9m disso, os veterin\u00e1rios cobram muito caro e os antibi\u00f3ticos custam barato. Por isso, ela d\u00e1 inje\u00e7\u00f5es frequentes nos porcos para evitar as doen\u00e7as e n\u00e3o ter que chamar os profissionais.<\/p>\n<p>Ela n\u00e3o \u00e9 a \u00fanica a fazer isso. As condi\u00e7\u00f5es das fazendas de cria\u00e7\u00e3o intensiva &#8211; apertadas e imundas &#8211; s\u00e3o um caldo de cultura de doen\u00e7as, que pequenas doses frequentes de antibi\u00f3tico podem ajudar a controlar.<\/p>\n<p>E os antibi\u00f3ticos engordam os animais.<\/p>\n<p>Os cientistas est\u00e3o estudando os micr\u00f3bios dos intestinos deles para entender o porqu\u00ea, mas os fazendeiros n\u00e3o precisam de uma raz\u00e3o: sabem que v\u00e3o ganhar mais dinheiro se seus animais forem mais gordos.<\/p>\n<figure class=\"media-landscape has-caption full-width\"><\/figure>\n<figure class=\"media-landscape has-caption full-width\"><span class=\"image-and-copyright-container\">\u00a0 <span class=\"story-image-copyright\"><img loading=\"lazy\" class=\"responsive-image__img js-image-replace\" src=\"http:\/\/ichef.bbci.co.uk\/news\/624\/cpsprodpb\/17164\/production\/_93846549_thinkstockphotos-451070633.jpg\" alt=\"Armadilha com rem\u00e9dios\" width=\"640\" height=\"360\" data-highest-encountered-width=\"624\" \/><\/span><\/span><figcaption class=\"media-caption\"><span class=\"off-screen\">Image caption<\/span> <span class=\"media-caption__text\"> Os homens sofrem as consequ\u00eancias de armadilhas que eles mesmos criaram aos desenvolverem os antibi\u00f3ticos <\/span><\/figcaption><\/figure>\n<p>N\u00e3o \u00e9 de se estranhar ent\u00e3o que mais animais saud\u00e1veis do que doentes recebam inje\u00e7\u00f5es de antibi\u00f3ticos em todo o mundo.<\/p>\n<p>Os analistas calculam que nas grandes economias emergentes, onde o consumo de carne est\u00e1 crescendo com o aumento dos sal\u00e1rios, o uso de antibi\u00f3ticos na agricultura deve dobrar em 20 anos.<\/p>\n<h2 class=\"story-body__crosshead\">Bact\u00e9rias resistentes<\/h2>\n<p>O uso generalizado de antibi\u00f3ticos desnecess\u00e1rios n\u00e3o se limita \u00e0 agricultura.<\/p>\n<p>Muitos m\u00e9dicos s\u00e3o respons\u00e1veis por isso tamb\u00e9m e deveriam estar conscientes dos danos que causam, assim como os \u00f3rg\u00e3os reguladores que permitem que antibi\u00f3ticos sejam comprados sem receita.<\/p>\n<p>Mas as bact\u00e9rias n\u00e3o se importam com culpa. Elas est\u00e3o mais ocupadas desenvolvendo resist\u00eancia \u00e0s drogas, enquanto os especialistas em sa\u00fade p\u00fablica temem que estejamos \u00e0 beira de uma era p\u00f3s-antibi\u00f3tica.<\/p>\n<figure class=\"media-landscape has-caption full-width\"><\/figure>\n<figure class=\"media-landscape has-caption full-width\"><span class=\"image-and-copyright-container\">\u00a0 <span class=\"story-image-copyright\"><img loading=\"lazy\" class=\"responsive-image__img js-image-replace\" src=\"http:\/\/ichef-1.bbci.co.uk\/news\/624\/cpsprodpb\/12344\/production\/_93846547_thinkstockphotos-479874380.jpg\" alt=\"Superbact\u00e9ria\" width=\"640\" height=\"360\" data-highest-encountered-width=\"624\" \/><\/span><\/span><figcaption class=\"media-caption\"><span class=\"off-screen\">Image caption<\/span> <span class=\"media-caption__text\"> As bact\u00e9rias criam resist\u00eancia aos antibi\u00f3ticos <\/span><\/figcaption><\/figure>\n<p>Um estudo recente calculou que at\u00e9 o ano 2050 os organismos resistentes \u00e0s medica\u00e7\u00f5es v\u00e3o matar 10 milh\u00f5es de pessoas por ano &#8211; mais que o n\u00famero atual de v\u00edtimas anuais de c\u00e2ncer.<\/p>\n<p>\u00c9 dif\u00edcil calcular o custo dos antibi\u00f3ticos que se tornam in\u00fateis, mas o estudo fez uma conta e chegou a US$ 100 bilh\u00f5es (R$ 314 bilh\u00f5es).<\/p>\n<p>Diante dessas informa\u00e7\u00f5es, poder\u00edamos imaginar que estamos fazendo o poss\u00edvel para evitar que os antibi\u00f3ticos percam o poder de salvar vidas.<\/p>\n<p>Mas infelizmente n\u00e3o \u00e9 o que vem acontecendo.<\/p>\n<h2 class=\"story-body__crosshead\">Os perigos do ego\u00edsmo<\/h2>\n<p>Em 1945, enquanto a penicilina &#8211; o primeiro antibi\u00f3tico produzido em massa &#8211; sa\u00eda em grandes quantidades dos laborat\u00f3rios farmac\u00eauticos, seu descobridor, Alexander Fleming, fazia uma advert\u00eancia.<\/p>\n<p>Na cerim\u00f4nia em que recebeu o Pr\u00eamio Nobel de Medicina &#8211; dividido com Ernst Boris Chain e Howard Walter Florey -, o cientista escoc\u00eas disse temer que uma &#8220;pessoa ignorante&#8221; usasse doses muito pequenas da droga para come\u00e7ar a criar bact\u00e9rias resistentes aos medicamentos.<\/p>\n<p>Mas o problema n\u00e3o foi a ignor\u00e2ncia: desde o come\u00e7o sab\u00edamos dos riscos e os ignoramos por interesse pr\u00f3prio.<\/p>\n<figure class=\"media-landscape has-caption full-width\"><\/figure>\n<figure class=\"media-landscape has-caption full-width\"><span class=\"image-and-copyright-container\">\u00a0 <span class=\"story-image-copyright\"><img loading=\"lazy\" class=\"responsive-image__img js-image-replace\" src=\"http:\/\/ichef.bbci.co.uk\/news\/624\/cpsprodpb\/1835C\/production\/_93846199_thinkstockphotos-116027227.jpg\" alt=\"X\u00edcara com comprimidos\" width=\"640\" height=\"360\" data-highest-encountered-width=\"624\" \/><\/span><\/span><figcaption class=\"media-caption\"><span class=\"off-screen\">Image caption<\/span> <span class=\"media-caption__text\"> Exagero no uso de antibi\u00f3ticos \u00e9 uma maneira de criar bact\u00e9rias resistentes <\/span><\/figcaption><\/figure>\n<p>Vamos imaginar que estamos doentes. Talvez o mal seja um v\u00edrus, o que significa que \u00e9 in\u00fatil tomar antibi\u00f3ticos. E mesmo se a causa \u00e9 uma bact\u00e9ria, \u00e9 prov\u00e1vel que se possa melhorar sem ajuda.<\/p>\n<p>Mas se h\u00e1 alguma possibilidade de acelerar a recupera\u00e7\u00e3o, isso nos incentiva a tom\u00e1-los.<\/p>\n<p>Vamos supor ent\u00e3o que tenhamos uma fazenda de porcos. Dar pequenas doses de antibi\u00f3ticos rotineiramente aos animais \u00e9 a forma perfeita de cultivar bact\u00e9rias resistentes, as superbact\u00e9rias.<\/p>\n<p>Mas isso n\u00e3o \u00e9 problema nosso: o \u00fanico interesse \u00e9 ganhar mais dinheiro.<\/p>\n<p>Este \u00e9 um exemplo cl\u00e1ssico do que se conhece como &#8220;trag\u00e9dia dos comuns&#8221;, uma situa\u00e7\u00e3o em que indiv\u00edduos motivados pelo interesse pessoal agem racionalmente, mas acabam provocando um desastre coletivo que esgota algum recurso comum.<\/p>\n<p>O conceito foi popularizado pelo ecologista Garrett Hardin no ensaio<i> The Tragedy of the Commons<\/i> (<i>A Trag\u00e9dia dos Comuns<\/i>, em ingl\u00eas), publicado em 1968 na revista <i>Science<\/i>.<\/p>\n<figure class=\"media-landscape has-caption full-width\"><\/figure>\n<figure class=\"media-landscape has-caption full-width\"><span class=\"image-and-copyright-container\">\u00a0 <span class=\"story-image-copyright\"><img loading=\"lazy\" class=\"responsive-image__img js-image-replace\" src=\"http:\/\/ichef-1.bbci.co.uk\/news\/624\/cpsprodpb\/2818\/production\/_93846201_thinkstockphotos-148577548.jpg\" alt=\"C\u00e1psula com mundinhos\" width=\"640\" height=\"360\" data-highest-encountered-width=\"624\" \/><\/span><\/span><figcaption class=\"media-caption\"><span class=\"off-screen\">Image caption<\/span> <span class=\"media-caption__text\"> Equa\u00e7\u00e3o entre cria\u00e7\u00e3o de rem\u00e9dios e lucros da ind\u00fastria farmac\u00eautica \u00e9 complicada <\/span><\/figcaption><\/figure>\n<p>At\u00e9 a d\u00e9cada de 1970, os cientistas continuaram descobrindo novos antibi\u00f3ticos. Quando uma bact\u00e9ria desenvolvia resist\u00eancia a um deles, podia-se introduzir outro.<\/p>\n<p>Essa fonte se esgotou. Mas ainda \u00e9 poss\u00edvel que sejam criados novos medicamentos &#8211; investigadores est\u00e3o explorando uma t\u00e9cnica promissora para encontrar componentes antimicrobianos na terra.<\/p>\n<p>Mais uma vez, tudo depende de interesses. O mundo precisa de novos antibi\u00f3ticos, que sejam guardados e usados nas piores emerg\u00eancias.<\/p>\n<p>Mas um produto que n\u00e3o \u00e9 usado n\u00e3o vai produzir as quantias de dinheiro que a ind\u00fastria farmac\u00eautica est\u00e1 acostumada a faturar.<\/p>\n<h2 class=\"story-body__crosshead\">Exemplo da Dinamarca<\/h2>\n<p>\u00c9 preciso descobrir incentivos para que se continue a fazer mais pesquisas. E tamb\u00e9m repensar de forma mais inteligente os sistemas de regula\u00e7\u00e3o.<\/p>\n<p>Neste sentido, a Dinamarca mostrou o caminho: seu bacon \u00e9 mundialmente famoso e o uso de antibi\u00f3ticos nos porcos \u00e9 severamente controlado no pa\u00eds.<\/p>\n<figure class=\"media-landscape has-caption full-width\"><\/figure>\n<figure class=\"media-landscape has-caption full-width\"><span class=\"image-and-copyright-container\">\u00a0 <span class=\"story-image-copyright\"><img loading=\"lazy\" class=\"responsive-image__img js-image-replace\" src=\"http:\/\/ichef.bbci.co.uk\/news\/624\/cpsprodpb\/7638\/production\/_93846203_beef-241012_1280.jpg\" alt=\"bacon\" width=\"638\" height=\"359\" data-highest-encountered-width=\"624\" \/><\/span><\/span><figcaption class=\"media-caption\"><span class=\"off-screen\">Image caption<\/span> <span class=\"media-caption__text\"> Bacon da Dinamarca \u00e9 mundialmente famoso &#8211; e n\u00e3o cont\u00e9m antibi\u00f3ticos <\/span><\/figcaption><\/figure>\n<p>Um dos pontos fundamentais foi melhorar outras regula\u00e7\u00f5es para fazer com que as condi\u00e7\u00f5es de vida dos animais sejam melhores. H\u00e1 mais espa\u00e7o e asseio, logo, menos doen\u00e7as.<\/p>\n<p>Estudos recentes indicam que quando os animais vivem nessas condi\u00e7\u00f5es, as doses rotineiras de antibi\u00f3ticos n\u00e3o t\u00eam muito impacto no seu crescimento.<\/p>\n<p>As inten\u00e7\u00f5es da fazendeira chinesa de Wuxi eram boas. Claro que ela n\u00e3o sabia o que o uso excessivo de antibi\u00f3ticos causava. E mesmo que soubesse, enfrentaria um dilema diante do incentivo econ\u00f4mico para us\u00e1-los.<\/p>\n<p>Mas isso tem que mudar, afirmam os especialistas.<\/p>\n","protected":false},"excerpt":{"rendered":"<p>Em uma fazenda de porcos em ru\u00ednas perto de Wuxi, na prov\u00edncia chinesa de Jiangsu,<\/p>\n","protected":false},"author":7,"featured_media":58930,"comment_status":"open","ping_status":"open","sticky":false,"template":"","format":"standard","meta":[],"categories":[],"tags":[],"uagb_featured_image_src":{"full":["https:\/\/espacoecologico.com.br\/arquivo\/wp-content\/uploads\/2017\/01\/suoerbacteria.jpg",415,265,false],"thumbnail":["https:\/\/espacoecologico.com.br\/arquivo\/wp-content\/uploads\/2017\/01\/suoerbacteria-150x150.jpg",150,150,true],"medium":["https:\/\/espacoecologico.com.br\/arquivo\/wp-content\/uploads\/2017\/01\/suoerbacteria-300x192.jpg",300,192,true],"medium_large":["https:\/\/espacoecologico.com.br\/arquivo\/wp-content\/uploads\/2017\/01\/suoerbacteria.jpg",415,265,false],"large":["https:\/\/espacoecologico.com.br\/arquivo\/wp-content\/uploads\/2017\/01\/suoerbacteria.jpg",415,265,false],"1536x1536":["https:\/\/espacoecologico.com.br\/arquivo\/wp-content\/uploads\/2017\/01\/suoerbacteria.jpg",415,265,false],"2048x2048":["https:\/\/espacoecologico.com.br\/arquivo\/wp-content\/uploads\/2017\/01\/suoerbacteria.jpg",415,265,false],"cream-magazine-thumbnail-2":["https:\/\/espacoecologico.com.br\/arquivo\/wp-content\/uploads\/2017\/01\/suoerbacteria.jpg",415,265,false],"cream-magazine-thumbnail-3":["https:\/\/espacoecologico.com.br\/arquivo\/wp-content\/uploads\/2017\/01\/suoerbacteria.jpg",415,265,false],"cream-magazine-thumbnail-4":["https:\/\/espacoecologico.com.br\/arquivo\/wp-content\/uploads\/2017\/01\/suoerbacteria.jpg",415,265,false]},"uagb_author_info":{"display_name":"","author_link":"https:\/\/espacoecologico.com.br\/arquivo\/author\/"},"uagb_comment_info":0,"uagb_excerpt":"Em uma fazenda de porcos em ru\u00ednas perto de Wuxi, na prov\u00edncia chinesa de Jiangsu,","_links":{"self":[{"href":"https:\/\/espacoecologico.com.br\/arquivo\/wp-json\/wp\/v2\/posts\/58929"}],"collection":[{"href":"https:\/\/espacoecologico.com.br\/arquivo\/wp-json\/wp\/v2\/posts"}],"about":[{"href":"https:\/\/espacoecologico.com.br\/arquivo\/wp-json\/wp\/v2\/types\/post"}],"author":[{"embeddable":true,"href":"https:\/\/espacoecologico.com.br\/arquivo\/wp-json\/wp\/v2\/users\/7"}],"replies":[{"embeddable":true,"href":"https:\/\/espacoecologico.com.br\/arquivo\/wp-json\/wp\/v2\/comments?post=58929"}],"version-history":[{"count":0,"href":"https:\/\/espacoecologico.com.br\/arquivo\/wp-json\/wp\/v2\/posts\/58929\/revisions"}],"wp:featuredmedia":[{"embeddable":true,"href":"https:\/\/espacoecologico.com.br\/arquivo\/wp-json\/wp\/v2\/media\/58930"}],"wp:attachment":[{"href":"https:\/\/espacoecologico.com.br\/arquivo\/wp-json\/wp\/v2\/media?parent=58929"}],"wp:term":[{"taxonomy":"category","embeddable":true,"href":"https:\/\/espacoecologico.com.br\/arquivo\/wp-json\/wp\/v2\/categories?post=58929"},{"taxonomy":"post_tag","embeddable":true,"href":"https:\/\/espacoecologico.com.br\/arquivo\/wp-json\/wp\/v2\/tags?post=58929"}],"curies":[{"name":"wp","href":"https:\/\/api.w.org\/{rel}","templated":true}]}}