{"id":58924,"date":"2017-01-31T11:00:58","date_gmt":"2017-01-31T14:00:58","guid":{"rendered":"https:\/\/espacoecologico.com.br\/arquivo\/?p=58924"},"modified":"2017-01-30T21:07:31","modified_gmt":"2017-01-31T00:07:31","slug":"iniciativa-global-une-empresas-governos-e-sociedade-civil-para-repensar-o-plastico","status":"publish","type":"post","link":"https:\/\/espacoecologico.com.br\/arquivo\/iniciativa-global-une-empresas-governos-e-sociedade-civil-para-repensar-o-plastico\/","title":{"rendered":"Iniciativa global une empresas, governos e sociedade civil para repensar o pl\u00e1stico"},"content":{"rendered":"<p><a href=\"https:\/\/espacoecologico.com.br\/arquivo\/?attachment_id=58925\" rel=\"attachment wp-att-58925\"><img loading=\"lazy\" class=\"alignleft size-medium wp-image-58925\" src=\"https:\/\/espacoecologico.com.br\/arquivo\/wp-content\/uploads\/2017\/01\/iniciativa_global-300x192.jpg\" alt=\"\" width=\"300\" height=\"192\" srcset=\"https:\/\/espacoecologico.com.br\/arquivo\/wp-content\/uploads\/2017\/01\/iniciativa_global-300x192.jpg 300w, https:\/\/espacoecologico.com.br\/arquivo\/wp-content\/uploads\/2017\/01\/iniciativa_global.jpg 415w\" sizes=\"(max-width: 300px) 100vw, 300px\" \/><\/a>Uma iniciativa global chamada de\u00a0 New Plastics Economy\u00a0 e liderada pela Funda\u00e7\u00e3o Ellen MacArthur re\u00fane empresas, governos, cientistas e cidad\u00e3os para acelerar a transi\u00e7\u00e3o para um sistema global mais eficaz para os pl\u00e1sticos. Os tr\u00eas objetivos principais do projeto s\u00e3o: a cria\u00e7\u00e3o de uma melhor economia de pl\u00e1sticos p\u00f3s-consumo, a redu\u00e7\u00e3o do desvio de pl\u00e1sticos para o meio ambiente e a dissocia\u00e7\u00e3o da produ\u00e7\u00e3o de pl\u00e1sticos a partir de mat\u00e9rias-primas \u00e0 base de combust\u00edveis f\u00f3sseis.<\/p>\n<p>A Tomra, empresa especializada no desenvolvimento de tecnologias para a separa\u00e7\u00e3o e res\u00edduos, \u00e9 um dos cinco novos membros da iniciativa, que trabalha com mais de 40 organiza\u00e7\u00f5es de toda a cadeia de valor dos pl\u00e1sticos e \u00e9 apoiada por acad\u00eamicos, empres\u00e1rios e filantropos.<\/p>\n<p>Como parte da iniciativa, os novos membros apresentaram detalhes de projetos piloto inovadores voltados a repensar e redigir o futuro dos pl\u00e1sticos em um workshop em Londres, em dezembro de 2016.<\/p>\n<p>\u201cLixo marinho \u00e9 uma preocupa\u00e7\u00e3o crescente em todo o mundo e ser\u00e1 o nosso foco principal como um membro da iniciativa. Res\u00edduos pl\u00e1sticos representam uma grande propor\u00e7\u00e3o do lixo marinho e aumentando o valor do pl\u00e1stico recuperado, por torna-lo \u00fatil para reciclar e reutilizar, ir\u00e1 reduzir os volumes de lixo marinho. Nossas tecnologias s\u00e3o capazes de mudar a forma como os pl\u00e1sticos s\u00e3o reciclados, em termos de qualidade e quantidade, e estamos ansiosos para fazer uma contribui\u00e7\u00e3o significativa para o desenvolvimento de um melhor sistema global de pl\u00e1sticos \u201c, disse Stefan Ranstrand, presidente e CEO da TOMRA .<\/p>\n<p>Em janeiro de 2017, a New Plastics Economy apresentar\u00e1 suas \u00faltimas descobertas aos l\u00edderes governamentais e empresas na Reuni\u00e3o Anual do F\u00f3rum Econ\u00f4mico Mundial, em Davos.<\/p>\n<p>Rob Opsomer, l\u00edder da iniciativa, comenta: \u201cA New Plastics Economy est\u00e1 trabalhando para repensar completamente e redesenhar o nosso sistema global de pl\u00e1sticos, e melhorar a forma como os pl\u00e1sticos s\u00e3o gerenciados ap\u00f3s o seu uso, e queremos dar um passo muito importante nesse campo. Tenho satisfa\u00e7\u00e3o por poder contar com o envolvimento ativo de todos os participantes, incluindo a TOMRA, na colabora\u00e7\u00e3o para definir dire\u00e7\u00e3o, estabelecer sistemas e normas comuns e dar in\u00edcio \u00e0 inova\u00e7\u00e3o \u2013 para avan\u00e7ar para um sistema de pl\u00e1sticos que funciona\u201d.<\/p>\n","protected":false},"excerpt":{"rendered":"<p>Uma iniciativa global chamada de\u00a0 New Plastics Economy\u00a0 e liderada pela Funda\u00e7\u00e3o Ellen MacArthur re\u00fane<\/p>\n","protected":false},"author":7,"featured_media":58925,"comment_status":"open","ping_status":"open","sticky":false,"template":"","format":"standard","meta":[],"categories":[],"tags":[],"uagb_featured_image_src":{"full":["https:\/\/espacoecologico.com.br\/arquivo\/wp-content\/uploads\/2017\/01\/iniciativa_global.jpg",415,265,false],"thumbnail":["https:\/\/espacoecologico.com.br\/arquivo\/wp-content\/uploads\/2017\/01\/iniciativa_global-150x150.jpg",150,150,true],"medium":["https:\/\/espacoecologico.com.br\/arquivo\/wp-content\/uploads\/2017\/01\/iniciativa_global-300x192.jpg",300,192,true],"medium_large":["https:\/\/espacoecologico.com.br\/arquivo\/wp-content\/uploads\/2017\/01\/iniciativa_global.jpg",415,265,false],"large":["https:\/\/espacoecologico.com.br\/arquivo\/wp-content\/uploads\/2017\/01\/iniciativa_global.jpg",415,265,false],"1536x1536":["https:\/\/espacoecologico.com.br\/arquivo\/wp-content\/uploads\/2017\/01\/iniciativa_global.jpg",415,265,false],"2048x2048":["https:\/\/espacoecologico.com.br\/arquivo\/wp-content\/uploads\/2017\/01\/iniciativa_global.jpg",415,265,false],"cream-magazine-thumbnail-2":["https:\/\/espacoecologico.com.br\/arquivo\/wp-content\/uploads\/2017\/01\/iniciativa_global.jpg",415,265,false],"cream-magazine-thumbnail-3":["https:\/\/espacoecologico.com.br\/arquivo\/wp-content\/uploads\/2017\/01\/iniciativa_global.jpg",415,265,false],"cream-magazine-thumbnail-4":["https:\/\/espacoecologico.com.br\/arquivo\/wp-content\/uploads\/2017\/01\/iniciativa_global.jpg",415,265,false]},"uagb_author_info":{"display_name":"","author_link":"https:\/\/espacoecologico.com.br\/arquivo\/author\/"},"uagb_comment_info":0,"uagb_excerpt":"Uma iniciativa global chamada de\u00a0 New Plastics Economy\u00a0 e liderada pela Funda\u00e7\u00e3o Ellen MacArthur re\u00fane","_links":{"self":[{"href":"https:\/\/espacoecologico.com.br\/arquivo\/wp-json\/wp\/v2\/posts\/58924"}],"collection":[{"href":"https:\/\/espacoecologico.com.br\/arquivo\/wp-json\/wp\/v2\/posts"}],"about":[{"href":"https:\/\/espacoecologico.com.br\/arquivo\/wp-json\/wp\/v2\/types\/post"}],"author":[{"embeddable":true,"href":"https:\/\/espacoecologico.com.br\/arquivo\/wp-json\/wp\/v2\/users\/7"}],"replies":[{"embeddable":true,"href":"https:\/\/espacoecologico.com.br\/arquivo\/wp-json\/wp\/v2\/comments?post=58924"}],"version-history":[{"count":0,"href":"https:\/\/espacoecologico.com.br\/arquivo\/wp-json\/wp\/v2\/posts\/58924\/revisions"}],"wp:featuredmedia":[{"embeddable":true,"href":"https:\/\/espacoecologico.com.br\/arquivo\/wp-json\/wp\/v2\/media\/58925"}],"wp:attachment":[{"href":"https:\/\/espacoecologico.com.br\/arquivo\/wp-json\/wp\/v2\/media?parent=58924"}],"wp:term":[{"taxonomy":"category","embeddable":true,"href":"https:\/\/espacoecologico.com.br\/arquivo\/wp-json\/wp\/v2\/categories?post=58924"},{"taxonomy":"post_tag","embeddable":true,"href":"https:\/\/espacoecologico.com.br\/arquivo\/wp-json\/wp\/v2\/tags?post=58924"}],"curies":[{"name":"wp","href":"https:\/\/api.w.org\/{rel}","templated":true}]}}