{"id":58919,"date":"2017-01-31T10:00:39","date_gmt":"2017-01-31T13:00:39","guid":{"rendered":"https:\/\/espacoecologico.com.br\/arquivo\/?p=58919"},"modified":"2017-01-30T21:02:11","modified_gmt":"2017-01-31T00:02:11","slug":"fonte-solar-e-a-mais-utilizada-por-consumidores-que-produzem-a-propria-energia","status":"publish","type":"post","link":"https:\/\/espacoecologico.com.br\/arquivo\/fonte-solar-e-a-mais-utilizada-por-consumidores-que-produzem-a-propria-energia\/","title":{"rendered":"Fonte solar \u00e9 a mais utilizada por consumidores que produzem a pr\u00f3pria energia"},"content":{"rendered":"<p><a href=\"https:\/\/espacoecologico.com.br\/arquivo\/?attachment_id=58920\" rel=\"attachment wp-att-58920\"><img loading=\"lazy\" class=\"alignleft size-medium wp-image-58920\" src=\"https:\/\/espacoecologico.com.br\/arquivo\/wp-content\/uploads\/2017\/01\/energia_solar-300x192.jpg\" alt=\"\" width=\"300\" height=\"192\" srcset=\"https:\/\/espacoecologico.com.br\/arquivo\/wp-content\/uploads\/2017\/01\/energia_solar-300x192.jpg 300w, https:\/\/espacoecologico.com.br\/arquivo\/wp-content\/uploads\/2017\/01\/energia_solar.jpg 415w\" sizes=\"(max-width: 300px) 100vw, 300px\" \/><\/a>O total de consumidores que produzem a pr\u00f3pria energia saltou de quatro conex\u00f5es registradas na Ag\u00eancia Nacional de Energia El\u00e9trica (Aneel), em 2012, para 7,6 mil at\u00e9 janeiro de 2017. No per\u00edodo, a pot\u00eancia instalada das chamadas conex\u00f5es de micro e minigera\u00e7\u00e3o de energia atingiu 75.071,09 kW \u2013 suficiente para abastecer 60 mil resid\u00eancias.<\/p>\n<p>Em 2012, a Aneel publicou uma resolu\u00e7\u00e3o normativa que estabeleceu as condi\u00e7\u00f5es gerais para o acesso de micro e minigera\u00e7\u00e3o aos sistemas de distribui\u00e7\u00e3o de energia el\u00e9trica e criou o sistema de compensa\u00e7\u00e3o de energia el\u00e9trica. Isso permitiu ao consumidor instalar pequenos geradores em sua unidade consumidora e trocar energia com a distribuidora local.<\/p>\n<div class=\"midiaConteudoMateria\"><\/div>\n<p>De acordo com a ag\u00eancia reguladora, a fonte mais utilizada pelos consumidores-geradores \u00e9 a solar, com 7.568 ades\u00f5es, seguida da e\u00f3lica com 45 instala\u00e7\u00f5es. Minais Gerais \u00e9 o estado com o maior n\u00famero de micro e minigeradores (1.644 conex\u00f5es), seguido de S\u00e3o Paulo (1.370) e Rio Grande do Sul (782).<\/p>\n<h3><span class=\"Apple-style-span\">Proje\u00e7\u00e3o<\/span><\/h3>\n<p>A Aneel estima que, no ano de 2024, mais de 1,2 milh\u00e3o de consumidores passar\u00e3o a produzir sua pr\u00f3pria energia, o equivalente a 4,5 gigawatts (GW) de pot\u00eancia instalada.<\/p>\n<p>Em nota divulgada pela ag\u00eancia, o diretor-geral Romeu Rufino ressaltou que esse tipo de gera\u00e7\u00e3o de energia reduz as perdas e o custo de produ\u00e7\u00e3o, evita a amplia\u00e7\u00e3o do sistema e tamb\u00e9m representa um ganho sob o aspecto ambiental.<\/p>\n<p>Pela norma da Aneel, quando a quantidade de energia gerada nas unidades consumidoras \u00e9 superior \u00e0 energia consumida naquele per\u00edodo, o consumidor fica com cr\u00e9ditos que podem ser utilizados para diminuir a fatura dos meses seguintes.<\/p>\n<div class=\"midiaConteudoMateria\"><\/div>\n<p>Os cr\u00e9ditos, que t\u00eam validade de 60 meses, tamb\u00e9m podem ser usados para abater o consumo de unidades consumidoras do mesmo titular situadas em outro local, desde que na \u00e1rea de atendimento de uma mesma distribuidora.<\/p>\n<p>Clique <a href=\"http:\/\/www.ecycle.com.br\/component\/content\/article\/69-energia\/2480-guia-instalacao-energia-solar-casa-residencia-placa-fotovoltaica-beneficios-pros-contras-como-fazer-sustentavel-investimento-recuperacao-termica-eletrica-bate-sol-localizacao-agua-luz-custo-escolhas-suporta-inclinacao-componentes-sistema.html\" target=\"_blank\">aqui<\/a> para saber como instalar energia solar na sua casa.<\/p>\n","protected":false},"excerpt":{"rendered":"<p>O total de consumidores que produzem a pr\u00f3pria energia saltou de quatro conex\u00f5es registradas na<\/p>\n","protected":false},"author":7,"featured_media":58920,"comment_status":"open","ping_status":"open","sticky":false,"template":"","format":"standard","meta":[],"categories":[],"tags":[],"uagb_featured_image_src":{"full":["https:\/\/espacoecologico.com.br\/arquivo\/wp-content\/uploads\/2017\/01\/energia_solar.jpg",415,265,false],"thumbnail":["https:\/\/espacoecologico.com.br\/arquivo\/wp-content\/uploads\/2017\/01\/energia_solar-150x150.jpg",150,150,true],"medium":["https:\/\/espacoecologico.com.br\/arquivo\/wp-content\/uploads\/2017\/01\/energia_solar-300x192.jpg",300,192,true],"medium_large":["https:\/\/espacoecologico.com.br\/arquivo\/wp-content\/uploads\/2017\/01\/energia_solar.jpg",415,265,false],"large":["https:\/\/espacoecologico.com.br\/arquivo\/wp-content\/uploads\/2017\/01\/energia_solar.jpg",415,265,false],"1536x1536":["https:\/\/espacoecologico.com.br\/arquivo\/wp-content\/uploads\/2017\/01\/energia_solar.jpg",415,265,false],"2048x2048":["https:\/\/espacoecologico.com.br\/arquivo\/wp-content\/uploads\/2017\/01\/energia_solar.jpg",415,265,false],"cream-magazine-thumbnail-2":["https:\/\/espacoecologico.com.br\/arquivo\/wp-content\/uploads\/2017\/01\/energia_solar.jpg",415,265,false],"cream-magazine-thumbnail-3":["https:\/\/espacoecologico.com.br\/arquivo\/wp-content\/uploads\/2017\/01\/energia_solar.jpg",415,265,false],"cream-magazine-thumbnail-4":["https:\/\/espacoecologico.com.br\/arquivo\/wp-content\/uploads\/2017\/01\/energia_solar.jpg",415,265,false]},"uagb_author_info":{"display_name":"","author_link":"https:\/\/espacoecologico.com.br\/arquivo\/author\/"},"uagb_comment_info":0,"uagb_excerpt":"O total de consumidores que produzem a pr\u00f3pria energia saltou de quatro conex\u00f5es registradas na","_links":{"self":[{"href":"https:\/\/espacoecologico.com.br\/arquivo\/wp-json\/wp\/v2\/posts\/58919"}],"collection":[{"href":"https:\/\/espacoecologico.com.br\/arquivo\/wp-json\/wp\/v2\/posts"}],"about":[{"href":"https:\/\/espacoecologico.com.br\/arquivo\/wp-json\/wp\/v2\/types\/post"}],"author":[{"embeddable":true,"href":"https:\/\/espacoecologico.com.br\/arquivo\/wp-json\/wp\/v2\/users\/7"}],"replies":[{"embeddable":true,"href":"https:\/\/espacoecologico.com.br\/arquivo\/wp-json\/wp\/v2\/comments?post=58919"}],"version-history":[{"count":0,"href":"https:\/\/espacoecologico.com.br\/arquivo\/wp-json\/wp\/v2\/posts\/58919\/revisions"}],"wp:featuredmedia":[{"embeddable":true,"href":"https:\/\/espacoecologico.com.br\/arquivo\/wp-json\/wp\/v2\/media\/58920"}],"wp:attachment":[{"href":"https:\/\/espacoecologico.com.br\/arquivo\/wp-json\/wp\/v2\/media?parent=58919"}],"wp:term":[{"taxonomy":"category","embeddable":true,"href":"https:\/\/espacoecologico.com.br\/arquivo\/wp-json\/wp\/v2\/categories?post=58919"},{"taxonomy":"post_tag","embeddable":true,"href":"https:\/\/espacoecologico.com.br\/arquivo\/wp-json\/wp\/v2\/tags?post=58919"}],"curies":[{"name":"wp","href":"https:\/\/api.w.org\/{rel}","templated":true}]}}