{"id":58814,"date":"2017-01-29T11:30:35","date_gmt":"2017-01-29T14:30:35","guid":{"rendered":"https:\/\/espacoecologico.com.br\/arquivo\/?p=58814"},"modified":"2017-01-29T09:40:35","modified_gmt":"2017-01-29T12:40:35","slug":"poluicao-perigosa-volta-a-pequim-com-fogos-de-artificio-do-ano-novo-chines","status":"publish","type":"post","link":"https:\/\/espacoecologico.com.br\/arquivo\/poluicao-perigosa-volta-a-pequim-com-fogos-de-artificio-do-ano-novo-chines\/","title":{"rendered":"Polui\u00e7\u00e3o perigosa volta a Pequim com fogos de artif\u00edcio do Ano Novo chin\u00eas"},"content":{"rendered":"<p><a href=\"https:\/\/espacoecologico.com.br\/arquivo\/?attachment_id=58815\" rel=\"attachment wp-att-58815\"><img loading=\"lazy\" class=\"alignleft size-medium wp-image-58815\" src=\"https:\/\/espacoecologico.com.br\/arquivo\/wp-content\/uploads\/2017\/01\/fogos-300x192.jpg\" alt=\"\" width=\"300\" height=\"192\" srcset=\"https:\/\/espacoecologico.com.br\/arquivo\/wp-content\/uploads\/2017\/01\/fogos-300x192.jpg 300w, https:\/\/espacoecologico.com.br\/arquivo\/wp-content\/uploads\/2017\/01\/fogos.jpg 415w\" sizes=\"(max-width: 300px) 100vw, 300px\" \/><\/a>Moradores da capital chinesa acordaram neste s\u00e1bado em meio a uma fuma\u00e7a densa e sufocante ap\u00f3s muitos terem disparado fogos de artif\u00edcio durante a noite para comemorar o Ano Novo Lunar, apesar de limita\u00e7\u00f5es e advert\u00eancias contra esse tipo de celebra\u00e7\u00e3o.<\/p>\n<p>O Escrit\u00f3rio de Prote\u00e7\u00e3o Ambiental de Pequim disse que part\u00edculas nocivas em suspens\u00e3o no ar atingiram o segundo n\u00edvel mais alto em cinco anos na manh\u00e3 de s\u00e1bado (28), segundo a imprensa oficial.<\/p>\n<p>Pequim lan\u00e7ou uma &#8220;guerra contra a polui\u00e7\u00e3o&#8221; em 2014, como parte da promessa do governo central de reverter os danos provocados por d\u00e9cadas de r\u00e1pido crescimento industrial, com mais fechamento de f\u00e1bricas e puni\u00e7\u00f5es a poluidores.<\/p>\n<p>Contudo, os esfor\u00e7os para limpar o c\u00e9u no cintur\u00e3o industrial que cerca Pequim est\u00e3o sendo prejudicados pela queima de carv\u00e3o em f\u00e1bricas e no aquecimento dom\u00e9stico, o que torna-se mais intenso nos atuais meses de inverno.<\/p>\n<p>&#8220;Ao disparar fogos de artif\u00edcio, tenha consci\u00eancia de que o \u00edndice de polui\u00e7\u00e3o tamb\u00e9m vai disparar&#8221;, disse um editorial publicado neste s\u00e1bado no jornal Di\u00e1rio Popular, ligado ao Partido Comunista.<\/p>\n<p>Centenas de milh\u00f5es de pessoas cruzam a China para visitar familiares e amigos durante o per\u00edodo do Ano Novo Lunar.<\/p>\n<p>Embora a ag\u00eancia de not\u00edcias oficial Xinhua tenha relatado que as compras de fogos de artif\u00edcio ca\u00edram 4,9% em Pequim este ano, as medidas n\u00e3o foram suficientes para evitar uma alta na polui\u00e7\u00e3o, passando de saud\u00e1vel para n\u00edveis perigosos \u00e0 sa\u00fade em quest\u00e3o de horas, segundo dados oficiais.<\/p>\n","protected":false},"excerpt":{"rendered":"<p>Moradores da capital chinesa acordaram neste s\u00e1bado em meio a uma fuma\u00e7a densa e sufocante<\/p>\n","protected":false},"author":6,"featured_media":58815,"comment_status":"open","ping_status":"open","sticky":false,"template":"","format":"standard","meta":[],"categories":[],"tags":[],"uagb_featured_image_src":{"full":["https:\/\/espacoecologico.com.br\/arquivo\/wp-content\/uploads\/2017\/01\/fogos.jpg",415,265,false],"thumbnail":["https:\/\/espacoecologico.com.br\/arquivo\/wp-content\/uploads\/2017\/01\/fogos-150x150.jpg",150,150,true],"medium":["https:\/\/espacoecologico.com.br\/arquivo\/wp-content\/uploads\/2017\/01\/fogos-300x192.jpg",300,192,true],"medium_large":["https:\/\/espacoecologico.com.br\/arquivo\/wp-content\/uploads\/2017\/01\/fogos.jpg",415,265,false],"large":["https:\/\/espacoecologico.com.br\/arquivo\/wp-content\/uploads\/2017\/01\/fogos.jpg",415,265,false],"1536x1536":["https:\/\/espacoecologico.com.br\/arquivo\/wp-content\/uploads\/2017\/01\/fogos.jpg",415,265,false],"2048x2048":["https:\/\/espacoecologico.com.br\/arquivo\/wp-content\/uploads\/2017\/01\/fogos.jpg",415,265,false],"cream-magazine-thumbnail-2":["https:\/\/espacoecologico.com.br\/arquivo\/wp-content\/uploads\/2017\/01\/fogos.jpg",415,265,false],"cream-magazine-thumbnail-3":["https:\/\/espacoecologico.com.br\/arquivo\/wp-content\/uploads\/2017\/01\/fogos.jpg",415,265,false],"cream-magazine-thumbnail-4":["https:\/\/espacoecologico.com.br\/arquivo\/wp-content\/uploads\/2017\/01\/fogos.jpg",415,265,false]},"uagb_author_info":{"display_name":"","author_link":"https:\/\/espacoecologico.com.br\/arquivo\/author\/"},"uagb_comment_info":0,"uagb_excerpt":"Moradores da capital chinesa acordaram neste s\u00e1bado em meio a uma fuma\u00e7a densa e sufocante","_links":{"self":[{"href":"https:\/\/espacoecologico.com.br\/arquivo\/wp-json\/wp\/v2\/posts\/58814"}],"collection":[{"href":"https:\/\/espacoecologico.com.br\/arquivo\/wp-json\/wp\/v2\/posts"}],"about":[{"href":"https:\/\/espacoecologico.com.br\/arquivo\/wp-json\/wp\/v2\/types\/post"}],"author":[{"embeddable":true,"href":"https:\/\/espacoecologico.com.br\/arquivo\/wp-json\/wp\/v2\/users\/6"}],"replies":[{"embeddable":true,"href":"https:\/\/espacoecologico.com.br\/arquivo\/wp-json\/wp\/v2\/comments?post=58814"}],"version-history":[{"count":0,"href":"https:\/\/espacoecologico.com.br\/arquivo\/wp-json\/wp\/v2\/posts\/58814\/revisions"}],"wp:featuredmedia":[{"embeddable":true,"href":"https:\/\/espacoecologico.com.br\/arquivo\/wp-json\/wp\/v2\/media\/58815"}],"wp:attachment":[{"href":"https:\/\/espacoecologico.com.br\/arquivo\/wp-json\/wp\/v2\/media?parent=58814"}],"wp:term":[{"taxonomy":"category","embeddable":true,"href":"https:\/\/espacoecologico.com.br\/arquivo\/wp-json\/wp\/v2\/categories?post=58814"},{"taxonomy":"post_tag","embeddable":true,"href":"https:\/\/espacoecologico.com.br\/arquivo\/wp-json\/wp\/v2\/tags?post=58814"}],"curies":[{"name":"wp","href":"https:\/\/api.w.org\/{rel}","templated":true}]}}