{"id":58803,"date":"2017-01-29T10:30:41","date_gmt":"2017-01-29T13:30:41","guid":{"rendered":"https:\/\/espacoecologico.com.br\/arquivo\/?p=58803"},"modified":"2017-01-29T09:35:15","modified_gmt":"2017-01-29T12:35:15","slug":"criancas-que-nao-tem-o-costume-de-ouvir-nao-podem-desenvolver-um-comportamento-exigente","status":"publish","type":"post","link":"https:\/\/espacoecologico.com.br\/arquivo\/criancas-que-nao-tem-o-costume-de-ouvir-nao-podem-desenvolver-um-comportamento-exigente\/","title":{"rendered":"Crian\u00e7as que n\u00e3o t\u00eam o costume de ouvir &#8220;n\u00e3o&#8221; podem desenvolver um comportamento exigente"},"content":{"rendered":"<p><a href=\"https:\/\/espacoecologico.com.br\/arquivo\/?attachment_id=58804\" rel=\"attachment wp-att-58804\"><img loading=\"lazy\" class=\"alignleft size-medium wp-image-58804\" src=\"https:\/\/espacoecologico.com.br\/arquivo\/wp-content\/uploads\/2017\/01\/crinca_nao-300x192.jpg\" alt=\"\" width=\"300\" height=\"192\" srcset=\"https:\/\/espacoecologico.com.br\/arquivo\/wp-content\/uploads\/2017\/01\/crinca_nao-300x192.jpg 300w, https:\/\/espacoecologico.com.br\/arquivo\/wp-content\/uploads\/2017\/01\/crinca_nao.jpg 415w\" sizes=\"(max-width: 300px) 100vw, 300px\" \/><\/a>Que pai ou m\u00e3e que n\u00e3o quer o melhor para os seus filhos? Que n\u00e3o se esfor\u00e7a ao m\u00e1ximo para fazer as vontades da crian\u00e7a, ou comprar aquele brinquedo t\u00e3o desejado? Afinal, todos j\u00e1 fomos pequenos e sabemos como \u00e9 bom ganhar um presente que quer\u00edamos, n\u00e3o \u00e9 verdade? A sensa\u00e7\u00e3o \u00e9 \u00f3tima, n\u00e3o apenas para as crian\u00e7as, mas tamb\u00e9m para os adultos, que t\u00eam a satisfa\u00e7\u00e3o de ver seus filhos felizes.<\/p>\n<p>Oferecer o melhor para o desenvolvimento e felicidade dos filhos \u00e9 o desejo de todos os pais, extremamente louv\u00e1vel, ali\u00e1s. Tanto que \u00e9 muito comum ver crian\u00e7as tendo basicamente todas as suas vontades realizadas. Mas quando a situa\u00e7\u00e3o chega a esse ponto, a pergunta que fa\u00e7o \u00e9: isso \u00e9 saud\u00e1vel?<\/p>\n<p>Vamos ao outro lado dessa hist\u00f3ria: tamb\u00e9m \u00e9 muito comum, nesses mesmos casos em que os pequenos t\u00eam tudo e mais um pouco, vermos crian\u00e7as que, ao se acostumarem com essa situa\u00e7\u00e3o, acabam n\u00e3o valorizando o que t\u00eam. Pior: elas come\u00e7am a desenvolver um comportamento cada vez mais exigente, temperamental e a exibir at\u00e9 dificuldades de relacionamento com os outros. Afinal, foram ensinadas que querer \u00e9 ter, e caso aconte\u00e7a o contr\u00e1rio, o mau humor e o nervosismo j\u00e1 come\u00e7am a aparecer.<\/p>\n<p>Os pais devem ter em mente que uma das coisas mais importantes para a vida dos seus filhos n\u00e3o \u00e9 o celular top de linha ou atender a todas as suas vontades. \u00c9 a no\u00e7\u00e3o de certos limites, que envolvem uma simples palavra: n\u00e3o.<\/p>\n<p>Exatamente! Dependendo da situa\u00e7\u00e3o, o \u201cn\u00e3o\u201d pode ser a melhor coisa que voc\u00ea pode dar ao seu filho, principalmente durante sua fase de crescimento. Mas vamos l\u00e1, n\u00e3o estou falando aqui de simplesmente exagerar na dose e proibir ou negar tudo o que seu filho quer. Mas sim ensinar que a vida \u00e9 feita de conquistas e tamb\u00e9m de frustra\u00e7\u00f5es. Como isso pode acontecer, quando um jovem recebe tudo o quer, sem restri\u00e7\u00f5es? Essa atitude \u00e9 uma das raz\u00f5es pelas quais crian\u00e7as que ganham tudo (ou quase tudo) raramente valorizam o que t\u00eam. Afinal, para qu\u00ea? Sua experi\u00eancia lhes mostra que mais sempre est\u00e1 a caminho.<\/p>\n<p>Isso cria para os jovens uma imagem irreal do mundo: basta querer algo e pronto! N\u00e3o \u00e9 necess\u00e1rio trabalho, tampouco sacrif\u00edcio. E se esse algo n\u00e3o vem, no momento que eles querem, basta bater o p\u00e9 que, no final, seu desejo ser\u00e1 realizado. Vale at\u00e9 choramingar.<\/p>\n<p>Como todos bem sabemos, a realidade n\u00e3o \u00e9 nada assim. Para obter sucesso nos seus objetivos, \u00e9 necess\u00e1rio muito esfor\u00e7o, dar o seu melhor. N\u00e3o s\u00f3 na vida adulta, mas na infantil tamb\u00e9m, com os estudos, por exemplo. Esse padr\u00e3o \u00e9 extremamente perigoso para a juventude e influencia at\u00e9 na sa\u00fade. Diversos especialistas afirmam que, com o passar das d\u00e9cadas e o consequente aumento desse tipo de indulg\u00eancia por parte dos pais, a sa\u00fade mental das crian\u00e7as tem piorado, com o aumento de taxas de depress\u00e3o infantil e do risco de que esses jovens se tornem adultos autocentrados e com problemas emocionais.<\/p>\n<p>O pior? Essas mesmas crian\u00e7as no futuro tendem a repetir tal comportamento, tornando-se assim pais que enchem seus filhos de bens materiais, refor\u00e7ando um c\u00edrculo vicioso e t\u00e3o danoso.<\/p>\n<p>A negativa na hora certa \u00e9 sim uma demonstra\u00e7\u00e3o de amor, prote\u00e7\u00e3o e tamb\u00e9m de educa\u00e7\u00e3o. As crian\u00e7as precisam ouvir \u201cn\u00e3o\u201d por diversas vezes em sua vida, principalmente quando pensamos nos seus caprichos, para aprenderem a lidar com decep\u00e7\u00f5es que certamente vir\u00e3o em seu caminho. Ao tentarem proteg\u00ea-las desses desapontamentos, os adultos criam uma realidade paralela para esses jovens, que, no futuro, podem tornar-se incapazes de tocar a vida com seus pr\u00f3prios p\u00e9s.<\/p>\n<p>N\u00e3o \u00e9 dif\u00edcil de imaginar que isso ocorra, j\u00e1 que desconhecer limites simplesmente n\u00e3o ajuda em nada as crian\u00e7as a aprenderem a lidar com as dificuldades do cotidiano. Frustra\u00e7\u00f5es fazem parte da vida e, de certa forma, s\u00e3o boas para o ser humano, pois somente quando as vivenciamos aprendemos a lidar com essas situa\u00e7\u00f5es, desenvolvendo um lado emocional saud\u00e1vel e recursos como empatia, paci\u00eancia, resigna\u00e7\u00e3o e tamb\u00e9m persist\u00eancia.<\/p>\n<p>Viu como uma simples palavra pode fazer uma falta gigantesca? Por isso, pais e m\u00e3es que leem este texto: deem aos seus filhos o que realmente precisam e n\u00e3o tudo o que querem. Evite os excessos e saiba dizer \u201cn\u00e3o\u201d quando preciso. Afinal, \u00e9 como diz o velho ditado: criamos os filhos para o mundo, e n\u00e3o para n\u00f3s mesmos.<\/p>\n<p><img loading=\"lazy\" class=\"wp-image-1801499 \" title=\"blog-letra-de-medico-ronaldo-laranjeira\" src=\"https:\/\/abrilveja.files.wordpress.com\/2016\/12\/blog-letra-de-medico-ronaldo-laranjeira.png?w=770&amp;h=275\" sizes=\"(max-width: 770px) 100vw, 770px\" srcset=\"https:\/\/abrilveja.files.wordpress.com\/2016\/12\/blog-letra-de-medico-ronaldo-laranjeira.png 770w, https:\/\/abrilveja.files.wordpress.com\/2016\/12\/blog-letra-de-medico-ronaldo-laranjeira.png?w=150&amp;h=54 150w, https:\/\/abrilveja.files.wordpress.com\/2016\/12\/blog-letra-de-medico-ronaldo-laranjeira.png?w=300&amp;h=107 300w, https:\/\/abrilveja.files.wordpress.com\/2016\/12\/blog-letra-de-medico-ronaldo-laranjeira.png?w=650&amp;h=232 650w\" alt=\"blog-letra-de-medico-ronaldo-laranjeira\" width=\"638\" height=\"228\" border=\"0\" data-attachment-id=\"1801499\" data-permalink=\"http:\/\/veja.abril.com.br\/blog\/letra-de-medico\/a-familia-e-a-falta-de-um-nao\/attachment\/blog-letra-de-medico-ronaldo-laranjeira\/\" data-orig-file=\"https:\/\/abrilveja.files.wordpress.com\/2016\/12\/blog-letra-de-medico-ronaldo-laranjeira.png?w=770&amp;h=275\" data-orig-size=\"770,275\" data-comments-opened=\"1\" data-image-meta=\"{&quot;aperture&quot;:&quot;0&quot;,&quot;credit&quot;:&quot;&quot;,&quot;camera&quot;:&quot;&quot;,&quot;caption&quot;:&quot;&quot;,&quot;created_timestamp&quot;:&quot;0&quot;,&quot;copyright&quot;:&quot;&quot;,&quot;focal_length&quot;:&quot;0&quot;,&quot;iso&quot;:&quot;0&quot;,&quot;shutter_speed&quot;:&quot;0&quot;,&quot;title&quot;:&quot;&quot;,&quot;orientation&quot;:&quot;0&quot;}\" data-image-title=\"blog-letra-de-medico-ronaldo-laranjeira\" data-image-description=\"\" data-medium-file=\"https:\/\/abrilveja.files.wordpress.com\/2016\/12\/blog-letra-de-medico-ronaldo-laranjeira.png?w=770&amp;h=275?w=300\" data-large-file=\"https:\/\/abrilveja.files.wordpress.com\/2016\/12\/blog-letra-de-medico-ronaldo-laranjeira.png?w=770&amp;h=275?w=650\" data-restrict=\"false\" \/><\/p>\n","protected":false},"excerpt":{"rendered":"<p>Que pai ou m\u00e3e que n\u00e3o quer o melhor para os seus filhos? Que n\u00e3o<\/p>\n","protected":false},"author":6,"featured_media":58804,"comment_status":"open","ping_status":"open","sticky":false,"template":"","format":"standard","meta":[],"categories":[],"tags":[],"uagb_featured_image_src":{"full":["https:\/\/espacoecologico.com.br\/arquivo\/wp-content\/uploads\/2017\/01\/crinca_nao.jpg",415,265,false],"thumbnail":["https:\/\/espacoecologico.com.br\/arquivo\/wp-content\/uploads\/2017\/01\/crinca_nao-150x150.jpg",150,150,true],"medium":["https:\/\/espacoecologico.com.br\/arquivo\/wp-content\/uploads\/2017\/01\/crinca_nao-300x192.jpg",300,192,true],"medium_large":["https:\/\/espacoecologico.com.br\/arquivo\/wp-content\/uploads\/2017\/01\/crinca_nao.jpg",415,265,false],"large":["https:\/\/espacoecologico.com.br\/arquivo\/wp-content\/uploads\/2017\/01\/crinca_nao.jpg",415,265,false],"1536x1536":["https:\/\/espacoecologico.com.br\/arquivo\/wp-content\/uploads\/2017\/01\/crinca_nao.jpg",415,265,false],"2048x2048":["https:\/\/espacoecologico.com.br\/arquivo\/wp-content\/uploads\/2017\/01\/crinca_nao.jpg",415,265,false],"cream-magazine-thumbnail-2":["https:\/\/espacoecologico.com.br\/arquivo\/wp-content\/uploads\/2017\/01\/crinca_nao.jpg",415,265,false],"cream-magazine-thumbnail-3":["https:\/\/espacoecologico.com.br\/arquivo\/wp-content\/uploads\/2017\/01\/crinca_nao.jpg",415,265,false],"cream-magazine-thumbnail-4":["https:\/\/espacoecologico.com.br\/arquivo\/wp-content\/uploads\/2017\/01\/crinca_nao.jpg",415,265,false]},"uagb_author_info":{"display_name":"","author_link":"https:\/\/espacoecologico.com.br\/arquivo\/author\/"},"uagb_comment_info":0,"uagb_excerpt":"Que pai ou m\u00e3e que n\u00e3o quer o melhor para os seus filhos? Que n\u00e3o","_links":{"self":[{"href":"https:\/\/espacoecologico.com.br\/arquivo\/wp-json\/wp\/v2\/posts\/58803"}],"collection":[{"href":"https:\/\/espacoecologico.com.br\/arquivo\/wp-json\/wp\/v2\/posts"}],"about":[{"href":"https:\/\/espacoecologico.com.br\/arquivo\/wp-json\/wp\/v2\/types\/post"}],"author":[{"embeddable":true,"href":"https:\/\/espacoecologico.com.br\/arquivo\/wp-json\/wp\/v2\/users\/6"}],"replies":[{"embeddable":true,"href":"https:\/\/espacoecologico.com.br\/arquivo\/wp-json\/wp\/v2\/comments?post=58803"}],"version-history":[{"count":0,"href":"https:\/\/espacoecologico.com.br\/arquivo\/wp-json\/wp\/v2\/posts\/58803\/revisions"}],"wp:featuredmedia":[{"embeddable":true,"href":"https:\/\/espacoecologico.com.br\/arquivo\/wp-json\/wp\/v2\/media\/58804"}],"wp:attachment":[{"href":"https:\/\/espacoecologico.com.br\/arquivo\/wp-json\/wp\/v2\/media?parent=58803"}],"wp:term":[{"taxonomy":"category","embeddable":true,"href":"https:\/\/espacoecologico.com.br\/arquivo\/wp-json\/wp\/v2\/categories?post=58803"},{"taxonomy":"post_tag","embeddable":true,"href":"https:\/\/espacoecologico.com.br\/arquivo\/wp-json\/wp\/v2\/tags?post=58803"}],"curies":[{"name":"wp","href":"https:\/\/api.w.org\/{rel}","templated":true}]}}