{"id":58798,"date":"2017-01-29T10:00:34","date_gmt":"2017-01-29T13:00:34","guid":{"rendered":"https:\/\/espacoecologico.com.br\/arquivo\/?p=58798"},"modified":"2017-01-29T09:26:14","modified_gmt":"2017-01-29T12:26:14","slug":"febre-amarela-chegara-a-outros-estados-do-brasil-diz-organizacao-mundial-de-saude","status":"publish","type":"post","link":"https:\/\/espacoecologico.com.br\/arquivo\/febre-amarela-chegara-a-outros-estados-do-brasil-diz-organizacao-mundial-de-saude\/","title":{"rendered":"Febre amarela chegar\u00e1 a outros estados do Brasil, diz Organiza\u00e7\u00e3o Mundial de Sa\u00fade"},"content":{"rendered":"<div class=\"mc-column content-text active-extra-styles active-capital-letter\" data-block-type=\"unstyled\" data-block-weight=\"48\">\n<p class=\"content-text__container theme-color-primary-first-letter\" data-track-category=\"Link no Texto\" data-track-links=\"\"><a href=\"https:\/\/espacoecologico.com.br\/arquivo\/?attachment_id=58799\" rel=\"attachment wp-att-58799\"><img loading=\"lazy\" class=\"alignleft size-medium wp-image-58799\" src=\"https:\/\/espacoecologico.com.br\/arquivo\/wp-content\/uploads\/2017\/01\/febre_amarela-3-300x192.jpg\" alt=\"\" width=\"300\" height=\"192\" srcset=\"https:\/\/espacoecologico.com.br\/arquivo\/wp-content\/uploads\/2017\/01\/febre_amarela-3-300x192.jpg 300w, https:\/\/espacoecologico.com.br\/arquivo\/wp-content\/uploads\/2017\/01\/febre_amarela-3.jpg 415w\" sizes=\"(max-width: 300px) 100vw, 300px\" \/><\/a>A Organiza\u00e7\u00e3o Mundial da Sa\u00fade (OMS) informou que o atual surto de febre amarela dever\u00e1 chegar a outros estados do Brasil. At\u00e9 agora, casos da doen\u00e7a foram notificados nos estados de Minas Gerais, Esp\u00edrito Santo, Bahia, S\u00e3o Paulo, Distrito Federal (todos descartados), Goi\u00e1s e Mato Grosso do Sul.<\/p>\n<\/div>\n<div class=\"mc-column content-text active-extra-styles \" data-block-type=\"unstyled\" data-block-weight=\"46\">\n<p class=\"content-text__container \" data-track-category=\"Link no Texto\" data-track-links=\"\">A OMS informou ainda que, pelo menos por enquanto, n\u00e3o h\u00e1 evid\u00eancias de que o Aedes aegypti esteja transmitindo o v\u00edrus, causando uma expans\u00e3o urbana. Os casos confirmados s\u00e3o registrados nas zonas silvestres, rurais e de mata, com transmiss\u00e3o por meio dos mosquitos Haemagogus e Sabethes.<\/p>\n<\/div>\n<div class=\"mc-column content-text active-extra-styles \" data-block-type=\"unstyled\" data-block-weight=\"26\">\n<p class=\"content-text__container \" data-track-category=\"Link no Texto\" data-track-links=\"\">No entanto, o risco de que indiv\u00edduos viajem para \u00e1reas de dentro ou fora do Brasil onde os mosquitos Aedes estejam presentes foi assumido pela organiza\u00e7\u00e3o.<\/p>\n<\/div>\n<div class=\"mc-column content-text active-extra-styles \" data-block-type=\"unstyled\" data-block-weight=\"44\">\n<p class=\"content-text__container \" data-track-category=\"Link no Texto\" data-track-links=\"\">&#8220;Espera-se que casos adicionais sejam detectados em outros estados do Brasil devido ao movimento interno de pessoas e de macacos infectados, al\u00e9m do baixo n\u00edvel de cobertura vacinal em \u00e1reas que antes n\u00e3o estavam em risco de transmiss\u00e3o de febre amarela&#8221;, disse o <a href=\"http:\/\/www.who.int\/csr\/don\/27-january-2017-yellow-fever-brazil\/en\/\" target=\"_blank\" rel=\"noopener nofollow\">boletim<\/a>.<\/p>\n<\/div>\n<div class=\"mc-column content-text active-extra-styles \" data-block-type=\"unstyled\" data-block-weight=\"20\">\n<p class=\"content-text__container \" data-track-category=\"Link no Texto\" data-track-links=\"\">O Minist\u00e9rio da Sa\u00fade informou nesta semana que <a href=\"http:\/\/g1.globo.com\/bemestar\/noticia\/ministerio-vai-reforcar-estoque-de-vacina-contra-a-febre-amarela-em-115-milhoes-de-doses.ghtml\">refor\u00e7ar\u00e1 o estoque de vacinas da doen\u00e7a em 11,5 milh\u00f5es de doses<\/a>.<\/p>\n<\/div>\n<div class=\"mc-column content-text active-extra-styles\" data-block-type=\"raw\" data-block-weight=\"1\">\n<div class=\"content-intertitle\">\n<h2>Vacina\u00e7\u00e3o<\/h2>\n<\/div>\n<\/div>\n<div class=\"mc-column content-text active-extra-styles \" data-block-type=\"unstyled\" data-block-weight=\"58\">\n<p class=\"content-text__container \" data-track-category=\"Link no Texto\" data-track-links=\"\">Moradores ou pessoas que pretendem visitar regi\u00f5es silvestres, rurais ou de mata devem se vacinar no Sistema \u00danico de Sa\u00fade (SUS). A transmiss\u00e3o da doen\u00e7a, que ocorre pela picada dos mosquitos Haemagogus e Sabathes nessas regi\u00f5es, \u00e9 poss\u00edvel em grande parte do territ\u00f3rio brasileiro. O Aedes aegypti tamb\u00e9m \u00e9 transmissor da febre amarela, mas apenas em \u00e1rea urbana.<\/p>\n<\/div>\n<div class=\"mc-column content-text active-extra-styles \" data-block-type=\"unstyled\" data-block-weight=\"64\">\n<p class=\"content-text__container \" data-track-category=\"Link no Texto\" data-track-links=\"\">Vale lembrar que, em situa\u00e7\u00f5es de emerg\u00eancia, a vacina pode ser administrada j\u00e1 a partir dos 6 meses. O indicado, no entanto, \u00e9 que beb\u00eas de 9 meses sejam vacinados pela primeira vez. Depois, recebam um segundo refor\u00e7o aos 4 anos de idade. A vacina tem 95% de efici\u00eancia e demora cerca de 10 dias para garantir a imuniza\u00e7\u00e3o j\u00e1 ap\u00f3s a primeira aplica\u00e7\u00e3o.<\/p>\n<\/div>\n<div class=\"content-ads content-ads--reveal\"><\/div>\n<div class=\"mc-column content-text active-extra-styles \" data-block-type=\"unstyled\" data-block-weight=\"32\">\n<p class=\"content-text__container \" data-track-category=\"Link no Texto\" data-track-links=\"\">Pessoas com mais de 5 anos de idade devem se vacinar e receber a segunda dose ap\u00f3s 10 anos. Idosos precisam ir ao m\u00e9dico para avaliar os riscos de receber a imuniza\u00e7\u00e3o.<\/p>\n<\/div>\n<div class=\"mc-column content-text active-extra-styles \" data-block-type=\"unstyled\" data-block-weight=\"42\">\n<p class=\"content-text__container \" data-track-category=\"Link no Texto\" data-track-links=\"\">Por causar rea\u00e7\u00f5es, a Ag\u00eancia Nacional de Vigil\u00e2ncia Sanit\u00e1ria (Anvisa) n\u00e3o recomenda a vacina para pessoas com doen\u00e7as como l\u00fapus, c\u00e2ncer e HIV, devido \u00e0 baixa imunidade, nem para quem tem mais de 60 anos, gr\u00e1vidas e al\u00e9rgicos a gelatina e ovo.<\/p>\n<\/div>\n<div class=\"mc-column content-media content-media--normal\" data-block-type=\"backstage-photo\">\n<div class=\"content-media__container\">\n<div class=\"content-media__image-centered\">\n<div class=\"progressive-img\"><img class=\"progressive-draft\" title=\"Vacina da febre amarela est\u00e1 dispon\u00edvel no Sistema \u00danico de Sa\u00fade (Foto: (Foto: Eder Ribeiro\/ EPTV) )\" src=\"data:image\/jpeg;base64,\/9j\/4AAQSkZJRgABAQAAAQABAAD\/2wBDAAMCAgMCAgMDAwMEAwMEBQgFBQQEBQoHBwYIDAoMDAsKCwsNDhIQDQ4RDgsLEBYQERMUFRUVDA8XGBYUGBIUFRT\/2wBDAQMEBAUEBQkFBQkUDQsNFBQUFBQUFBQUFBQUFBQUFBQUFBQUFBQUFBQUFBQUFBQUFBQUFBQUFBQUFBQUFBQUFBT\/wgARCAAOABkDASIAAhEBAxEB\/8QAFQABAQAAAAAAAAAAAAAAAAAABgX\/xAAWAQEBAQAAAAAAAAAAAAAAAAACAwT\/2gAMAwEAAhADEAAAAUBC6IyXbWiSZH\/\/xAAdEAACAgIDAQAAAAAAAAAAAAAEBQIDAAEGEhMU\/9oACAEBAAEFArSOumHJNrIKG8mYftjDURaCF9LOCIOFI\/zZ\/8QAFhEBAQEAAAAAAAAAAAAAAAAAARBB\/9oACAEDAQE\/AQ2f\/8QAGREAAQUAAAAAAAAAAAAAAAAAAQIQEiEx\/9oACAECAQE\/ASu4jW\/\/xAAhEAACAgECBwAAAAAAAAAAAAABAgMRABMhEBIxMkJRkf\/aAAgBAQAGPwJfV1kdQ6ivdMTWaxj0t6G\/XgrMWYFq2xCzShFsAXjxxvJyK3kbzvPzP\/\/EABwQAQACAgMBAAAAAAAAAAAAAAEAESExQXHw8f\/aAAgBAQABPyEnLTsmTQuiYddwBnmGQDk9xO8AMSlR5lDVxO73qHQYAHxPIT\/\/2gAMAwEAAgADAAAAEKt\/\/8QAGBEAAwEBAAAAAAAAAAAAAAAAAAERITH\/2gAIAQMBAT8Qxrg0rh\/\/xAAXEQEBAQEAAAAAAAAAAAAAAAABABEh\/9oACAECAQE\/EAZBc7f\/xAAfEAEAAgMAAQUAAAAAAAAAAAABESEAMUEQUWFxgZH\/2gAIAQEAAT8QKECjwRh\/YydNiQXjjhHenIE+fUUuQqVPlZD15RXkgYQ3ys0Ljs0sFEtS+xllxFIpcUAk+9+Kf\/\/Z\" alt=\"Vacina da febre amarela est\u00e1 dispon\u00edvel no Sistema \u00danico de Sa\u00fade (Foto: (Foto: Eder Ribeiro\/ EPTV) )\" \/> <picture><source srcset=\"http:\/\/s2.glbimg.com\/HhvwK6vrAXEr4SbJj-OVKuczfig=\/0x0:1281x715\/600x0\/smart\/filters:strip_icc()\/s.glbimg.com\/jo\/g1\/f\/original\/2017\/01\/24\/febre_amarela.png 1x, http:\/\/s2.glbimg.com\/x7CWHBIhI37Cplr5-3Ce3q84j10=\/0x0:1281x715\/1200x0\/smart\/filters:strip_icc()\/s.glbimg.com\/jo\/g1\/f\/original\/2017\/01\/24\/febre_amarela.png 2x\" media=\"(max-width: 1024px)\" data-src=\"http:\/\/s2.glbimg.com\/HhvwK6vrAXEr4SbJj-OVKuczfig=\/0x0:1281x715\/600x0\/smart\/filters:strip_icc()\/s.glbimg.com\/jo\/g1\/f\/original\/2017\/01\/24\/febre_amarela.png 1x, http:\/\/s2.glbimg.com\/x7CWHBIhI37Cplr5-3Ce3q84j10=\/0x0:1281x715\/1200x0\/smart\/filters:strip_icc()\/s.glbimg.com\/jo\/g1\/f\/original\/2017\/01\/24\/febre_amarela.png 2x\" \/><source srcset=\"http:\/\/s2.glbimg.com\/vSiiG5g8QZMbydWcwIbVhFSyADY=\/0x0:1281x715\/640x0\/smart\/filters:strip_icc()\/s.glbimg.com\/jo\/g1\/f\/original\/2017\/01\/24\/febre_amarela.png 1x, http:\/\/s2.glbimg.com\/OpoR4loJs83lavm4kay66k0icEc=\/0x0:1281x715\/1280x0\/smart\/filters:strip_icc()\/s.glbimg.com\/jo\/g1\/f\/original\/2017\/01\/24\/febre_amarela.png 2x\" media=\"(max-width: 1280px)\" data-src=\"http:\/\/s2.glbimg.com\/vSiiG5g8QZMbydWcwIbVhFSyADY=\/0x0:1281x715\/640x0\/smart\/filters:strip_icc()\/s.glbimg.com\/jo\/g1\/f\/original\/2017\/01\/24\/febre_amarela.png 1x, http:\/\/s2.glbimg.com\/OpoR4loJs83lavm4kay66k0icEc=\/0x0:1281x715\/1280x0\/smart\/filters:strip_icc()\/s.glbimg.com\/jo\/g1\/f\/original\/2017\/01\/24\/febre_amarela.png 2x\" \/><source srcset=\"http:\/\/s2.glbimg.com\/_igs_dO9OfQUDVw1TuyLjU1WNpA=\/0x0:1281x715\/984x0\/smart\/filters:strip_icc()\/s.glbimg.com\/jo\/g1\/f\/original\/2017\/01\/24\/febre_amarela.png 1x, http:\/\/s2.glbimg.com\/1A4-uUSRqxitConcVaHEsY1QPTY=\/0x0:1281x715\/1968x0\/smart\/filters:strip_icc()\/s.glbimg.com\/jo\/g1\/f\/original\/2017\/01\/24\/febre_amarela.png 2x\" media=\"(max-width: 1360px)\" data-src=\"http:\/\/s2.glbimg.com\/_igs_dO9OfQUDVw1TuyLjU1WNpA=\/0x0:1281x715\/984x0\/smart\/filters:strip_icc()\/s.glbimg.com\/jo\/g1\/f\/original\/2017\/01\/24\/febre_amarela.png 1x, http:\/\/s2.glbimg.com\/1A4-uUSRqxitConcVaHEsY1QPTY=\/0x0:1281x715\/1968x0\/smart\/filters:strip_icc()\/s.glbimg.com\/jo\/g1\/f\/original\/2017\/01\/24\/febre_amarela.png 2x\" \/><source srcset=\"http:\/\/s2.glbimg.com\/xNrM-LO5K71JTfX9J23vBdyBEos=\/0x0:1281x715\/1000x0\/smart\/filters:strip_icc()\/s.glbimg.com\/jo\/g1\/f\/original\/2017\/01\/24\/febre_amarela.png 1x, http:\/\/s2.glbimg.com\/oqH1dMXBaUVX7hgQk4TgOM4UwmU=\/0x0:1281x715\/2000x0\/smart\/filters:strip_icc()\/s.glbimg.com\/jo\/g1\/f\/original\/2017\/01\/24\/febre_amarela.png 2x\" media=\"(min-width: 1361px)\" data-src=\"http:\/\/s2.glbimg.com\/xNrM-LO5K71JTfX9J23vBdyBEos=\/0x0:1281x715\/1000x0\/smart\/filters:strip_icc()\/s.glbimg.com\/jo\/g1\/f\/original\/2017\/01\/24\/febre_amarela.png 1x, http:\/\/s2.glbimg.com\/oqH1dMXBaUVX7hgQk4TgOM4UwmU=\/0x0:1281x715\/2000x0\/smart\/filters:strip_icc()\/s.glbimg.com\/jo\/g1\/f\/original\/2017\/01\/24\/febre_amarela.png 2x\" \/><source srcset=\"http:\/\/s2.glbimg.com\/_igs_dO9OfQUDVw1TuyLjU1WNpA=\/0x0:1281x715\/984x0\/smart\/filters:strip_icc()\/s.glbimg.com\/jo\/g1\/f\/original\/2017\/01\/24\/febre_amarela.png\" data-src=\"http:\/\/s2.glbimg.com\/_igs_dO9OfQUDVw1TuyLjU1WNpA=\/0x0:1281x715\/984x0\/smart\/filters:strip_icc()\/s.glbimg.com\/jo\/g1\/f\/original\/2017\/01\/24\/febre_amarela.png\" \/><img class=\"image content-media__image progressive-loaded\" title=\"Vacina da febre amarela est\u00e1 dispon\u00edvel no Sistema \u00danico de Sa\u00fade (Foto: (Foto: Eder Ribeiro\/ EPTV) )\" srcset=\"http:\/\/s2.glbimg.com\/_igs_dO9OfQUDVw1TuyLjU1WNpA=\/0x0:1281x715\/984x0\/smart\/filters:strip_icc()\/s.glbimg.com\/jo\/g1\/f\/original\/2017\/01\/24\/febre_amarela.png\" alt=\"Vacina da febre amarela est\u00e1 dispon\u00edvel no Sistema \u00danico de Sa\u00fade (Foto: (Foto: Eder Ribeiro\/ EPTV) )\" width=\"638\" height=\"356\" data-src=\"http:\/\/s2.glbimg.com\/_igs_dO9OfQUDVw1TuyLjU1WNpA=\/0x0:1281x715\/984x0\/smart\/filters:strip_icc()\/s.glbimg.com\/jo\/g1\/f\/original\/2017\/01\/24\/febre_amarela.png\" \/> <\/picture><\/div>\n<\/div>\n<div class=\"content-media__description-centered \">\n<p class=\"content-media__description \"><i class=\"content-media__description__icon theme-color-primary\"> <\/i> <span class=\"content-media__description__caption\"> Vacina da febre amarela est\u00e1 dispon\u00edvel no Sistema \u00danico de Sa\u00fade (Foto: (Foto: Eder Ribeiro\/ EPTV) ) <\/span><\/p>\n<\/div>\n<\/div>\n<\/div>\n","protected":false},"excerpt":{"rendered":"<p>A Organiza\u00e7\u00e3o Mundial da Sa\u00fade (OMS) informou que o atual surto de febre amarela dever\u00e1<\/p>\n","protected":false},"author":6,"featured_media":58799,"comment_status":"open","ping_status":"open","sticky":false,"template":"","format":"standard","meta":[],"categories":[],"tags":[],"uagb_featured_image_src":{"full":["https:\/\/espacoecologico.com.br\/arquivo\/wp-content\/uploads\/2017\/01\/febre_amarela-3.jpg",415,265,false],"thumbnail":["https:\/\/espacoecologico.com.br\/arquivo\/wp-content\/uploads\/2017\/01\/febre_amarela-3-150x150.jpg",150,150,true],"medium":["https:\/\/espacoecologico.com.br\/arquivo\/wp-content\/uploads\/2017\/01\/febre_amarela-3-300x192.jpg",300,192,true],"medium_large":["https:\/\/espacoecologico.com.br\/arquivo\/wp-content\/uploads\/2017\/01\/febre_amarela-3.jpg",415,265,false],"large":["https:\/\/espacoecologico.com.br\/arquivo\/wp-content\/uploads\/2017\/01\/febre_amarela-3.jpg",415,265,false],"1536x1536":["https:\/\/espacoecologico.com.br\/arquivo\/wp-content\/uploads\/2017\/01\/febre_amarela-3.jpg",415,265,false],"2048x2048":["https:\/\/espacoecologico.com.br\/arquivo\/wp-content\/uploads\/2017\/01\/febre_amarela-3.jpg",415,265,false],"cream-magazine-thumbnail-2":["https:\/\/espacoecologico.com.br\/arquivo\/wp-content\/uploads\/2017\/01\/febre_amarela-3.jpg",415,265,false],"cream-magazine-thumbnail-3":["https:\/\/espacoecologico.com.br\/arquivo\/wp-content\/uploads\/2017\/01\/febre_amarela-3.jpg",415,265,false],"cream-magazine-thumbnail-4":["https:\/\/espacoecologico.com.br\/arquivo\/wp-content\/uploads\/2017\/01\/febre_amarela-3.jpg",415,265,false]},"uagb_author_info":{"display_name":"","author_link":"https:\/\/espacoecologico.com.br\/arquivo\/author\/"},"uagb_comment_info":0,"uagb_excerpt":"A Organiza\u00e7\u00e3o Mundial da Sa\u00fade (OMS) informou que o atual surto de febre amarela dever\u00e1","_links":{"self":[{"href":"https:\/\/espacoecologico.com.br\/arquivo\/wp-json\/wp\/v2\/posts\/58798"}],"collection":[{"href":"https:\/\/espacoecologico.com.br\/arquivo\/wp-json\/wp\/v2\/posts"}],"about":[{"href":"https:\/\/espacoecologico.com.br\/arquivo\/wp-json\/wp\/v2\/types\/post"}],"author":[{"embeddable":true,"href":"https:\/\/espacoecologico.com.br\/arquivo\/wp-json\/wp\/v2\/users\/6"}],"replies":[{"embeddable":true,"href":"https:\/\/espacoecologico.com.br\/arquivo\/wp-json\/wp\/v2\/comments?post=58798"}],"version-history":[{"count":0,"href":"https:\/\/espacoecologico.com.br\/arquivo\/wp-json\/wp\/v2\/posts\/58798\/revisions"}],"wp:featuredmedia":[{"embeddable":true,"href":"https:\/\/espacoecologico.com.br\/arquivo\/wp-json\/wp\/v2\/media\/58799"}],"wp:attachment":[{"href":"https:\/\/espacoecologico.com.br\/arquivo\/wp-json\/wp\/v2\/media?parent=58798"}],"wp:term":[{"taxonomy":"category","embeddable":true,"href":"https:\/\/espacoecologico.com.br\/arquivo\/wp-json\/wp\/v2\/categories?post=58798"},{"taxonomy":"post_tag","embeddable":true,"href":"https:\/\/espacoecologico.com.br\/arquivo\/wp-json\/wp\/v2\/tags?post=58798"}],"curies":[{"name":"wp","href":"https:\/\/api.w.org\/{rel}","templated":true}]}}