{"id":58793,"date":"2017-01-29T09:30:32","date_gmt":"2017-01-29T12:30:32","guid":{"rendered":"https:\/\/espacoecologico.com.br\/arquivo\/?p=58793"},"modified":"2017-01-29T09:22:02","modified_gmt":"2017-01-29T12:22:02","slug":"trens-eletricos-da-holanda-sao-agora-100-movidos-por-energia-eolica","status":"publish","type":"post","link":"https:\/\/espacoecologico.com.br\/arquivo\/trens-eletricos-da-holanda-sao-agora-100-movidos-por-energia-eolica\/","title":{"rendered":"Trens el\u00e9tricos da Holanda s\u00e3o agora 100% movidos por energia e\u00f3lica"},"content":{"rendered":"<p><a href=\"https:\/\/espacoecologico.com.br\/arquivo\/?attachment_id=58794\" rel=\"attachment wp-att-58794\"><img loading=\"lazy\" class=\"alignleft size-medium wp-image-58794\" src=\"https:\/\/espacoecologico.com.br\/arquivo\/wp-content\/uploads\/2017\/01\/trem_bala-300x192.jpg\" alt=\"\" width=\"300\" height=\"192\" srcset=\"https:\/\/espacoecologico.com.br\/arquivo\/wp-content\/uploads\/2017\/01\/trem_bala-300x192.jpg 300w, https:\/\/espacoecologico.com.br\/arquivo\/wp-content\/uploads\/2017\/01\/trem_bala.jpg 415w\" sizes=\"(max-width: 300px) 100vw, 300px\" \/><\/a>A NS, empresa respons\u00e1vel pelas ferrovias da Holanda, anunciou que todos os seus trens el\u00e9tricos de passageiros ser\u00e3o agora movidos \u00e0 energia e\u00f3lica.<\/p>\n<p>O primeiro an\u00fancio foi em 2015, mas eles atingiram seus objetivos um ano antes do planejado \u2013 a data pretendida era 2018.\u00a0\u201c<em>Desde 1\u00ba de janeiro, 100% dos nossos trens est\u00e3o funcionando com energia e\u00f3lica<\/em>\u201d, disse o porta-voz NS, Ton Boon. \u201c<em>Ent\u00e3o, de fato, atingimos nosso objetivo um ano antes do planejado<\/em>\u201d.<\/p>\n<p>Em 2015, o objetivo era conseguir que toda a frota de trens el\u00e9tricos da NS fosse movida a energia e\u00f3lica em janeiro de 2018.\u00a0Metade da frota j\u00e1 utilizava a fonte de energia, mas para completar a meta, eles precisavam construir mais parques e\u00f3licos ou comprar energia e\u00f3lica de pa\u00edses vizinhos, como a Dinamarca.<\/p>\n<p>Mas, gra\u00e7as a um aumento do n\u00famero de parques e\u00f3licos em todo o pa\u00eds, foi poss\u00edvel atingir essa meta mais cedo.\u00a0De acordo com os especialistas, cerca de 600.000 passageiros por dia est\u00e3o viajando gra\u00e7as \u00e0 energia e\u00f3lica.\u00a0Os holandeses t\u00eam uma longa hist\u00f3ria com a energia e\u00f3lica, afinal, utilizam moinhos de vento para drenar \u00e1gua e moer gr\u00e3os desde os s\u00e9culos 17 e 18. Mas agora a na\u00e7\u00e3o est\u00e1 usando turbinas e\u00f3licas mais sofisticadas para gerar eletricidade.<\/p>\n<p>De acordo com Eneco e NS, um moinho de vento funcionando por uma hora pode alimentar um trem por cerca de 200 km.\u00a0Embora os trens sejam geralmente considerados sustent\u00e1veis em compara\u00e7\u00e3o a outros ve\u00edculos, a frota consome anualmente 1,2 bilh\u00e3o de kWh de energia e\u00f3lica\u2013 o equivalente \u00e0 quantidade de eletricidade consumida por todas as fam\u00edlias de Amsterd\u00e3 em um ano.<\/p>\n<p>\u201c<em>A locomo\u00e7\u00e3o \u00e9 respons\u00e1vel por 20% das emiss\u00f5es de CO<sub>2<\/sub> na Holanda e se queremos manter as viagens, \u00e9 importante que o fa\u00e7amos sem sobrecarregar o ambiente<\/em>\u201d, disse o gerente de contas da Eneco, Michel Kerkhof. \u201c<em>Este contrato oferece a todos os cidad\u00e3os holandeses a op\u00e7\u00e3o de uma viagem neutra ao clima, independentemente da dist\u00e2ncia<\/em>\u201d.<\/p>\n<p>&nbsp;<\/p>\n<p>As empresas agora esperam reduzir a energia usada por passageiro em mais de 35% at\u00e9 2020 em rela\u00e7\u00e3o a 2005.\u00a0No ano passado, a Costa Rica obteve 250 dias sem queimar qualquer combust\u00edvel f\u00f3ssil, em grande parte gra\u00e7as \u00e0s suas usinas hidrel\u00e9tricas, geot\u00e9rmicas e e\u00f3licas.<\/p>\n<p>A Esc\u00f3cia tamb\u00e9m foi capaz de gerar mais energia e\u00f3lica do que todo o pa\u00eds poderia usar durante um dia particularmente ventoso em 2016. A Dinamarca tem 42% de sua eletricidade nacional produzida por energia e\u00f3lica em 2015, apesar de estar com dois de seus maiores parques e\u00f3licos desativados.\u00a0Felizmente, \u00e9 bom ver que finalmente chegamos ao ponto em que a energia renov\u00e1vel pode ser utilizada em escalas nacionais.<\/p>\n","protected":false},"excerpt":{"rendered":"<p>A NS, empresa respons\u00e1vel pelas ferrovias da Holanda, anunciou que todos os seus trens el\u00e9tricos<\/p>\n","protected":false},"author":6,"featured_media":58794,"comment_status":"open","ping_status":"open","sticky":false,"template":"","format":"standard","meta":[],"categories":[],"tags":[],"uagb_featured_image_src":{"full":["https:\/\/espacoecologico.com.br\/arquivo\/wp-content\/uploads\/2017\/01\/trem_bala.jpg",415,265,false],"thumbnail":["https:\/\/espacoecologico.com.br\/arquivo\/wp-content\/uploads\/2017\/01\/trem_bala-150x150.jpg",150,150,true],"medium":["https:\/\/espacoecologico.com.br\/arquivo\/wp-content\/uploads\/2017\/01\/trem_bala-300x192.jpg",300,192,true],"medium_large":["https:\/\/espacoecologico.com.br\/arquivo\/wp-content\/uploads\/2017\/01\/trem_bala.jpg",415,265,false],"large":["https:\/\/espacoecologico.com.br\/arquivo\/wp-content\/uploads\/2017\/01\/trem_bala.jpg",415,265,false],"1536x1536":["https:\/\/espacoecologico.com.br\/arquivo\/wp-content\/uploads\/2017\/01\/trem_bala.jpg",415,265,false],"2048x2048":["https:\/\/espacoecologico.com.br\/arquivo\/wp-content\/uploads\/2017\/01\/trem_bala.jpg",415,265,false],"cream-magazine-thumbnail-2":["https:\/\/espacoecologico.com.br\/arquivo\/wp-content\/uploads\/2017\/01\/trem_bala.jpg",415,265,false],"cream-magazine-thumbnail-3":["https:\/\/espacoecologico.com.br\/arquivo\/wp-content\/uploads\/2017\/01\/trem_bala.jpg",415,265,false],"cream-magazine-thumbnail-4":["https:\/\/espacoecologico.com.br\/arquivo\/wp-content\/uploads\/2017\/01\/trem_bala.jpg",415,265,false]},"uagb_author_info":{"display_name":"","author_link":"https:\/\/espacoecologico.com.br\/arquivo\/author\/"},"uagb_comment_info":0,"uagb_excerpt":"A NS, empresa respons\u00e1vel pelas ferrovias da Holanda, anunciou que todos os seus trens el\u00e9tricos","_links":{"self":[{"href":"https:\/\/espacoecologico.com.br\/arquivo\/wp-json\/wp\/v2\/posts\/58793"}],"collection":[{"href":"https:\/\/espacoecologico.com.br\/arquivo\/wp-json\/wp\/v2\/posts"}],"about":[{"href":"https:\/\/espacoecologico.com.br\/arquivo\/wp-json\/wp\/v2\/types\/post"}],"author":[{"embeddable":true,"href":"https:\/\/espacoecologico.com.br\/arquivo\/wp-json\/wp\/v2\/users\/6"}],"replies":[{"embeddable":true,"href":"https:\/\/espacoecologico.com.br\/arquivo\/wp-json\/wp\/v2\/comments?post=58793"}],"version-history":[{"count":0,"href":"https:\/\/espacoecologico.com.br\/arquivo\/wp-json\/wp\/v2\/posts\/58793\/revisions"}],"wp:featuredmedia":[{"embeddable":true,"href":"https:\/\/espacoecologico.com.br\/arquivo\/wp-json\/wp\/v2\/media\/58794"}],"wp:attachment":[{"href":"https:\/\/espacoecologico.com.br\/arquivo\/wp-json\/wp\/v2\/media?parent=58793"}],"wp:term":[{"taxonomy":"category","embeddable":true,"href":"https:\/\/espacoecologico.com.br\/arquivo\/wp-json\/wp\/v2\/categories?post=58793"},{"taxonomy":"post_tag","embeddable":true,"href":"https:\/\/espacoecologico.com.br\/arquivo\/wp-json\/wp\/v2\/tags?post=58793"}],"curies":[{"name":"wp","href":"https:\/\/api.w.org\/{rel}","templated":true}]}}