{"id":58789,"date":"2017-01-29T09:17:09","date_gmt":"2017-01-29T12:17:09","guid":{"rendered":"https:\/\/espacoecologico.com.br\/arquivo\/?p=58789"},"modified":"2017-01-29T09:17:10","modified_gmt":"2017-01-29T12:17:10","slug":"sapos-tem-detectores-sismicos-e-conseguem-saber-quando-esta-chovendo","status":"publish","type":"post","link":"https:\/\/espacoecologico.com.br\/arquivo\/sapos-tem-detectores-sismicos-e-conseguem-saber-quando-esta-chovendo\/","title":{"rendered":"Sapos t\u00eam detectores s\u00edsmicos e conseguem saber quando est\u00e1 chovendo"},"content":{"rendered":"<p><a href=\"https:\/\/espacoecologico.com.br\/arquivo\/sapos-tem-detectores-sismicos-e-conseguem-saber-quando-esta-chovendo\/sapo-13\/\" rel=\"attachment wp-att-58790\"><img loading=\"lazy\" class=\"alignleft size-medium wp-image-58790\" src=\"https:\/\/espacoecologico.com.br\/arquivo\/wp-content\/uploads\/2017\/01\/sapo-1-300x192.jpg\" alt=\"\" width=\"300\" height=\"192\" srcset=\"https:\/\/espacoecologico.com.br\/arquivo\/wp-content\/uploads\/2017\/01\/sapo-1-300x192.jpg 300w, https:\/\/espacoecologico.com.br\/arquivo\/wp-content\/uploads\/2017\/01\/sapo-1.jpg 415w\" sizes=\"(max-width: 300px) 100vw, 300px\" \/><\/a>Sapos s\u00e3o animais que dependem da umidade para sobreviver. E aquelas esp\u00e9cies que habitam regi\u00f5es muito secas precisam &#8220;dar seus pulos&#8221; para conseguir sobreviver no ver\u00e3o. A estrat\u00e9gia encontrada \u00e9 esconder-se sob o solo, suficientemente \u00famido, \u00e0 espera da chegada das chuvas de outono.<\/p>\n<p>A inc\u00f3gnita para os cientistas era saber como os anf\u00edbios faziam para descobrir, enterrados, o momento exato de sair das profundezas para voltar \u00e0 vida na superf\u00edcie para iniciar um novo ciclo de reprodu\u00e7\u00e3o.<\/p>\n<p>Um estudo publicado na revista <em>Current Biology<\/em>, liderado pelo pesquisador Rafael M\u00e1rquez, do MNCN\u00a0(Museu Nacional de Ci\u00eancias Naturais), de Madri, na Espanha, mostrou que existem detectores s\u00edsmicos no ouvido interno de sapos e r\u00e3s que servem justamente para eles detectarem, por meio de frequ\u00eancias de som captadas nas vibra\u00e7\u00f5es do ar, o momento de ir para a superf\u00edcie.<\/p>\n<p>&#8220;Ao abordar este estudo, nos perguntamos como os sapos sabem que est\u00e1 chovendo se o solo subterr\u00e2neo onde eles est\u00e3o escondidos j\u00e1 est\u00e1 \u00famido&#8221;, disse M\u00e1rquez, em comunicado divulgado pelo MNCN. &#8220;Avent\u00e1vamos a hip\u00f3tese de que eles s\u00e3o capazes de detectar as vibra\u00e7\u00f5es de baixa frequ\u00eancia e elaboramos um experimento para prova-lo&#8221;, completa.<img src=\"https:\/\/t.dynad.net\/pc\/?dc=5550001892;ord=1485688431019\" \/><img src=\"https:\/\/t.dynad.net\/pc\/?dc=5550001580;ord=1485692002408\" \/><\/p>\n<p>A pesquisa, desenvolvida com duas diferentes esp\u00e9cies de sapos &#8211;sapo-de-unha-negra (Pelobates cultripes) e sapo-corredor (Bufo calamita)&#8211; foi realizada em dunas do Parque Natural de Do\u00f1ana, em Huelva, na Espanha de fato apontou que os animais possuem tr\u00eas diferentes sensores no ouvido interno. Um deles percebe as frequ\u00eancias de som, ao passo que os outros dois captam frequ\u00eancias mais baixas, como as vibra\u00e7\u00f5es do solo.<\/p>\n<p>Para chegar a esta conclus\u00e3o, os cientistas foram ao parque na \u00e9poca das chuvas para gravar o som com o intuito de, posteriormente, reproduzir estas vibra\u00e7\u00f5es captadas de forma artificial.<\/p>\n<p>Um ano depois, em 2013, no outono \u2013quando os anf\u00edbios ficam enterrados durante o dia, mas saem \u00e0 superf\u00edcie pela noite&#8211;, os pesquisadores voltaram ao local, instalaram cercas e colocaram ali 64 sapos, de maneira que pudessem monitor\u00e1-los naquele espa\u00e7o.<\/p>\n<p>Dois grupos distintos de sapos, ent\u00e3o, foram divididos pelas cercas. Um deles foi exposto \u00e0s vibra\u00e7\u00f5es artificiais, geradas a dez cent\u00edmetros de profundidade, por 2 horas, em uma noite sem chuva. No outro grupo foram mantidas as condi\u00e7\u00f5es naturais. O resultado foi que todos os sapos, em algum momento, sa\u00edram \u00e0 terra.<\/p>\n<p>O pesquisador ainda afirma que a dimens\u00e3o s\u00edsmica do campo sensorial destes anf\u00edbios pode ter &#8220;consequ\u00eancias importantes para medir o impacto que as atividades humanas podem ter neste grupo de vertebrados t\u00e3o amea\u00e7ados&#8221;.<\/p>\n","protected":false},"excerpt":{"rendered":"<p>Sapos s\u00e3o animais que dependem da umidade para sobreviver. E aquelas esp\u00e9cies que habitam regi\u00f5es<\/p>\n","protected":false},"author":6,"featured_media":58790,"comment_status":"open","ping_status":"open","sticky":false,"template":"","format":"standard","meta":[],"categories":[],"tags":[],"uagb_featured_image_src":{"full":["https:\/\/espacoecologico.com.br\/arquivo\/wp-content\/uploads\/2017\/01\/sapo-1.jpg",415,265,false],"thumbnail":["https:\/\/espacoecologico.com.br\/arquivo\/wp-content\/uploads\/2017\/01\/sapo-1-150x150.jpg",150,150,true],"medium":["https:\/\/espacoecologico.com.br\/arquivo\/wp-content\/uploads\/2017\/01\/sapo-1-300x192.jpg",300,192,true],"medium_large":["https:\/\/espacoecologico.com.br\/arquivo\/wp-content\/uploads\/2017\/01\/sapo-1.jpg",415,265,false],"large":["https:\/\/espacoecologico.com.br\/arquivo\/wp-content\/uploads\/2017\/01\/sapo-1.jpg",415,265,false],"1536x1536":["https:\/\/espacoecologico.com.br\/arquivo\/wp-content\/uploads\/2017\/01\/sapo-1.jpg",415,265,false],"2048x2048":["https:\/\/espacoecologico.com.br\/arquivo\/wp-content\/uploads\/2017\/01\/sapo-1.jpg",415,265,false],"cream-magazine-thumbnail-2":["https:\/\/espacoecologico.com.br\/arquivo\/wp-content\/uploads\/2017\/01\/sapo-1.jpg",415,265,false],"cream-magazine-thumbnail-3":["https:\/\/espacoecologico.com.br\/arquivo\/wp-content\/uploads\/2017\/01\/sapo-1.jpg",415,265,false],"cream-magazine-thumbnail-4":["https:\/\/espacoecologico.com.br\/arquivo\/wp-content\/uploads\/2017\/01\/sapo-1.jpg",415,265,false]},"uagb_author_info":{"display_name":"","author_link":"https:\/\/espacoecologico.com.br\/arquivo\/author\/"},"uagb_comment_info":0,"uagb_excerpt":"Sapos s\u00e3o animais que dependem da umidade para sobreviver. E aquelas esp\u00e9cies que habitam regi\u00f5es","_links":{"self":[{"href":"https:\/\/espacoecologico.com.br\/arquivo\/wp-json\/wp\/v2\/posts\/58789"}],"collection":[{"href":"https:\/\/espacoecologico.com.br\/arquivo\/wp-json\/wp\/v2\/posts"}],"about":[{"href":"https:\/\/espacoecologico.com.br\/arquivo\/wp-json\/wp\/v2\/types\/post"}],"author":[{"embeddable":true,"href":"https:\/\/espacoecologico.com.br\/arquivo\/wp-json\/wp\/v2\/users\/6"}],"replies":[{"embeddable":true,"href":"https:\/\/espacoecologico.com.br\/arquivo\/wp-json\/wp\/v2\/comments?post=58789"}],"version-history":[{"count":0,"href":"https:\/\/espacoecologico.com.br\/arquivo\/wp-json\/wp\/v2\/posts\/58789\/revisions"}],"wp:featuredmedia":[{"embeddable":true,"href":"https:\/\/espacoecologico.com.br\/arquivo\/wp-json\/wp\/v2\/media\/58790"}],"wp:attachment":[{"href":"https:\/\/espacoecologico.com.br\/arquivo\/wp-json\/wp\/v2\/media?parent=58789"}],"wp:term":[{"taxonomy":"category","embeddable":true,"href":"https:\/\/espacoecologico.com.br\/arquivo\/wp-json\/wp\/v2\/categories?post=58789"},{"taxonomy":"post_tag","embeddable":true,"href":"https:\/\/espacoecologico.com.br\/arquivo\/wp-json\/wp\/v2\/tags?post=58789"}],"curies":[{"name":"wp","href":"https:\/\/api.w.org\/{rel}","templated":true}]}}