{"id":58783,"date":"2017-01-29T09:11:27","date_gmt":"2017-01-29T12:11:27","guid":{"rendered":"https:\/\/espacoecologico.com.br\/arquivo\/?p=58783"},"modified":"2017-01-29T09:11:28","modified_gmt":"2017-01-29T12:11:28","slug":"projeto-ecorais-faz-campanha-de-preservacao-da-biodiversidade-marinha-em-buzios","status":"publish","type":"post","link":"https:\/\/espacoecologico.com.br\/arquivo\/projeto-ecorais-faz-campanha-de-preservacao-da-biodiversidade-marinha-em-buzios\/","title":{"rendered":"Projeto Ecorais faz campanha de preserva\u00e7\u00e3o da biodiversidade marinha em B\u00fazios"},"content":{"rendered":"<div class=\"content\">\n<p><a href=\"https:\/\/espacoecologico.com.br\/arquivo\/projeto-ecorais-faz-campanha-de-preservacao-da-biodiversidade-marinha-em-buzios\/eco_corais\/\" rel=\"attachment wp-att-58784\"><img loading=\"lazy\" class=\"alignleft size-medium wp-image-58784\" src=\"https:\/\/espacoecologico.com.br\/arquivo\/wp-content\/uploads\/2017\/01\/eco_corais-300x192.jpg\" alt=\"\" width=\"300\" height=\"192\" srcset=\"https:\/\/espacoecologico.com.br\/arquivo\/wp-content\/uploads\/2017\/01\/eco_corais-300x192.jpg 300w, https:\/\/espacoecologico.com.br\/arquivo\/wp-content\/uploads\/2017\/01\/eco_corais.jpg 415w\" sizes=\"(max-width: 300px) 100vw, 300px\" \/><\/a>O Projeto Ecorais promove neste final de semana a campanha SOS Mar de B\u00fazios, com v\u00e1rias a\u00e7\u00f5es nas praias da cidade. O projeto foi motivado pela preocupa\u00e7\u00e3o de pescadores locais e \u00f3rg\u00e3os ambientais com os danos que os corais sofrem em fun\u00e7\u00e3o de atividades humanas.<\/p>\n<p>Iniciado em 2000 como tese de mestrado na Universidade do Estado do Rio de Janeiro (Uerj), para estudar a sa\u00fade dos corais do munic\u00edpio de Arma\u00e7\u00e3o dos B\u00fazios, Regi\u00e3o dos Lagos, o projeto \u00e9 dirigido agora pelo Instituto Brasileiro de Biodiversidade (BrBio) \u2013 uma organiza\u00e7\u00e3o da sociedade civil de interesse p\u00fablico (Oscip). O Ecorais levantou informa\u00e7\u00f5es sobre a fauna e a flora marinha e os potenciais impactos verificados nas oito praias de B\u00fazios, onde um ter\u00e7o dos cost\u00f5es rochosos foi diagnosticado como sob estresse ambiental elevado.<\/p>\n<p>Contribui para isso o volume de lixo deixado nas praias e jogado no mar, o n\u00famero de banhistas e de pessoas na areia, bem como a quantidade de barcos de passeio e at\u00e9 a atividade pesqueira feita de forma desorganizada. A coordenadora-geral do Ecorais, Simone Pszcol, disse que as atividades recreativas t\u00eam de ser realizadas de forma ordenada, porque geram lixo para o meio ambiente marinho. Segundo ela, \u00e9 preciso que um gerenciamento dessas atividades para que elas ocorram de maneira sustent\u00e1vel.<\/p>\n<p>O principal objetivo das a\u00e7\u00f5es programadas para o final de semana \u00e9 transmitir \u00e0 popula\u00e7\u00e3o e aos turistas informa\u00e7\u00f5es sobre a biodiversidade marinha do munic\u00edpio. \u201cOu seja, saber que B\u00fazios tem uma forma\u00e7\u00e3o \u00fanica. \u00c9 passar esse conhecimento para que os moradores e turistas saibam da exist\u00eancia desses corais e dessa importante biodiversidade de B\u00fazios, que precisa ser conservada e protegida, para que a gente possa aproveitar da melhor forma os recursos marinhos\u201d, destacou Simone.<\/p>\n<figure class=\"default\"><img loading=\"lazy\" class=\"Image img__fid__94346 img__view_mode__default attr__format__default\" title=\"\" src=\"http:\/\/agenciabrasil.ebc.com.br\/sites\/_agenciabrasil2013\/files\/styles\/interna_pequena\/public\/coral_sol_2.jpg?itok=ckRf7KBQ\" alt=\"corais, biodiversidade marinha\" width=\"277\" height=\"160\" \/><figcaption>A campanha visa a sensibilizar a popula\u00e7\u00e3o sobre a import\u00e2ncia da preserva\u00e7\u00e3o da biodiversidade marinha<span class=\"author\">Divulga\u00e7\u00e3o\/Ibama<\/span><\/figcaption><\/figure>\n<p>Al\u00e9m de sensibilizar as pessoas sobre a import\u00e2ncia da conserva\u00e7\u00e3o dos corais, a campanha quer formar multiplicadores para proteger o meio ambiente. \u201cA ideia \u00e9 que a gente divulgue o conhecimento que existe sobre as praias, fale sobre biodiversidade marinha, sobre ecologia, por que \u00e9 importante conservar, o que a gente perde quando n\u00e3o conserva [o meio ambiente]. As pessoas precisam ser cr\u00edticas sobre as suas atitudes\u201d.<\/p>\n<p><strong>Conscientiza\u00e7\u00e3o<\/strong><\/p>\n<p>Entre as a\u00e7\u00f5es previstas para hoje (28) est\u00e3o a divulga\u00e7\u00e3o da campanha em praias do munic\u00edpio e atividades recreativas e jogos, entre outras atra\u00e7\u00f5es, na tenda do projeto, localizada na Pra\u00e7a Santos Dumont, centro da cidade.<\/p>\n<p>No domingo (29), haver\u00e1 mergulho para observa\u00e7\u00e3o da biodiversidade na Praia dos Ossos e limpeza subaqu\u00e1tica, coordenados pela equipe de educa\u00e7\u00e3o ambiental do BrBio, entre as 10h e as 14h. A partir das 16h, haver\u00e1 atividades sobre habitats de corais e conserva\u00e7\u00e3o marinha na tenda do Ecorais, na Pra\u00e7a Santos Dumont. \u201c\u00c9 apresentar o fundo do mar e a import\u00e2ncia de preserv\u00e1-lo\u201d, disse a bi\u00f3loga Simone Pszcol.<\/p>\n<p>Ela destacou a necessidade de que a conscientiza\u00e7\u00e3o sobre a preserva\u00e7\u00e3o do meio ambiente seja iniciada na inf\u00e2ncia. \u201cTem que sensibilizar todo o p\u00fablico, come\u00e7ando com as crian\u00e7as e jovens, que precisam enxergar o que a gente tem de tesouro, o que \u00e9 importante, o que a gente tem que cuidar\u201d.<\/p>\n<p><strong>Conhecimento<\/strong><\/p>\n<p>Nesses 16 anos, o Ecorais gerou uma s\u00e9rie de conhecimentos que foram passados \u00e0 sociedade de uma forma acad\u00eamica. No ano passado, surgiu a oportunidade de reativar o projeto, j\u00e1 com uma forma mais institucional, quando o BrBio foi contemplado pelo Fundo Brasileiro para a Biodiversidade (Funbio) no Projeto de Apoio \u00e0 Pesquisa Marinha e Pesqueira do Estado do Rio de Janeiro.<\/p>\n<p>O Ecorais pretende atualizar o mapa da biodiversidade dos cost\u00f5es rochosos elaborado a partir de 2000, que identificou 53 esp\u00e9cies da flora e fauna locais, como algas, esponjas, corais e ouri\u00e7os. Ser\u00e1 feita uma nova avalia\u00e7\u00e3o ambiental da regi\u00e3o at\u00e9 2018, em parceria com a Uerj, a Universidade Federal do Rio de Janeiro (UFRJ) e a Universidade Federal Fluminense (UFF). Simone Pszcol disse que a ideia \u201c\u00e9 fazer o monitoramento dos corais nos pr\u00f3ximos dois anos\u201d.<\/p>\n<p>Segundo a bi\u00f3loga, em dezembro do ano passado, foi feita uma segunda expedi\u00e7\u00e3o, que mapeou novamente as oito praias. A informa\u00e7\u00e3o ser\u00e1 processada nos pr\u00f3ximos meses pelos pesquisadores envolvidos no trabalho.<\/p>\n<p>A campanha ser\u00e1 repetida em fevereiro para moradores da Praia Rasa. Em abril, est\u00e1 previsto um curso de capacita\u00e7\u00e3o para professores da rede p\u00fablica municipal de ensino, para que se tornem tamb\u00e9m multiplicadores do projeto em sala de aula. \u201cTem que abra\u00e7ar [a causa], todo mundo tem que trabalhar junto\u201d, afirmou Simone.<\/p>\n<div class=\"node-info\">Edi\u00e7\u00e3o: <strong>Juliana Andrade<\/strong><\/div>\n<\/div>\n","protected":false},"excerpt":{"rendered":"<p>O Projeto Ecorais promove neste final de semana a campanha SOS Mar de B\u00fazios, com<\/p>\n","protected":false},"author":6,"featured_media":58784,"comment_status":"open","ping_status":"open","sticky":false,"template":"","format":"standard","meta":[],"categories":[],"tags":[],"uagb_featured_image_src":{"full":["https:\/\/espacoecologico.com.br\/arquivo\/wp-content\/uploads\/2017\/01\/eco_corais.jpg",415,265,false],"thumbnail":["https:\/\/espacoecologico.com.br\/arquivo\/wp-content\/uploads\/2017\/01\/eco_corais-150x150.jpg",150,150,true],"medium":["https:\/\/espacoecologico.com.br\/arquivo\/wp-content\/uploads\/2017\/01\/eco_corais-300x192.jpg",300,192,true],"medium_large":["https:\/\/espacoecologico.com.br\/arquivo\/wp-content\/uploads\/2017\/01\/eco_corais.jpg",415,265,false],"large":["https:\/\/espacoecologico.com.br\/arquivo\/wp-content\/uploads\/2017\/01\/eco_corais.jpg",415,265,false],"1536x1536":["https:\/\/espacoecologico.com.br\/arquivo\/wp-content\/uploads\/2017\/01\/eco_corais.jpg",415,265,false],"2048x2048":["https:\/\/espacoecologico.com.br\/arquivo\/wp-content\/uploads\/2017\/01\/eco_corais.jpg",415,265,false],"cream-magazine-thumbnail-2":["https:\/\/espacoecologico.com.br\/arquivo\/wp-content\/uploads\/2017\/01\/eco_corais.jpg",415,265,false],"cream-magazine-thumbnail-3":["https:\/\/espacoecologico.com.br\/arquivo\/wp-content\/uploads\/2017\/01\/eco_corais.jpg",415,265,false],"cream-magazine-thumbnail-4":["https:\/\/espacoecologico.com.br\/arquivo\/wp-content\/uploads\/2017\/01\/eco_corais.jpg",415,265,false]},"uagb_author_info":{"display_name":"","author_link":"https:\/\/espacoecologico.com.br\/arquivo\/author\/"},"uagb_comment_info":0,"uagb_excerpt":"O Projeto Ecorais promove neste final de semana a campanha SOS Mar de B\u00fazios, com","_links":{"self":[{"href":"https:\/\/espacoecologico.com.br\/arquivo\/wp-json\/wp\/v2\/posts\/58783"}],"collection":[{"href":"https:\/\/espacoecologico.com.br\/arquivo\/wp-json\/wp\/v2\/posts"}],"about":[{"href":"https:\/\/espacoecologico.com.br\/arquivo\/wp-json\/wp\/v2\/types\/post"}],"author":[{"embeddable":true,"href":"https:\/\/espacoecologico.com.br\/arquivo\/wp-json\/wp\/v2\/users\/6"}],"replies":[{"embeddable":true,"href":"https:\/\/espacoecologico.com.br\/arquivo\/wp-json\/wp\/v2\/comments?post=58783"}],"version-history":[{"count":0,"href":"https:\/\/espacoecologico.com.br\/arquivo\/wp-json\/wp\/v2\/posts\/58783\/revisions"}],"wp:featuredmedia":[{"embeddable":true,"href":"https:\/\/espacoecologico.com.br\/arquivo\/wp-json\/wp\/v2\/media\/58784"}],"wp:attachment":[{"href":"https:\/\/espacoecologico.com.br\/arquivo\/wp-json\/wp\/v2\/media?parent=58783"}],"wp:term":[{"taxonomy":"category","embeddable":true,"href":"https:\/\/espacoecologico.com.br\/arquivo\/wp-json\/wp\/v2\/categories?post=58783"},{"taxonomy":"post_tag","embeddable":true,"href":"https:\/\/espacoecologico.com.br\/arquivo\/wp-json\/wp\/v2\/tags?post=58783"}],"curies":[{"name":"wp","href":"https:\/\/api.w.org\/{rel}","templated":true}]}}