{"id":58772,"date":"2017-01-28T18:01:21","date_gmt":"2017-01-28T21:01:21","guid":{"rendered":"https:\/\/espacoecologico.com.br\/arquivo\/?p=58772"},"modified":"2017-01-28T18:01:21","modified_gmt":"2017-01-28T21:01:21","slug":"cumbuco","status":"publish","type":"post","link":"https:\/\/espacoecologico.com.br\/arquivo\/cumbuco\/","title":{"rendered":"Cumbuco"},"content":{"rendered":"<p><img loading=\"lazy\" class=\"galeria-interna-grande\" src=\"http:\/\/www.feriasbrasil.com.br\/fotosfb\/882821432-XG.jpg\" alt=\"Em Cumbuco \u00e9 ver\u00e3o o ano inteiro\" width=\"640\" height=\"409\" \/><\/p>\n<h3 class=\"conteudo-autoria\">Por Editoria F\u00e9rias Brasil<\/h3>\n<div class=\"fb-like fb_iframe_widget\" data-layout=\"button_count\"><\/div>\n<div align=\"justify\">As dunas e as lagoas que emolduram Cumbuco fazem da vila de pescadores um parque natural de divers\u00f5es. O destino \u00e9 repleto de atividades na areia e na \u00e1gua, como passeios de jangada e de bugue, esquibunda&#8230; Por conta dos bons ventos, a praia \u00e9 considerada uma das melhores do mundo para a pr\u00e1tica de kite e windsurf.<\/div>\n<div align=\"justify\"><\/div>\n<div align=\"justify\"><img loading=\"lazy\" class=\"galeria-interna-grande\" src=\"http:\/\/www.feriasbrasil.com.br\/fotosfb\/808679551-XG.jpg\" alt=\"Em Cumbuco \u00e9 ver\u00e3o o ano inteiro\" width=\"640\" height=\"409\" \/><\/p>\n<p>Um dos cart\u00f5es-postais da regi\u00e3o \u00e9 a lagoa do Banana, movimentada nos finais de semana por conta das barracas instaladas ao redor. Dentro d\u00e1 \u00e1gua, lanchas, jet skis, caiaques, pranchas de wind e banana-boats dividem a bela paisagem. Uma das maneiras mais divertidas de chegar ao local \u00e9 atrav\u00e9s de um passeio de bugue em meio \u00e0s dunas e coqueirais. O roteiro pode incluir ainda as lagoas de Parnamirim &#8211; com parada para banho e descida de esquibunda &#8211; e de \u00c1guas Cristalinas, de onde se tem uma bonita vista do rio Cau\u00edpe. O ponto final \u00e9 a praia de Barra do Cau\u00edpe, com lagoa, barracas e esportes n\u00e1uticos.<\/p><\/div>\n<div align=\"justify\"><img loading=\"lazy\" class=\"galeria-interna-grande\" src=\"http:\/\/www.feriasbrasil.com.br\/fotosfb\/131993585-XG.jpg\" alt=\"Em Cumbuco \u00e9 ver\u00e3o o ano inteiro\" width=\"640\" height=\"409\" \/><\/p>\n<p>O ponto de partida dos passeios de bugue, cavalo, jegue, quadriciclo e jangada \u00e9 a praia de Cumbuco, a preferida dos adeptos do kitesurf, windsurf, surf e paraglider. O melhor per\u00edodo para a pr\u00e1tica dos esportes \u00e9 entre os meses de julho e fevereiro, quando sopram os ventos al\u00edsios.<\/p><\/div>\n<div align=\"justify\"><\/div>\n<div align=\"justify\"><img loading=\"lazy\" class=\"galeria-interna-grande\" src=\"http:\/\/www.feriasbrasil.com.br\/fotosfb\/300377488-XG.jpg\" alt=\"Em Cumbuco \u00e9 ver\u00e3o o ano inteiro\" width=\"639\" height=\"408\" \/><\/div>\n<ul class=\"conteudo-extras\">\n<li class=\"conteudo-obs\">\n<h4>Obs:<\/h4>\n<p>DDD 85 Dist\u00e2ncia de Fortaleza 35 km &#8211; acesso pela Avenida Leste-Oeste<\/li>\n<\/ul>\n<p><img loading=\"lazy\" class=\"galeria-interna-grande\" src=\"http:\/\/www.feriasbrasil.com.br\/fotosfb\/193273197-XG.jpg\" alt=\"Em Cumbuco \u00e9 ver\u00e3o o ano inteiro\" width=\"640\" height=\"409\" \/><\/p>\n<p><img loading=\"lazy\" class=\"galeria-interna-grande\" src=\"http:\/\/www.feriasbrasil.com.br\/fotosfb\/943106364-XG.jpg\" alt=\"Em Cumbuco \u00e9 ver\u00e3o o ano inteiro\" width=\"640\" height=\"409\" \/><\/p>\n<p><img loading=\"lazy\" class=\"galeria-interna-grande\" src=\"http:\/\/www.feriasbrasil.com.br\/fotosfb\/995787618-XG.jpg\" alt=\"Em Cumbuco \u00e9 ver\u00e3o o ano inteiro\" width=\"639\" height=\"408\" \/><\/p>\n<p><img loading=\"lazy\" class=\"galeria-interna-grande\" src=\"http:\/\/www.feriasbrasil.com.br\/fotosfb\/157044527-XG.jpg\" alt=\"Em Cumbuco \u00e9 ver\u00e3o o ano inteiro\" width=\"640\" height=\"409\" \/><\/p>\n<p><img loading=\"lazy\" class=\"galeria-interna-grande\" src=\"http:\/\/www.feriasbrasil.com.br\/fotosfb\/970844484-XG.jpg\" alt=\"Em Cumbuco \u00e9 ver\u00e3o o ano inteiro\" width=\"639\" height=\"408\" \/><\/p>\n","protected":false},"excerpt":{"rendered":"<p>Por Editoria F\u00e9rias Brasil As dunas e as lagoas que emolduram Cumbuco fazem da vila<\/p>\n","protected":false},"author":7,"featured_media":0,"comment_status":"open","ping_status":"open","sticky":false,"template":"","format":"standard","meta":[],"categories":[],"tags":[],"uagb_featured_image_src":{"full":false,"thumbnail":false,"medium":false,"medium_large":false,"large":false,"1536x1536":false,"2048x2048":false,"cream-magazine-thumbnail-2":false,"cream-magazine-thumbnail-3":false,"cream-magazine-thumbnail-4":false},"uagb_author_info":{"display_name":"","author_link":"https:\/\/espacoecologico.com.br\/arquivo\/author\/"},"uagb_comment_info":0,"uagb_excerpt":"Por Editoria F\u00e9rias Brasil As dunas e as lagoas que emolduram Cumbuco fazem da vila","_links":{"self":[{"href":"https:\/\/espacoecologico.com.br\/arquivo\/wp-json\/wp\/v2\/posts\/58772"}],"collection":[{"href":"https:\/\/espacoecologico.com.br\/arquivo\/wp-json\/wp\/v2\/posts"}],"about":[{"href":"https:\/\/espacoecologico.com.br\/arquivo\/wp-json\/wp\/v2\/types\/post"}],"author":[{"embeddable":true,"href":"https:\/\/espacoecologico.com.br\/arquivo\/wp-json\/wp\/v2\/users\/7"}],"replies":[{"embeddable":true,"href":"https:\/\/espacoecologico.com.br\/arquivo\/wp-json\/wp\/v2\/comments?post=58772"}],"version-history":[{"count":0,"href":"https:\/\/espacoecologico.com.br\/arquivo\/wp-json\/wp\/v2\/posts\/58772\/revisions"}],"wp:attachment":[{"href":"https:\/\/espacoecologico.com.br\/arquivo\/wp-json\/wp\/v2\/media?parent=58772"}],"wp:term":[{"taxonomy":"category","embeddable":true,"href":"https:\/\/espacoecologico.com.br\/arquivo\/wp-json\/wp\/v2\/categories?post=58772"},{"taxonomy":"post_tag","embeddable":true,"href":"https:\/\/espacoecologico.com.br\/arquivo\/wp-json\/wp\/v2\/tags?post=58772"}],"curies":[{"name":"wp","href":"https:\/\/api.w.org\/{rel}","templated":true}]}}