{"id":58748,"date":"2017-01-28T14:47:33","date_gmt":"2017-01-28T17:47:33","guid":{"rendered":"https:\/\/espacoecologico.com.br\/arquivo\/?p=58748"},"modified":"2017-01-28T14:47:34","modified_gmt":"2017-01-28T17:47:34","slug":"parque-nacional-serra-da-capivara-tera-gestao-compartilhada","status":"publish","type":"post","link":"https:\/\/espacoecologico.com.br\/arquivo\/parque-nacional-serra-da-capivara-tera-gestao-compartilhada\/","title":{"rendered":"Parque Nacional Serra da Capivara ter\u00e1 gest\u00e3o compartilhada"},"content":{"rendered":"<div>\n<div>\n<p><a href=\"https:\/\/espacoecologico.com.br\/arquivo\/parque-nacional-serra-da-capivara-tera-gestao-compartilhada\/serra_capivara-4\/\" rel=\"attachment wp-att-58749\"><img loading=\"lazy\" class=\"alignleft size-medium wp-image-58749\" src=\"https:\/\/espacoecologico.com.br\/arquivo\/wp-content\/uploads\/2017\/01\/serra_capivara-300x192.jpg\" alt=\"\" width=\"300\" height=\"192\" srcset=\"https:\/\/espacoecologico.com.br\/arquivo\/wp-content\/uploads\/2017\/01\/serra_capivara-300x192.jpg 300w, https:\/\/espacoecologico.com.br\/arquivo\/wp-content\/uploads\/2017\/01\/serra_capivara.jpg 415w\" sizes=\"(max-width: 300px) 100vw, 300px\" \/><\/a>O Parque Nacional da Serra da Capivara, no Estado do Piau\u00ed, adotar\u00e1 um novo modelo de gest\u00e3o compartilhada.<\/p>\n<p>Um acordo entre o Minist\u00e9rio da Cultura, o Instituto Chico Mendes de Conserva\u00e7\u00e3o da Biodiversidade (ICMBio), Instituto do Patrim\u00f4nio Hist\u00f3rico e Art\u00edstico Nacional (Iphan), Funda\u00e7\u00e3o do Homem Americano (Fumdham) e o governo do estado, assinado nessa quarta-feira (25), estabelece a cria\u00e7\u00e3o do Comit\u00ea Permanente de Acompanhamento e Gest\u00e3o.<\/p>\n<p>&#8220;A responsabilidade do parque \u00e9 de todos. \u00c9 importante o contato permanente e n\u00e3o s\u00f3 formalidade. Vamos agora pensar no turismo e na import\u00e2ncia do parque para o Piau\u00ed, para o Nordeste, para o Brasil e para a humanidade&#8221;, destacou o ministro da Cultura, Roberto Freire.<\/p>\n<p>Ap\u00f3s a assinatura do acordo, Freire visitou o parque, o Museu do Homem Americano, criado para divulgar a import\u00e2ncia do patrim\u00f4nio cultural deixado pelos povos pr\u00e9-hist\u00f3ricos, e o Centro Cultural S\u00e9rgio Motta, onde est\u00e3o instalados laborat\u00f3rios de pesquisa.<\/p>\n<p><strong>Serra da Capivara<\/strong><\/p>\n<p>Inscrito na lista do Patrim\u00f4nio Mundial da Humanidade pela Organiza\u00e7\u00e3o das Na\u00e7\u00f5es Unidas para a Educa\u00e7\u00e3o, a Ci\u00eancia e a Cultura (Unesco), em 1991, e tombado pelo Iphan em 1993, o Parque Nacional da Serra da Capivara, al\u00e9m da riqueza ambiental, \u00e9 um santu\u00e1rio hist\u00f3rico e cultural que abriga 400 s\u00edtios arqueol\u00f3gicos com pinturas e gravuras rupestres que datam de cerca de 43 mil anos.<\/p>\n<p>Com aproximadamente 129 mil hectares de prote\u00e7\u00e3o integral \u00e0 natureza, abrange os munic\u00edpios piauienses de S\u00e3o Raimundo Nonato, Canto do Buriti, Coronel Jos\u00e9 Dias e S\u00e3o Jo\u00e3o do Piau\u00ed. Fica no semi\u00e1rido nordestino, fronteira entre duas forma\u00e7\u00f5es geol\u00f3gicas, com serras, vales e plan\u00edcie. Abriga fauna e flora espec\u00edficas da caatinga.<\/p>\n<p><iframe loading=\"lazy\" src=\"https:\/\/www.youtube.com\/embed\/HFHTESyeHBE\" width=\"490\" height=\"368\" frameborder=\"0\" allowfullscreen=\"allowfullscreen\"><\/iframe><\/div>\n<div><\/div>\n<\/div>\n","protected":false},"excerpt":{"rendered":"<p>O Parque Nacional da Serra da Capivara, no Estado do Piau\u00ed, adotar\u00e1 um novo modelo<\/p>\n","protected":false},"author":7,"featured_media":58749,"comment_status":"open","ping_status":"open","sticky":false,"template":"","format":"standard","meta":[],"categories":[],"tags":[],"uagb_featured_image_src":{"full":["https:\/\/espacoecologico.com.br\/arquivo\/wp-content\/uploads\/2017\/01\/serra_capivara.jpg",415,265,false],"thumbnail":["https:\/\/espacoecologico.com.br\/arquivo\/wp-content\/uploads\/2017\/01\/serra_capivara-150x150.jpg",150,150,true],"medium":["https:\/\/espacoecologico.com.br\/arquivo\/wp-content\/uploads\/2017\/01\/serra_capivara-300x192.jpg",300,192,true],"medium_large":["https:\/\/espacoecologico.com.br\/arquivo\/wp-content\/uploads\/2017\/01\/serra_capivara.jpg",415,265,false],"large":["https:\/\/espacoecologico.com.br\/arquivo\/wp-content\/uploads\/2017\/01\/serra_capivara.jpg",415,265,false],"1536x1536":["https:\/\/espacoecologico.com.br\/arquivo\/wp-content\/uploads\/2017\/01\/serra_capivara.jpg",415,265,false],"2048x2048":["https:\/\/espacoecologico.com.br\/arquivo\/wp-content\/uploads\/2017\/01\/serra_capivara.jpg",415,265,false],"cream-magazine-thumbnail-2":["https:\/\/espacoecologico.com.br\/arquivo\/wp-content\/uploads\/2017\/01\/serra_capivara.jpg",415,265,false],"cream-magazine-thumbnail-3":["https:\/\/espacoecologico.com.br\/arquivo\/wp-content\/uploads\/2017\/01\/serra_capivara.jpg",415,265,false],"cream-magazine-thumbnail-4":["https:\/\/espacoecologico.com.br\/arquivo\/wp-content\/uploads\/2017\/01\/serra_capivara.jpg",415,265,false]},"uagb_author_info":{"display_name":"","author_link":"https:\/\/espacoecologico.com.br\/arquivo\/author\/"},"uagb_comment_info":0,"uagb_excerpt":"O Parque Nacional da Serra da Capivara, no Estado do Piau\u00ed, adotar\u00e1 um novo modelo","_links":{"self":[{"href":"https:\/\/espacoecologico.com.br\/arquivo\/wp-json\/wp\/v2\/posts\/58748"}],"collection":[{"href":"https:\/\/espacoecologico.com.br\/arquivo\/wp-json\/wp\/v2\/posts"}],"about":[{"href":"https:\/\/espacoecologico.com.br\/arquivo\/wp-json\/wp\/v2\/types\/post"}],"author":[{"embeddable":true,"href":"https:\/\/espacoecologico.com.br\/arquivo\/wp-json\/wp\/v2\/users\/7"}],"replies":[{"embeddable":true,"href":"https:\/\/espacoecologico.com.br\/arquivo\/wp-json\/wp\/v2\/comments?post=58748"}],"version-history":[{"count":0,"href":"https:\/\/espacoecologico.com.br\/arquivo\/wp-json\/wp\/v2\/posts\/58748\/revisions"}],"wp:featuredmedia":[{"embeddable":true,"href":"https:\/\/espacoecologico.com.br\/arquivo\/wp-json\/wp\/v2\/media\/58749"}],"wp:attachment":[{"href":"https:\/\/espacoecologico.com.br\/arquivo\/wp-json\/wp\/v2\/media?parent=58748"}],"wp:term":[{"taxonomy":"category","embeddable":true,"href":"https:\/\/espacoecologico.com.br\/arquivo\/wp-json\/wp\/v2\/categories?post=58748"},{"taxonomy":"post_tag","embeddable":true,"href":"https:\/\/espacoecologico.com.br\/arquivo\/wp-json\/wp\/v2\/tags?post=58748"}],"curies":[{"name":"wp","href":"https:\/\/api.w.org\/{rel}","templated":true}]}}