{"id":58743,"date":"2017-01-28T14:39:26","date_gmt":"2017-01-28T17:39:26","guid":{"rendered":"https:\/\/espacoecologico.com.br\/arquivo\/?p=58743"},"modified":"2017-01-28T14:41:29","modified_gmt":"2017-01-28T17:41:29","slug":"pan-mata-atlantica-pode-reduzir-numero-de-aves-em-risco-de-extincao-nos-proximos-anos","status":"publish","type":"post","link":"https:\/\/espacoecologico.com.br\/arquivo\/pan-mata-atlantica-pode-reduzir-numero-de-aves-em-risco-de-extincao-nos-proximos-anos\/","title":{"rendered":"PAN-Mata Atl\u00e2ntica pode reduzir n\u00famero de aves em risco de extin\u00e7\u00e3o nos pr\u00f3ximos anos"},"content":{"rendered":"<p><a href=\"https:\/\/espacoecologico.com.br\/arquivo\/pan-mata-atlantica-pode-reduzir-numero-de-aves-em-risco-de-extincao-nos-proximos-anos\/mutum\/\" rel=\"attachment wp-att-58744\"><img loading=\"lazy\" class=\"alignleft size-medium wp-image-58744\" src=\"https:\/\/espacoecologico.com.br\/arquivo\/wp-content\/uploads\/2017\/01\/mutum-300x192.jpg\" alt=\"\" width=\"300\" height=\"192\" srcset=\"https:\/\/espacoecologico.com.br\/arquivo\/wp-content\/uploads\/2017\/01\/mutum-300x192.jpg 300w, https:\/\/espacoecologico.com.br\/arquivo\/wp-content\/uploads\/2017\/01\/mutum.jpg 415w\" sizes=\"(max-width: 300px) 100vw, 300px\" \/><\/a>O bioma Mata Atl\u00e2ntica j\u00e1 perdeu algo em torno de 90% de sua vegeta\u00e7\u00e3o nativa colocando em risco de extin\u00e7\u00e3o pelo menos 107 esp\u00e9cies de p\u00e1ssaros. As aves fazem parte da fauna mais sens\u00edvel \u00e0s mudan\u00e7as ambientais e clim\u00e1ticas. Para assegurar sua preserva\u00e7\u00e3o, o Instituto Chico Mendes de Conserva\u00e7\u00e3o da Biodiversidade (ICMBio), do Minist\u00e9rio do Meio Ambiente, publicou, nesta quinta-feira (26\/01), no <a href=\"http:\/\/pesquisa.in.gov.br\/imprensa\/jsp\/visualiza\/index.jsp?jornal=1&amp;pagina=43&amp;data=26\/01\/2017\">Di\u00e1rio Oficial da Uni\u00e3o<\/a>, o Plano de A\u00e7\u00e3o Nacional para a Conserva\u00e7\u00e3o das Aves da Mata Atl\u00e2ntica (PAN).<\/p>\n<p>Ugo Vercillo, diretor do Departamento de Conserva\u00e7\u00e3o e Manejo de Esp\u00e9cies do MMA, refor\u00e7a que \u201co PAN vai integrar os diversos setores que atuam no esfor\u00e7os brasileiros para reduzir o n\u00fameros de aves silvestres amea\u00e7adas de extin\u00e7\u00e3o\u201d. \u00a0Para ele, o resultado poder\u00e1 vir nos pr\u00f3ximos anos, com a redu\u00e7\u00e3o do n\u00fameros de p\u00e1ssaros da Lista Vermelha das Esp\u00e9cies Amea\u00e7adas de Extin\u00e7\u00e3o. O PAN vai at\u00e9 2022.<\/p>\n<p>A bi\u00f3loga Priscila Amaral, do Centro Nacional de Pesquisas e Conserva\u00e7\u00e3o das Aves Silvestres (Cemave\/ICMBio), em Cabedelo, na Para\u00edba, respons\u00e1vel pela coordena\u00e7\u00e3o do PAN-Mata Atl\u00e2ntica, acredita que o plano dar\u00e1 mais agilidade \u00e0s a\u00e7\u00f5es para salvar as esp\u00e9cies. \u201cPoderemos estabelecer as prioridades e buscar os recursos necess\u00e1rios para preservar os habitats das aves amea\u00e7adas com muito mais agilidade\u201d, afirma.<\/p>\n<p><strong>DEVASTA\u00c7\u00c3O<\/strong><\/p>\n<p>O respons\u00e1vel pelo elevado n\u00fameros de aves sob amea\u00e7a de extin\u00e7\u00e3o \u00e9 o homem. As mudan\u00e7as de uso do solo, o desmatamento e polui\u00e7\u00e3o do ar, colocam em risco os habitats dos p\u00e1ssaros, sua reprodu\u00e7\u00e3o e evolu\u00e7\u00e3o gen\u00e9tica. De acordo com Priscila, na Mata Atl\u00e2ntica \u201ca fragmenta\u00e7\u00e3o da vegeta\u00e7\u00e3o \u00e9 um grave problema para a sobreviv\u00eancia das esp\u00e9cies\u201d.<\/p>\n<p>Ela explica que as unidades de conserva\u00e7\u00e3o s\u00e3o as \u00e1reas que concentram as a\u00e7\u00f5es do Cemave. \u00c9 nesses territ\u00f3rios, protegidos por legisla\u00e7\u00f5es r\u00edgidas, que ocorre a pesquisa e a prote\u00e7\u00e3o dos p\u00e1ssaros. \u201cMesmo assim, ainda h\u00e1 muito a fazer para reduzir o n\u00famero de esp\u00e9cies amea\u00e7adas\u201d, avalia.<\/p>\n<p>A cria\u00e7\u00e3o de corredores ecol\u00f3gicos, mosaicos e a recupera\u00e7\u00e3o de \u00e1reas degradadas s\u00e3o citadas entre as a\u00e7\u00f5es mais importantes para reduzir a vulnerabilidade. \u00a0O Cemave volta suas preocupa\u00e7\u00f5es agora para a paisagem da restinga. A ocupa\u00e7\u00e3o humana vem crescendo nessas \u00e1reas, e reduzindo a cobertura vegetal, importante para v\u00e1rias esp\u00e9cies de p\u00e1ssaros.<\/p>\n","protected":false},"excerpt":{"rendered":"<p>O bioma Mata Atl\u00e2ntica j\u00e1 perdeu algo em torno de 90% de sua vegeta\u00e7\u00e3o nativa<\/p>\n","protected":false},"author":7,"featured_media":58744,"comment_status":"open","ping_status":"open","sticky":false,"template":"","format":"standard","meta":[],"categories":[],"tags":[],"uagb_featured_image_src":{"full":["https:\/\/espacoecologico.com.br\/arquivo\/wp-content\/uploads\/2017\/01\/mutum.jpg",415,265,false],"thumbnail":["https:\/\/espacoecologico.com.br\/arquivo\/wp-content\/uploads\/2017\/01\/mutum-150x150.jpg",150,150,true],"medium":["https:\/\/espacoecologico.com.br\/arquivo\/wp-content\/uploads\/2017\/01\/mutum-300x192.jpg",300,192,true],"medium_large":["https:\/\/espacoecologico.com.br\/arquivo\/wp-content\/uploads\/2017\/01\/mutum.jpg",415,265,false],"large":["https:\/\/espacoecologico.com.br\/arquivo\/wp-content\/uploads\/2017\/01\/mutum.jpg",415,265,false],"1536x1536":["https:\/\/espacoecologico.com.br\/arquivo\/wp-content\/uploads\/2017\/01\/mutum.jpg",415,265,false],"2048x2048":["https:\/\/espacoecologico.com.br\/arquivo\/wp-content\/uploads\/2017\/01\/mutum.jpg",415,265,false],"cream-magazine-thumbnail-2":["https:\/\/espacoecologico.com.br\/arquivo\/wp-content\/uploads\/2017\/01\/mutum.jpg",415,265,false],"cream-magazine-thumbnail-3":["https:\/\/espacoecologico.com.br\/arquivo\/wp-content\/uploads\/2017\/01\/mutum.jpg",415,265,false],"cream-magazine-thumbnail-4":["https:\/\/espacoecologico.com.br\/arquivo\/wp-content\/uploads\/2017\/01\/mutum.jpg",415,265,false]},"uagb_author_info":{"display_name":"","author_link":"https:\/\/espacoecologico.com.br\/arquivo\/author\/"},"uagb_comment_info":0,"uagb_excerpt":"O bioma Mata Atl\u00e2ntica j\u00e1 perdeu algo em torno de 90% de sua vegeta\u00e7\u00e3o nativa","_links":{"self":[{"href":"https:\/\/espacoecologico.com.br\/arquivo\/wp-json\/wp\/v2\/posts\/58743"}],"collection":[{"href":"https:\/\/espacoecologico.com.br\/arquivo\/wp-json\/wp\/v2\/posts"}],"about":[{"href":"https:\/\/espacoecologico.com.br\/arquivo\/wp-json\/wp\/v2\/types\/post"}],"author":[{"embeddable":true,"href":"https:\/\/espacoecologico.com.br\/arquivo\/wp-json\/wp\/v2\/users\/7"}],"replies":[{"embeddable":true,"href":"https:\/\/espacoecologico.com.br\/arquivo\/wp-json\/wp\/v2\/comments?post=58743"}],"version-history":[{"count":0,"href":"https:\/\/espacoecologico.com.br\/arquivo\/wp-json\/wp\/v2\/posts\/58743\/revisions"}],"wp:featuredmedia":[{"embeddable":true,"href":"https:\/\/espacoecologico.com.br\/arquivo\/wp-json\/wp\/v2\/media\/58744"}],"wp:attachment":[{"href":"https:\/\/espacoecologico.com.br\/arquivo\/wp-json\/wp\/v2\/media?parent=58743"}],"wp:term":[{"taxonomy":"category","embeddable":true,"href":"https:\/\/espacoecologico.com.br\/arquivo\/wp-json\/wp\/v2\/categories?post=58743"},{"taxonomy":"post_tag","embeddable":true,"href":"https:\/\/espacoecologico.com.br\/arquivo\/wp-json\/wp\/v2\/tags?post=58743"}],"curies":[{"name":"wp","href":"https:\/\/api.w.org\/{rel}","templated":true}]}}