{"id":58739,"date":"2017-01-28T14:34:01","date_gmt":"2017-01-28T17:34:01","guid":{"rendered":"https:\/\/espacoecologico.com.br\/arquivo\/?p=58739"},"modified":"2017-01-28T14:34:02","modified_gmt":"2017-01-28T17:34:02","slug":"ambientalistas-pedem-boicote-a-purpurina-e-glittler-no-carnaval","status":"publish","type":"post","link":"https:\/\/espacoecologico.com.br\/arquivo\/ambientalistas-pedem-boicote-a-purpurina-e-glittler-no-carnaval\/","title":{"rendered":"Ambientalistas pedem boicote a purpurina e glittler no carnaval"},"content":{"rendered":"<p><a href=\"https:\/\/espacoecologico.com.br\/arquivo\/ambientalistas-pedem-boicote-a-purpurina-e-glittler-no-carnaval\/bloco\/\" rel=\"attachment wp-att-58740\"><img loading=\"lazy\" class=\"alignleft size-medium wp-image-58740\" src=\"https:\/\/espacoecologico.com.br\/arquivo\/wp-content\/uploads\/2017\/01\/bloco-300x192.jpg\" alt=\"\" width=\"300\" height=\"192\" srcset=\"https:\/\/espacoecologico.com.br\/arquivo\/wp-content\/uploads\/2017\/01\/bloco-300x192.jpg 300w, https:\/\/espacoecologico.com.br\/arquivo\/wp-content\/uploads\/2017\/01\/bloco.jpg 415w\" sizes=\"(max-width: 300px) 100vw, 300px\" \/><\/a>No reinado de Momo, purpunina e glitter s\u00e3o soberanos em blocos de rua e no Samb\u00f3dromo. Mas a onipresen\u00e7a desses micropl\u00e1sticos no carnaval preocupa ambientalistas, atentos ao escoamento desse tipo de material no mar, onde o produto demora s\u00e9culos at\u00e9 se decompor. Assim, ecologistas prop\u00f5em aos foli\u00f5es que evitem os adere\u00e7os que tanto brilho conferem \u00e0 festa.<\/p>\n<p>A pol\u00eamica ganhou as redes sociais esta semana, com um texto do site &#8220;Pedra Ambiental&#8221; intitulado &#8220;<a href=\"https:\/\/pedraambiental.com\/2017\/01\/21\/glitter-e-purpurina-a-brincadeira-de-carnaval-que-destroi-a-vida-nos-oceanos\/\" rel=\"external\">Glitter e purpurina: a brincadeira de carnaval que destroi a vida nos oceanos&#8221;<\/a>. O artigo foi intensamente compartilhado, intrigando entusiastas do carnaval. Mas diferentes estudos cient\u00edficos refor\u00e7am o argumento dos ambientalistas.<\/p>\n<p>Uma pesquisa publicada em 2015 na revista \u201cNature\u201d estimou que cerca de 8 milh\u00f5es de toneladas m\u00e9tricas de pl\u00e1stico chegam anualmente nos oceanos. Outro levantamento, divulgado na \u201cEnvironmental Research Letters\u201d, indicou que at\u00e9 236 mil toneladas m\u00e9tricas seriam de micropl\u00e1sticos \u2014 uma quantidade 37 vezes maior da calculada at\u00e9 ent\u00e3o. A diferen\u00e7a equivale ao peso de 1.300 baleias azuis.<\/p>\n<p>Bi\u00f3logo e especialista em vida marinha do Instituto Oswaldo Cruz, Salvatore Siciliano alerta que o pl\u00e1stico pode demorar centenas de anos at\u00e9 entrar em decomposi\u00e7\u00e3o. E o mar est\u00e1 cheio de exemplos sobre seus danos.<\/p>\n<p>\u2014 J\u00e1 encontrei um bagre que engoliu uma camisinha, que acabou perfurando seu est\u00f4mago \u2014 conta. \u2014 Mesmo falando apenas de micropl\u00e1sticos, acho que o carnaval contribui para a degrada\u00e7\u00e3o do meio ambiente. A purpina e o glitter deveriam ser desestimulados. Por que n\u00e3o usar urucum, como faziam os \u00edndios? Seria melhor para todos.<\/p>\n<p>Cl\u00e1udio Gon\u00e7alves Tiago, pesquisador do Centro de Biologia Marinha (Cebimar-USP), reconhece que os micropl\u00e1sticos podem atrapalhar a obten\u00e7\u00e3o de alimentos para os organismos.<\/p>\n<p>\u2014 Embora sejam subst\u00e2ncias muito pequenas, devemos considerar que elas aparecem em grande quantidade, especialmente na zona litor\u00e2nea \u2014 explica. \u2014 Quando temos uma contingente enorme de pl\u00e1sticos, at\u00e9 a fotoss\u00edntese das algas pode ser prejudicada. O glitter e a purpuina n\u00e3o t\u00eam tamanho para provocar o mesmo efeito, mas chegam com muita facilidade ao mar, at\u00e9 porque muitos banhistas v\u00e3o para o oceano tomar banho.<\/p>\n<p>O bi\u00f3logo, ent\u00e3o, recomenda dist\u00e2ncia de glitter e purpurina.<\/p>\n<p>\u2014 \u00c9 uma polui\u00e7\u00e3o desnecess\u00e1ria, assim como o roj\u00e3o \u00e9 desnecess\u00e1rio, por causa da polui\u00e7\u00e3o sonora. Na verdade, acho que n\u00f3s n\u00e3o fazemos muito bem ao meio ambiente.<\/p>\n","protected":false},"excerpt":{"rendered":"<p>No reinado de Momo, purpunina e glitter s\u00e3o soberanos em blocos de rua e no<\/p>\n","protected":false},"author":7,"featured_media":58740,"comment_status":"open","ping_status":"open","sticky":false,"template":"","format":"standard","meta":[],"categories":[],"tags":[],"uagb_featured_image_src":{"full":["https:\/\/espacoecologico.com.br\/arquivo\/wp-content\/uploads\/2017\/01\/bloco.jpg",415,265,false],"thumbnail":["https:\/\/espacoecologico.com.br\/arquivo\/wp-content\/uploads\/2017\/01\/bloco-150x150.jpg",150,150,true],"medium":["https:\/\/espacoecologico.com.br\/arquivo\/wp-content\/uploads\/2017\/01\/bloco-300x192.jpg",300,192,true],"medium_large":["https:\/\/espacoecologico.com.br\/arquivo\/wp-content\/uploads\/2017\/01\/bloco.jpg",415,265,false],"large":["https:\/\/espacoecologico.com.br\/arquivo\/wp-content\/uploads\/2017\/01\/bloco.jpg",415,265,false],"1536x1536":["https:\/\/espacoecologico.com.br\/arquivo\/wp-content\/uploads\/2017\/01\/bloco.jpg",415,265,false],"2048x2048":["https:\/\/espacoecologico.com.br\/arquivo\/wp-content\/uploads\/2017\/01\/bloco.jpg",415,265,false],"cream-magazine-thumbnail-2":["https:\/\/espacoecologico.com.br\/arquivo\/wp-content\/uploads\/2017\/01\/bloco.jpg",415,265,false],"cream-magazine-thumbnail-3":["https:\/\/espacoecologico.com.br\/arquivo\/wp-content\/uploads\/2017\/01\/bloco.jpg",415,265,false],"cream-magazine-thumbnail-4":["https:\/\/espacoecologico.com.br\/arquivo\/wp-content\/uploads\/2017\/01\/bloco.jpg",415,265,false]},"uagb_author_info":{"display_name":"","author_link":"https:\/\/espacoecologico.com.br\/arquivo\/author\/"},"uagb_comment_info":0,"uagb_excerpt":"No reinado de Momo, purpunina e glitter s\u00e3o soberanos em blocos de rua e no","_links":{"self":[{"href":"https:\/\/espacoecologico.com.br\/arquivo\/wp-json\/wp\/v2\/posts\/58739"}],"collection":[{"href":"https:\/\/espacoecologico.com.br\/arquivo\/wp-json\/wp\/v2\/posts"}],"about":[{"href":"https:\/\/espacoecologico.com.br\/arquivo\/wp-json\/wp\/v2\/types\/post"}],"author":[{"embeddable":true,"href":"https:\/\/espacoecologico.com.br\/arquivo\/wp-json\/wp\/v2\/users\/7"}],"replies":[{"embeddable":true,"href":"https:\/\/espacoecologico.com.br\/arquivo\/wp-json\/wp\/v2\/comments?post=58739"}],"version-history":[{"count":0,"href":"https:\/\/espacoecologico.com.br\/arquivo\/wp-json\/wp\/v2\/posts\/58739\/revisions"}],"wp:featuredmedia":[{"embeddable":true,"href":"https:\/\/espacoecologico.com.br\/arquivo\/wp-json\/wp\/v2\/media\/58740"}],"wp:attachment":[{"href":"https:\/\/espacoecologico.com.br\/arquivo\/wp-json\/wp\/v2\/media?parent=58739"}],"wp:term":[{"taxonomy":"category","embeddable":true,"href":"https:\/\/espacoecologico.com.br\/arquivo\/wp-json\/wp\/v2\/categories?post=58739"},{"taxonomy":"post_tag","embeddable":true,"href":"https:\/\/espacoecologico.com.br\/arquivo\/wp-json\/wp\/v2\/tags?post=58739"}],"curies":[{"name":"wp","href":"https:\/\/api.w.org\/{rel}","templated":true}]}}