{"id":58732,"date":"2017-01-28T10:18:08","date_gmt":"2017-01-28T13:18:08","guid":{"rendered":"https:\/\/espacoecologico.com.br\/arquivo\/?p=58732"},"modified":"2017-01-28T10:18:08","modified_gmt":"2017-01-28T13:18:08","slug":"demencia-em-caes-e-gatos-pode-ser-culpa-dos-tutores-diz-estudo","status":"publish","type":"post","link":"https:\/\/espacoecologico.com.br\/arquivo\/demencia-em-caes-e-gatos-pode-ser-culpa-dos-tutores-diz-estudo\/","title":{"rendered":"Dem\u00eancia em c\u00e3es e gatos pode ser culpa dos tutores, diz estudo"},"content":{"rendered":"<div id=\"txt\">\n<div class=\"container_comments-related\">\n<div id=\"attachment_642597\" class=\"wp-caption aligncenter\" style=\"width: 649px;\"><img loading=\"lazy\" class=\"wp-image-642597\" src=\"http:\/\/www.anda.jor.br\/wp-content\/uploads\/2017\/01\/demencia-em-animais.jpg\" sizes=\"(max-width: 660px) 100vw, 660px\" srcset=\"http:\/\/www.anda.jor.br\/wp-content\/uploads\/2017\/01\/demencia-em-animais.jpg 700w, http:\/\/www.anda.jor.br\/wp-content\/uploads\/2017\/01\/demencia-em-animais-300x210.jpg 300w, http:\/\/www.anda.jor.br\/wp-content\/uploads\/2017\/01\/demencia-em-animais-100x70.jpg 100w, http:\/\/www.anda.jor.br\/wp-content\/uploads\/2017\/01\/demencia-em-animais-169x118.jpg 169w\" width=\"639\" height=\"446\" \/><\/p>\n<p class=\"wp-caption-text\">Foto: Divulga\u00e7\u00e3o<\/p>\n<\/div>\n<p>Andar lento e desorientado, perda de mem\u00f3ria, inclusive para necessidades b\u00e1sicas, como se alimentar, e mudan\u00e7as nos h\u00e1bitos. Esses s\u00e3o alguns sintomas da dem\u00eancia percebidos em c\u00e3es e gatos e, infelizmente, o n\u00famero de casos dessa doen\u00e7a parece estar aumentando.<\/p>\n<p>Um estudo da Universidade de Edimburgo, na Esc\u00f3cia, sugere que metade dos gatos com mais de 15 anos e um ter\u00e7o daqueles com idade entre 11 e 14 anos sofrem de dem\u00eancia. Entre os cachorros, os efeitos podem ser percebidos ainda mais cedo: um ter\u00e7o dos c\u00e3es com mais de 8 anos j\u00e1 apresentam sinais da doen\u00e7a.<\/p>\n<h2><strong>Causas da dem\u00eancia<\/strong><\/h2>\n<p>A culpa disso tudo pode ser dos tutores. De acordo com o professor Holger Volk, do Royal Veterinary College de Londres, pouca atividade f\u00edsica e ra\u00e7\u00f5es baratas e de baixa qualidade podem ser respons\u00e1veis pelo alto n\u00famero de casos.<\/p>\n<p>Segundo o veterin\u00e1rio, obesidade e falta de exerc\u00edcios causam problemas de sa\u00fade nos animais, da mesma forma que nas pessoas. Sendo assim, as medidas para tentar prevenir a doen\u00e7a s\u00e3o simples: garantir uma dieta balanceada aliada \u00e0 atividade f\u00edsica.<\/p>\n<p>No entanto, a falta de cuidados nem sempre \u00e9 a \u00fanica respons\u00e1vel. O aumento na expectativa de vida desses animais tamb\u00e9m \u00e9 um fator a ser considerado, de acordo com especialistas da \u00e1rea. Atualmente, n\u00e3o \u00e9 raro ver c\u00e3es e gatos ultrapassarem a barreira dos 15 anos com facilidade, o que n\u00e3o era t\u00e3o comum h\u00e1 algum tempo. Como as chances de dem\u00eancia aumentam com a idade, os c\u00e9rebros deles podem ainda n\u00e3o estar evolu\u00eddos o suficiente para sobreviver tanto.<\/p>\n<\/div>\n<\/div>\n","protected":false},"excerpt":{"rendered":"<p>Foto: Divulga\u00e7\u00e3o Andar lento e desorientado, perda de mem\u00f3ria, inclusive para necessidades b\u00e1sicas, como se<\/p>\n","protected":false},"author":7,"featured_media":0,"comment_status":"open","ping_status":"open","sticky":false,"template":"","format":"standard","meta":[],"categories":[],"tags":[],"uagb_featured_image_src":{"full":false,"thumbnail":false,"medium":false,"medium_large":false,"large":false,"1536x1536":false,"2048x2048":false,"cream-magazine-thumbnail-2":false,"cream-magazine-thumbnail-3":false,"cream-magazine-thumbnail-4":false},"uagb_author_info":{"display_name":"","author_link":"https:\/\/espacoecologico.com.br\/arquivo\/author\/"},"uagb_comment_info":0,"uagb_excerpt":"Foto: Divulga\u00e7\u00e3o Andar lento e desorientado, perda de mem\u00f3ria, inclusive para necessidades b\u00e1sicas, como se","_links":{"self":[{"href":"https:\/\/espacoecologico.com.br\/arquivo\/wp-json\/wp\/v2\/posts\/58732"}],"collection":[{"href":"https:\/\/espacoecologico.com.br\/arquivo\/wp-json\/wp\/v2\/posts"}],"about":[{"href":"https:\/\/espacoecologico.com.br\/arquivo\/wp-json\/wp\/v2\/types\/post"}],"author":[{"embeddable":true,"href":"https:\/\/espacoecologico.com.br\/arquivo\/wp-json\/wp\/v2\/users\/7"}],"replies":[{"embeddable":true,"href":"https:\/\/espacoecologico.com.br\/arquivo\/wp-json\/wp\/v2\/comments?post=58732"}],"version-history":[{"count":0,"href":"https:\/\/espacoecologico.com.br\/arquivo\/wp-json\/wp\/v2\/posts\/58732\/revisions"}],"wp:attachment":[{"href":"https:\/\/espacoecologico.com.br\/arquivo\/wp-json\/wp\/v2\/media?parent=58732"}],"wp:term":[{"taxonomy":"category","embeddable":true,"href":"https:\/\/espacoecologico.com.br\/arquivo\/wp-json\/wp\/v2\/categories?post=58732"},{"taxonomy":"post_tag","embeddable":true,"href":"https:\/\/espacoecologico.com.br\/arquivo\/wp-json\/wp\/v2\/tags?post=58732"}],"curies":[{"name":"wp","href":"https:\/\/api.w.org\/{rel}","templated":true}]}}