{"id":58722,"date":"2017-01-28T10:08:25","date_gmt":"2017-01-28T13:08:25","guid":{"rendered":"https:\/\/espacoecologico.com.br\/arquivo\/?p=58722"},"modified":"2017-01-28T10:08:25","modified_gmt":"2017-01-28T13:08:25","slug":"municipios-sao-obrigados-a-fazer-levantamento-de-infestacao-por-aedes-aegypti","status":"publish","type":"post","link":"https:\/\/espacoecologico.com.br\/arquivo\/municipios-sao-obrigados-a-fazer-levantamento-de-infestacao-por-aedes-aegypti\/","title":{"rendered":"Munic\u00edpios s\u00e3o obrigados a fazer levantamento de infesta\u00e7\u00e3o por Aedes Aegypti"},"content":{"rendered":"<div class=\"content\">\n<p><a href=\"https:\/\/espacoecologico.com.br\/arquivo\/municipios-sao-obrigados-a-fazer-levantamento-de-infestacao-por-aedes-aegypti\/zica-7\/\" rel=\"attachment wp-att-58723\"><img loading=\"lazy\" class=\"alignleft size-medium wp-image-58723\" src=\"https:\/\/espacoecologico.com.br\/arquivo\/wp-content\/uploads\/2017\/01\/zica-300x192.jpg\" alt=\"\" width=\"300\" height=\"192\" srcset=\"https:\/\/espacoecologico.com.br\/arquivo\/wp-content\/uploads\/2017\/01\/zica-300x192.jpg 300w, https:\/\/espacoecologico.com.br\/arquivo\/wp-content\/uploads\/2017\/01\/zica.jpg 415w\" sizes=\"(max-width: 300px) 100vw, 300px\" \/><\/a>Resolu\u00e7\u00e3o do Minist\u00e9rio da Sa\u00fade publicada ontem (27) no <a href=\"http:\/\/pesquisa.in.gov.br\/imprensa\/jsp\/visualiza\/index.jsp?jornal=1&amp;pagina=38&amp;data=27\/01\/2017\" target=\"_blank\"><em>Di\u00e1rio Oficial da Uni\u00e3o<\/em><\/a> torna obrigat\u00f3ria a realiza\u00e7\u00e3o de levantamento entomol\u00f3gico de infesta\u00e7\u00e3o por <em>Aedes aegypti<\/em> em todos os munic\u00edpios do pa\u00eds. O texto tamb\u00e9m estabelece que as informa\u00e7\u00f5es sejam enviadas \u00e0s secretarias estaduais de sa\u00fade e, posteriormente, ao Minist\u00e9rio da Sa\u00fade.<\/p>\n<p>De acordo com a publica\u00e7\u00e3o, a decis\u00e3o foi tomada levando em considera\u00e7\u00e3o os diversos condicionantes que permitem a manuten\u00e7\u00e3o de criadouros do mosquito, a cocircula\u00e7\u00e3o de quatro sorotipos da dengue no pa\u00eds e a exist\u00eancia de grande contingente populacional exposto previamente a infec\u00e7\u00f5es pelo v\u00edrus, aumentando o risco para ocorr\u00eancia de epidemias com formas graves da doen\u00e7a e elevado n\u00famero de \u00f3bitos.<\/p>\n<p>A pasta tamb\u00e9m considerou a identifica\u00e7\u00e3o de casos de febre chikungunya, com transmiss\u00e3o aut\u00f3ctone comprovada em alguns munic\u00edpios e risco iminente de expans\u00e3o, al\u00e9m do surto do v\u00edrus Zika e sua r\u00e1pida dispers\u00e3o para todas as regi\u00f5es do pa\u00eds, provocando epidemias importantes acompanhadas de graves manifesta\u00e7\u00f5es neurol\u00f3gicas em adultos e rec\u00e9m-nascidos.<\/p>\n<p>Ainda segundo o minist\u00e9rio, levantamentos de \u00edndices de infesta\u00e7\u00e3o devem ser utilizados como ferramenta para direcionamento e qualifica\u00e7\u00e3o das a\u00e7\u00f5es de preven\u00e7\u00e3o e controle do mosquito. A proposta \u00e9 que munic\u00edpios infestados com mais de 2 mil im\u00f3veis realizem o Levantamento R\u00e1pido de \u00cdndice de Infesta\u00e7\u00e3o por Aedes aegypti (LIRAa), enquanto as cidades infestadas com menos de 2 mil im\u00f3veis ter\u00e3o de fazer o Levantamento de \u00cdndice Amostral.<\/p>\n<p>J\u00e1 localidades onde n\u00e3o h\u00e1 infesta\u00e7\u00e3o dever\u00e3o realizar monitoramento por ovitrampa ou larvitrampa (armadilhas que identificam a presen\u00e7a de mosquitos na regi\u00e3o) ou outra metodologia validada. As informa\u00e7\u00f5es geradas ap\u00f3s cada levantamento realizado dever\u00e3o ser consolidadas pelas secretarias estaduais de sa\u00fade e enviadas ao minist\u00e9rio. A resolu\u00e7\u00e3o entra em vigor hoje.<\/p>\n<p>Em 2016, das 3.704 cidades aptas a participar do LIRAa, 2.284 integraram a edi\u00e7\u00e3o \u2013 o equivalente a 62,6% do total. Os dados mostram que, at\u00e9 novembro do ano passado, pelo menos 885 munic\u00edpios brasileiros estavam em situa\u00e7\u00e3o de alerta ou de risco de surto para dengue, Zika e chikungunya. O n\u00famero representa 37,4% das cidades pesquisadas.<\/p>\n<div class=\"node-info\">Edi\u00e7\u00e3o: <strong>Maria Claudia<\/strong><\/div>\n<\/div>\n","protected":false},"excerpt":{"rendered":"<p>Resolu\u00e7\u00e3o do Minist\u00e9rio da Sa\u00fade publicada ontem (27) no Di\u00e1rio Oficial da Uni\u00e3o torna obrigat\u00f3ria<\/p>\n","protected":false},"author":7,"featured_media":58723,"comment_status":"open","ping_status":"open","sticky":false,"template":"","format":"standard","meta":[],"categories":[],"tags":[],"uagb_featured_image_src":{"full":["https:\/\/espacoecologico.com.br\/arquivo\/wp-content\/uploads\/2017\/01\/zica.jpg",415,265,false],"thumbnail":["https:\/\/espacoecologico.com.br\/arquivo\/wp-content\/uploads\/2017\/01\/zica-150x150.jpg",150,150,true],"medium":["https:\/\/espacoecologico.com.br\/arquivo\/wp-content\/uploads\/2017\/01\/zica-300x192.jpg",300,192,true],"medium_large":["https:\/\/espacoecologico.com.br\/arquivo\/wp-content\/uploads\/2017\/01\/zica.jpg",415,265,false],"large":["https:\/\/espacoecologico.com.br\/arquivo\/wp-content\/uploads\/2017\/01\/zica.jpg",415,265,false],"1536x1536":["https:\/\/espacoecologico.com.br\/arquivo\/wp-content\/uploads\/2017\/01\/zica.jpg",415,265,false],"2048x2048":["https:\/\/espacoecologico.com.br\/arquivo\/wp-content\/uploads\/2017\/01\/zica.jpg",415,265,false],"cream-magazine-thumbnail-2":["https:\/\/espacoecologico.com.br\/arquivo\/wp-content\/uploads\/2017\/01\/zica.jpg",415,265,false],"cream-magazine-thumbnail-3":["https:\/\/espacoecologico.com.br\/arquivo\/wp-content\/uploads\/2017\/01\/zica.jpg",415,265,false],"cream-magazine-thumbnail-4":["https:\/\/espacoecologico.com.br\/arquivo\/wp-content\/uploads\/2017\/01\/zica.jpg",415,265,false]},"uagb_author_info":{"display_name":"","author_link":"https:\/\/espacoecologico.com.br\/arquivo\/author\/"},"uagb_comment_info":0,"uagb_excerpt":"Resolu\u00e7\u00e3o do Minist\u00e9rio da Sa\u00fade publicada ontem (27) no Di\u00e1rio Oficial da Uni\u00e3o torna obrigat\u00f3ria","_links":{"self":[{"href":"https:\/\/espacoecologico.com.br\/arquivo\/wp-json\/wp\/v2\/posts\/58722"}],"collection":[{"href":"https:\/\/espacoecologico.com.br\/arquivo\/wp-json\/wp\/v2\/posts"}],"about":[{"href":"https:\/\/espacoecologico.com.br\/arquivo\/wp-json\/wp\/v2\/types\/post"}],"author":[{"embeddable":true,"href":"https:\/\/espacoecologico.com.br\/arquivo\/wp-json\/wp\/v2\/users\/7"}],"replies":[{"embeddable":true,"href":"https:\/\/espacoecologico.com.br\/arquivo\/wp-json\/wp\/v2\/comments?post=58722"}],"version-history":[{"count":0,"href":"https:\/\/espacoecologico.com.br\/arquivo\/wp-json\/wp\/v2\/posts\/58722\/revisions"}],"wp:featuredmedia":[{"embeddable":true,"href":"https:\/\/espacoecologico.com.br\/arquivo\/wp-json\/wp\/v2\/media\/58723"}],"wp:attachment":[{"href":"https:\/\/espacoecologico.com.br\/arquivo\/wp-json\/wp\/v2\/media?parent=58722"}],"wp:term":[{"taxonomy":"category","embeddable":true,"href":"https:\/\/espacoecologico.com.br\/arquivo\/wp-json\/wp\/v2\/categories?post=58722"},{"taxonomy":"post_tag","embeddable":true,"href":"https:\/\/espacoecologico.com.br\/arquivo\/wp-json\/wp\/v2\/tags?post=58722"}],"curies":[{"name":"wp","href":"https:\/\/api.w.org\/{rel}","templated":true}]}}