{"id":58711,"date":"2017-01-28T09:32:16","date_gmt":"2017-01-28T12:32:16","guid":{"rendered":"https:\/\/espacoecologico.com.br\/arquivo\/?p=58711"},"modified":"2017-01-28T09:32:16","modified_gmt":"2017-01-28T12:32:16","slug":"sudema-desenvolve-projeto-de-conscientizacao-ambiental-em-praias-paraibanas","status":"publish","type":"post","link":"https:\/\/espacoecologico.com.br\/arquivo\/sudema-desenvolve-projeto-de-conscientizacao-ambiental-em-praias-paraibanas\/","title":{"rendered":"Sudema desenvolve projeto de conscientiza\u00e7\u00e3o ambiental em praias paraibanas"},"content":{"rendered":"<div id=\"attachment_118152\" class=\"wp-caption aligncenter\" style=\"width: 649px;\"><img loading=\"lazy\" class=\"wp-image-118152      lazyloaded\" src=\"http:\/\/paraibaonline.net.br\/wp-content\/uploads\/2017\/01\/unnamed-3-13-556x417.jpg\" sizes=\"(max-width: 556px) 100vw, 556px\" srcset=\"http:\/\/paraibaonline.net.br\/wp-content\/uploads\/2017\/01\/unnamed-3-13-556x417.jpg 556w, http:\/\/paraibaonline.net.br\/wp-content\/uploads\/2017\/01\/unnamed-3-13.jpg 800w\" width=\"639\" height=\"479\" data-lazy-src=\"http:\/\/paraibaonline.net.br\/wp-content\/uploads\/2017\/01\/unnamed-3-13-556x417.jpg\" data-lazy-srcset=\"http:\/\/paraibaonline.net.br\/wp-content\/uploads\/2017\/01\/unnamed-3-13-556x417.jpg 556w, http:\/\/paraibaonline.net.br\/wp-content\/uploads\/2017\/01\/unnamed-3-13.jpg 800w\" data-lazy-sizes=\"(max-width: 556px) 100vw, 556px\" \/><\/p>\n<p class=\"wp-caption-text\">Foto: Secom\/PB<\/p>\n<\/div>\n<p>Semear a educa\u00e7\u00e3o ambiental nos usu\u00e1rios e comerciantes das praias paraibanas para diminuir os impactos que os res\u00edduos s\u00f3lidos provocam no ecossistema marinho. \u00c9 com este objetivo que a Superintend\u00eancia de Administra\u00e7\u00e3o do Meio Ambiente (Sudema), \u00a0por meio das Coordenadorias de Educa\u00e7\u00e3o Ambiental e \u00a0Estudos Ambientais, vem \u00a0realizando um trabalho de educa\u00e7\u00e3o ambiental e distribuindo materiais educativos e sacos pl\u00e1sticos nas praias com maior fluxo de banhistas. A a\u00e7\u00e3o faz parte das atividades do projeto Praia Limpa Ver\u00e3o Rico.<\/p>\n<p>O superintendente da Sudema, Jo\u00e3o Machado Sobrinho, \u00a0explicou a proposta do projeto. \u201cPor meio de a\u00e7\u00f5es proativas, estamos sensibilizando os banhistas, pedestres e os comerciantes locais sobre \u00a0a preserva\u00e7\u00e3o ambiental, ressaltando a import\u00e2ncia de uma praia limpa, tanto para o crescimento do turismo, como tamb\u00e9m para a manuten\u00e7\u00e3o e preserva\u00e7\u00e3o da biodiversidade marinha\u201d, destacou.<\/p>\n<p>A coordenadora da Educa\u00e7\u00e3o Ambiental, Themis Salvador, por sua vez, \u00a0ressaltou a import\u00e2ncia da participa\u00e7\u00e3o da popula\u00e7\u00e3o.<\/p>\n<p>\u201cEstamos felizes com a aceita\u00e7\u00e3o do projeto pela popula\u00e7\u00e3o. Com a preserva\u00e7\u00e3o das nossas praias todos ganhar\u00e3o, tanto turistas, quanto os usu\u00e1rios, por usufru\u00edrem de praias limpas, com boa balneabilidade\u201d, observou.<\/p>\n<p>O taxista Ant\u00f4nio Guedes \u00a0destacou \u00a0a import\u00e2ncia de \u00a0a\u00e7\u00f5es como essas:<\/p>\n<div id=\"attachment_118153\" class=\"wp-caption aligncenter\" style=\"width: 649px;\"><img loading=\"lazy\" class=\"wp-image-118153      lazyloaded\" src=\"http:\/\/paraibaonline.net.br\/wp-content\/uploads\/2017\/01\/unnamed-5-12-556x417.jpg\" sizes=\"(max-width: 556px) 100vw, 556px\" srcset=\"http:\/\/paraibaonline.net.br\/wp-content\/uploads\/2017\/01\/unnamed-5-12-556x417.jpg 556w, http:\/\/paraibaonline.net.br\/wp-content\/uploads\/2017\/01\/unnamed-5-12.jpg 800w\" width=\"639\" height=\"479\" data-lazy-src=\"http:\/\/paraibaonline.net.br\/wp-content\/uploads\/2017\/01\/unnamed-5-12-556x417.jpg\" data-lazy-srcset=\"http:\/\/paraibaonline.net.br\/wp-content\/uploads\/2017\/01\/unnamed-5-12-556x417.jpg 556w, http:\/\/paraibaonline.net.br\/wp-content\/uploads\/2017\/01\/unnamed-5-12.jpg 800w\" data-lazy-sizes=\"(max-width: 556px) 100vw, 556px\" \/><\/p>\n<p class=\"wp-caption-text\">Foto: Secom\/PB<\/p>\n<\/div>\n<p>\u201cA conscientiza\u00e7\u00e3o ambiental \u00e9 fundamental, pois temos que preservar nossas praias. Todo mundo gosta de estar em um local limpo. Esse trabalho de orienta\u00e7\u00e3o \u00e9 muito bom e levarei essa conscientiza\u00e7\u00e3o aos meus clientes e familiares\u201d.<\/p>\n<p>As atividades \u00a0est\u00e3o acontecendo nas praias com maior fluxo de banhistas no ver\u00e3o, a exemplo da Penha, Bessa, Cabo Branco e Tamba\u00fa, em Jo\u00e3o Pessoa, Tabatinga, no \u00a0Conde, \u00a0Praia Bela, em Pitimbu, Barra de Camaratuba, em Mataraca, e em \u00a0Lucena, no litoral norte. As a\u00e7\u00f5es v\u00e3o at\u00e9 o dia 3 de fevereiro e acontecem das 8h \u00e0s 11h.<\/p>\n","protected":false},"excerpt":{"rendered":"<p>Foto: Secom\/PB Semear a educa\u00e7\u00e3o ambiental nos usu\u00e1rios e comerciantes das praias paraibanas para diminuir<\/p>\n","protected":false},"author":7,"featured_media":0,"comment_status":"open","ping_status":"open","sticky":false,"template":"","format":"standard","meta":[],"categories":[],"tags":[],"uagb_featured_image_src":{"full":false,"thumbnail":false,"medium":false,"medium_large":false,"large":false,"1536x1536":false,"2048x2048":false,"cream-magazine-thumbnail-2":false,"cream-magazine-thumbnail-3":false,"cream-magazine-thumbnail-4":false},"uagb_author_info":{"display_name":"","author_link":"https:\/\/espacoecologico.com.br\/arquivo\/author\/"},"uagb_comment_info":0,"uagb_excerpt":"Foto: Secom\/PB Semear a educa\u00e7\u00e3o ambiental nos usu\u00e1rios e comerciantes das praias paraibanas para diminuir","_links":{"self":[{"href":"https:\/\/espacoecologico.com.br\/arquivo\/wp-json\/wp\/v2\/posts\/58711"}],"collection":[{"href":"https:\/\/espacoecologico.com.br\/arquivo\/wp-json\/wp\/v2\/posts"}],"about":[{"href":"https:\/\/espacoecologico.com.br\/arquivo\/wp-json\/wp\/v2\/types\/post"}],"author":[{"embeddable":true,"href":"https:\/\/espacoecologico.com.br\/arquivo\/wp-json\/wp\/v2\/users\/7"}],"replies":[{"embeddable":true,"href":"https:\/\/espacoecologico.com.br\/arquivo\/wp-json\/wp\/v2\/comments?post=58711"}],"version-history":[{"count":0,"href":"https:\/\/espacoecologico.com.br\/arquivo\/wp-json\/wp\/v2\/posts\/58711\/revisions"}],"wp:attachment":[{"href":"https:\/\/espacoecologico.com.br\/arquivo\/wp-json\/wp\/v2\/media?parent=58711"}],"wp:term":[{"taxonomy":"category","embeddable":true,"href":"https:\/\/espacoecologico.com.br\/arquivo\/wp-json\/wp\/v2\/categories?post=58711"},{"taxonomy":"post_tag","embeddable":true,"href":"https:\/\/espacoecologico.com.br\/arquivo\/wp-json\/wp\/v2\/tags?post=58711"}],"curies":[{"name":"wp","href":"https:\/\/api.w.org\/{rel}","templated":true}]}}