{"id":58709,"date":"2017-01-28T09:29:17","date_gmt":"2017-01-28T12:29:17","guid":{"rendered":"https:\/\/espacoecologico.com.br\/arquivo\/?p=58709"},"modified":"2017-01-28T09:29:17","modified_gmt":"2017-01-28T12:29:17","slug":"o-clima-mudou-e-a-hora-de-mudarmos-tambem","status":"publish","type":"post","link":"https:\/\/espacoecologico.com.br\/arquivo\/o-clima-mudou-e-a-hora-de-mudarmos-tambem\/","title":{"rendered":"O clima mudou, \u00e9 a hora de mudarmos tamb\u00e9m"},"content":{"rendered":"<div id=\"attachment_218400\" class=\"wp-caption alignright\"><img loading=\"lazy\" class=\"wp-image-218400\" src=\"http:\/\/www.envolverde.com.br\/wp-content\/uploads\/Ferretti-Foto-Gisele-Koprowski-1.jpg\" sizes=\"(max-width: 340px) 100vw, 340px\" srcset=\"http:\/\/www.envolverde.com.br\/wp-content\/uploads\/Ferretti-Foto-Gisele-Koprowski-1.jpg 600w, http:\/\/www.envolverde.com.br\/wp-content\/uploads\/Ferretti-Foto-Gisele-Koprowski-1-300x200.jpg 300w, http:\/\/www.envolverde.com.br\/wp-content\/uploads\/Ferretti-Foto-Gisele-Koprowski-1-272x182.jpg 272w\" width=\"340\" height=\"227\" \/><\/p>\n<p class=\"wp-caption-text\">Ferretti. Foto Gisele Koprowski<\/p>\n<\/div>\n<p><strong><em>Por Andr\u00e9 Ferretti*<\/em><\/strong><\/p>\n<p>Eventos clim\u00e1ticos extremos, como secas e chuvas fortes, t\u00eam se tornado cada vez mais frequentes no Brasil. E junto com eles, preju\u00edzos diretos a diversos segmentos sociais e econ\u00f4micos, aos quais est\u00e3o ligados, direta ou indiretamente, os mais de 200 milh\u00f5es de brasileiros, como a agropecu\u00e1ria, que depende de fen\u00f4menos clim\u00e1ticos em certa intensidade e em determinados per\u00edodos para garantir sua produtividade.<\/p>\n<p>O novo relat\u00f3rio do Banco Mundial \u201cUnbreakable: Building the Resilience of the Poor in the Face of Natural Disasters\u201d (Persist\u00eancia: construindo a resili\u00eancia dos mais pobres frente a desastres naturais \u2013 em tradu\u00e7\u00e3o livre) traz dados sobre a perspectiva socioecon\u00f4mica do impacto de tais fen\u00f4menos. Segundo o documento, interven\u00e7\u00f5es para tornar as sociedades mais resilientes a eventos clim\u00e1ticos resultariam em uma economia de 100 bilh\u00f5es de d\u00f3lares por ano a pa\u00edses e comunidades. O relat\u00f3rio foi lan\u00e7ado, oportunamente, durante a 22\u00aa Confer\u00eancia das Partes da Conven\u00e7\u00e3o-Quadro das Na\u00e7\u00f5es Unidas sobre Mudan\u00e7a do Clima, a COP22, no Marrocos, em novembro passado.<\/p>\n<p><img loading=\"lazy\" class=\"wide-thumbnail\" title=\"O clima mudou, \u00e9 a hora de mudarmos tamb\u00e9m\" src=\"http:\/\/www.envolverde.com.br\/wp-content\/uploads\/2015\/07\/temperaturaaltashutterstock_123362254-630x315.jpg\" alt=\"O clima mudou, \u00e9 a hora de mudarmos tamb\u00e9m\" width=\"640\" height=\"320\" \/><\/p>\n<p>J\u00e1 o estudo \u201cValorando tempestades\u201d, realizado pelo Grupo de Economia do Meio Ambiente da Universidade Federal do Rio Janeiro, aponta que entre 2002 e 2012 a perda do Brasil s\u00f3 com desastres clim\u00e1ticos extremos relacionados a chuvas foi, em m\u00e9dia, de R$ 278 bilh\u00f5es.<\/p>\n<p>\u00c9 evidente a rela\u00e7\u00e3o entre o aumento da intensidade e periodicidade de eventos extremos e o aumento da temperatura m\u00e9dia do nosso planeta. O ano de 2016 foi o mais quente desde que come\u00e7aram os registros de temperatura, no fim do s\u00e9culo 19. O desequil\u00edbrio do clima tornou-se realidade e engana-se quem acredita que os impactados ser\u00e3o apenas ursos polares ilhados em blocos de gelo. O impacto j\u00e1 est\u00e1 acontecendo aqui e agora.<\/p>\n<p>Mais do que necess\u00e1rio para garantir a resili\u00eancia da humanidade aos impactos da mudan\u00e7a clim\u00e1tica, o investimento em estrat\u00e9gias de adapta\u00e7\u00e3o, em tecnologia e meios de produ\u00e7\u00e3o renov\u00e1veis e de baixo carbono \u00e9 inteligente, pois economiza valores enormes em perdas e preju\u00edzos causados pelo clima.<\/p>\n<p>As pr\u00f3ximas duas d\u00e9cadas ser\u00e3o decisivas para o futuro clim\u00e1tico do planeta, exigindo grandes transforma\u00e7\u00f5es. Sairemos de uma sociedade alicer\u00e7ada na energia f\u00f3ssil e nos motores a combust\u00e3o para algo muito diferente e que mudar\u00e1 o nosso modo de vida e das futuras gera\u00e7\u00f5es. Deixar de utilizar materiais f\u00f3sseis significa o desaparecimento de produtos derivados de petr\u00f3leo e seus subprodutos como asfalto, gasolina, pl\u00e1stico, isopor e muitos outros.<\/p>\n<p>Como suas op\u00e7\u00f5es de consumo hoje est\u00e3o contribuindo para criar uma sociedade de baixo carbono, que polua menos e emita menos gases causadores da mudan\u00e7a clim\u00e1tica? Quais oportunidades de novos neg\u00f3cios surgir\u00e3o a partir dessas mudan\u00e7as na forma como consumimos? Novas ideias que caminhem nessa dire\u00e7\u00e3o ser\u00e3o l\u00edderes de mercado em um futuro muito pr\u00f3ximo. \u00c9 hora de sair na frente e mudar para melhor. (<em>#Envolverde)<\/em><\/p>\n<p><em>* <strong>Andr\u00e9 Ferretti<\/strong> \u00e9 gerente de Estrat\u00e9gias de Conserva\u00e7\u00e3o da Funda\u00e7\u00e3o Grupo Botic\u00e1rio de Prote\u00e7\u00e3o \u00e0 Natureza, coordenador geral do Observat\u00f3rio do Clima (OC) e membro da Rede de Especialistas em Conserva\u00e7\u00e3o da Natureza.<\/em><\/p>\n","protected":false},"excerpt":{"rendered":"<p>Ferretti. Foto Gisele Koprowski Por Andr\u00e9 Ferretti* Eventos clim\u00e1ticos extremos, como secas e chuvas fortes,<\/p>\n","protected":false},"author":7,"featured_media":0,"comment_status":"open","ping_status":"open","sticky":false,"template":"","format":"standard","meta":[],"categories":[],"tags":[],"uagb_featured_image_src":{"full":false,"thumbnail":false,"medium":false,"medium_large":false,"large":false,"1536x1536":false,"2048x2048":false,"cream-magazine-thumbnail-2":false,"cream-magazine-thumbnail-3":false,"cream-magazine-thumbnail-4":false},"uagb_author_info":{"display_name":"","author_link":"https:\/\/espacoecologico.com.br\/arquivo\/author\/"},"uagb_comment_info":0,"uagb_excerpt":"Ferretti. Foto Gisele Koprowski Por Andr\u00e9 Ferretti* Eventos clim\u00e1ticos extremos, como secas e chuvas fortes,","_links":{"self":[{"href":"https:\/\/espacoecologico.com.br\/arquivo\/wp-json\/wp\/v2\/posts\/58709"}],"collection":[{"href":"https:\/\/espacoecologico.com.br\/arquivo\/wp-json\/wp\/v2\/posts"}],"about":[{"href":"https:\/\/espacoecologico.com.br\/arquivo\/wp-json\/wp\/v2\/types\/post"}],"author":[{"embeddable":true,"href":"https:\/\/espacoecologico.com.br\/arquivo\/wp-json\/wp\/v2\/users\/7"}],"replies":[{"embeddable":true,"href":"https:\/\/espacoecologico.com.br\/arquivo\/wp-json\/wp\/v2\/comments?post=58709"}],"version-history":[{"count":0,"href":"https:\/\/espacoecologico.com.br\/arquivo\/wp-json\/wp\/v2\/posts\/58709\/revisions"}],"wp:attachment":[{"href":"https:\/\/espacoecologico.com.br\/arquivo\/wp-json\/wp\/v2\/media?parent=58709"}],"wp:term":[{"taxonomy":"category","embeddable":true,"href":"https:\/\/espacoecologico.com.br\/arquivo\/wp-json\/wp\/v2\/categories?post=58709"},{"taxonomy":"post_tag","embeddable":true,"href":"https:\/\/espacoecologico.com.br\/arquivo\/wp-json\/wp\/v2\/tags?post=58709"}],"curies":[{"name":"wp","href":"https:\/\/api.w.org\/{rel}","templated":true}]}}